{"id":10074,"date":"2022-09-10T10:30:03","date_gmt":"2022-09-10T13:30:03","guid":{"rendered":"https:\/\/www.futbox.com\/blog\/?p=10074"},"modified":"2022-11-03T17:40:14","modified_gmt":"2022-11-03T20:40:14","slug":"espanha-e-portugal-sao-favoritos-para-sediar-copa-do-mundo-de-2030","status":"publish","type":"post","link":"https:\/\/www.futbox.com\/blog\/campeonatos\/espanha-e-portugal-sao-favoritos-para-sediar-copa-do-mundo-de-2030","title":{"rendered":"Espanha e Portugal s\u00e3o favoritos para sediar Copa do Mundo de 2030"},"content":{"rendered":"<p>A Copa do Mundo deste ano, no Catar, est\u00e1 perto de come\u00e7ar. A competi\u00e7\u00e3o marcada para novembro tem entre os seus favoritos o Brasil, a Fran\u00e7a e a Argentina, segundo sites de apostas como <a href=\"https:\/\/www.apostasesportivasbonus.com\/22bet-cassino\" target=\"_blank\" rel=\"noopener\">22bet<\/a>. A sele\u00e7\u00e3o comandada por Tite, \u00e9 bom lembrar, estreia no dia 24 de novembro, contra a S\u00e9rvia, \u00e0s 16h (hor\u00e1rio de Bras\u00edlia).<\/p>\n<p>Mas, enquanto os \u00faltimos preparativos para a Copa do Catar s\u00e3o feitos, a Fifa j\u00e1 come\u00e7a a escolher os pa\u00edses que v\u00e3o sediar as pr\u00f3ximas edi\u00e7\u00f5es da competi\u00e7\u00e3o. Em 2026, a Copa ser\u00e1 realizada de maneira conjunta, sob as ordens dos EUA, Canad\u00e1 e M\u00e9xico.<\/p>\n<p>Agora, a disputa est\u00e1 no Mundial de 2030, e alguns pa\u00edses j\u00e1 se manifestaram em torno da possibilidade. Mas, para o presidente da UEFA, Aleksander Ceferin, a competi\u00e7\u00e3o j\u00e1 tem dono. Ou melhor: donos, j\u00e1 que, para ele, Espanha e Portugal est\u00e3o entre os favoritos.<\/p>\n<p>Os dois pa\u00edses assinaram um acordo em 2020 para uma candidatura conjunta para sediar o torneio. Em junho, as na\u00e7\u00f5es oficializaram a proposta junto \u00e0 Fifa.<\/p>\n<p><em>&#8220;Tenho certeza de que a Copa do Mundo de 2030 ser\u00e1 disputada na Espanha e em Portugal&#8221;<\/em>, disse Ceferin por videoconfer\u00eancia durante a abertura do congresso internacional Football Talks, em Lisboa, na semana passada.<\/p>\n<p><em>&#8220;Esta candidatura \u00e9 vencedora e faremos todo o poss\u00edvel para ajudar dois pa\u00edses que s\u00e3o apaixonados, vivem e respiram futebol e que t\u00eam uma boa infraestrutura&#8221;<\/em>, acrescentou o dirigente, que comanda a principal entidade do futebol europeu.<\/p>\n<p>Um total de 14 est\u00e1dios em 12 cidades foram oferecidos para estar entre os 11 est\u00e1dios espanh\u00f3is esperados para sediar jogos se a candidatura ib\u00e9rica for bem-sucedida na vota\u00e7\u00e3o da FIFA em maio do ano que vem. Portugal colocar\u00e1 tr\u00eas est\u00e1dios em considera\u00e7\u00e3o.<\/p>\n<p>A Espanha sediou a Copa do Mundo de 1982 e lan\u00e7ou uma candidatura fracassada junto com Portugal para sediar o torneio de 2018, que aconteceu na R\u00fassia. Portugal nunca sediou o Mundial, mas realizou a Eurocopa de 2004, quando chegou \u00e0 final, mas foi derrotado pela surpreendente sele\u00e7\u00e3o da Gr\u00e9cia.<\/p>\n<p>A candidatura conjunta de Espanha e Portugal, no entanto, n\u00e3o \u00e9 a \u00fanica a pleitear a possibilidade de sediar a Copa. Na Am\u00e9rica do Sul, Argentina, Paraguai, Chile e Uruguai tamb\u00e9m sonham com a chance de ter o Mundial em seus pa\u00edses.<\/p>\n<p>A ideia, al\u00e9m de trazer a competi\u00e7\u00e3o mais uma vez para a Am\u00e9rica do Sul \u2014 a \u00faltima vez foi a Copa de 2014, no Brasil \u2014 os uruguaios tentam usar o sentimentalismo como forma de convencimento, j\u00e1 que a primeira Copa do Mundo, em 1930, foi sediada no pa\u00eds. Assim, a ideia \u00e9 levar o torneio ao pa\u00eds novamente 100 anos ap\u00f3s sua estreia.<\/p>\n<p>As quatro federa\u00e7\u00f5es do Reino Unido contemplaram uma candidatura conjunta com a Irlanda, enquanto a Bulg\u00e1ria, S\u00e9rvia, Gr\u00e9cia e Rom\u00e9nia tamb\u00e9m planearam uma candidatura conjunta, embora ambas tenham sido retiradas.<\/p>\n<p>Abaixo, a lista espanhola provis\u00f3ria de cidades para receber o mundial. Em Portugal, as cidades de Lisboa e Porto j\u00e1 est\u00e3o confirmadas:<\/p>\n<p>&nbsp;<\/p>\n<h3>Bala\u00eddos, Vigo<\/h3>\n<h3>Riazor, LA Corunha<\/h3>\n<h3>El Molin\u00f3n, Gij\u00f3n<\/h3>\n<h3>San Mam\u00e9s, Bilbao<\/h3>\n<h3>Anoeta, San Sebasti\u00e1n<\/h3>\n<h3>La Romareda, Sarago\u00e7a<\/h3>\n<h3>Camp Nou, Barcelona<\/h3>\n<h3>Est\u00e1dio RCDE &#8211; Cornell\u00e1-El Prat, Barcelona<\/h3>\n<h3>Santiago Bernab\u00e9u, Madrid<\/h3>\n<h3>Metropolitano, Madri<\/h3>\n<h3>Nuevo Mestalla, Val\u00eancia<\/h3>\n<h3>Nueva Condomina, Murcia<\/h3>\n<h3>La Cartuja, Sevilha<\/h3>\n<h3>La Rosaleda, M\u00e1laga<\/h3>\n<h3>Gran Can\u00e1ria &#8211; Las Palmas, Ilhas Can\u00e1rias<\/h3>\n<p>&nbsp;<\/p>\n<p>Foto de capa: Fabrice Coffrini | AFP<\/p>\n<p>&nbsp;<\/p>\n<p>&nbsp;<\/p>\n","protected":false},"excerpt":{"rendered":"<p>Segundo presidente da UEFA, Aleksander Ceferin, candidatura ib\u00e9rica tem muitas chances de vencer disputa na Fifa.<\/p>\n","protected":false},"author":14,"featured_media":10079,"comment_status":"open","ping_status":"open","sticky":false,"template":"","format":"standard","meta":{"footnotes":""},"categories":[12,24],"tags":[1605,1603,959,494,324,365,195,1604,825,1163,1055,810,1054,217,696,1348,448,228,905,498,1046,1252,404,259,683,665,1484,196,192,819,1478,769,732,447,728,461,230,366,585,811,1224,325,490,664,609,658,660],"class_list":["post-10074","post","type-post","status-publish","format-standard","has-post-thumbnail","hentry","category-campeonatos","category-selecoes","tag-22-bet","tag-aleksander-ceferin","tag-apostas","tag-argentina","tag-barcelona","tag-benfica","tag-brasil","tag-brazil","tag-cap","tag-casino","tag-cassino","tag-catar","tag-catar-2022","tag-copa-do-mundo","tag-cr7","tag-crf","tag-cristiano-ronaldo","tag-cruzeiro","tag-espana","tag-espanha","tag-fc-barcelona","tag-fc-porto","tag-fifa","tag-flamengo","tag-franca","tag-france","tag-francia","tag-futbox","tag-galo","tag-la-liga","tag-lisboa","tag-madrid","tag-mbappe","tag-messi","tag-mundial","tag-neymar","tag-palmeiras","tag-porto","tag-portugal","tag-qatar","tag-qatar-2022","tag-real-madrid","tag-ronaldo","tag-spain","tag-tite","tag-uefa","tag-world-cup"],"_links":{"self":[{"href":"https:\/\/www.futbox.com\/blog\/wp-json\/wp\/v2\/posts\/10074","targetHints":{"allow":["GET"]}}],"collection":[{"href":"https:\/\/www.futbox.com\/blog\/wp-json\/wp\/v2\/posts"}],"about":[{"href":"https:\/\/www.futbox.com\/blog\/wp-json\/wp\/v2\/types\/post"}],"author":[{"embeddable":true,"href":"https:\/\/www.futbox.com\/blog\/wp-json\/wp\/v2\/users\/14"}],"replies":[{"embeddable":true,"href":"https:\/\/www.futbox.com\/blog\/wp-json\/wp\/v2\/comments?post=10074"}],"version-history":[{"count":4,"href":"https:\/\/www.futbox.com\/blog\/wp-json\/wp\/v2\/posts\/10074\/revisions"}],"predecessor-version":[{"id":10077,"href":"https:\/\/www.futbox.com\/blog\/wp-json\/wp\/v2\/posts\/10074\/revisions\/10077"}],"wp:featuredmedia":[{"embeddable":true,"href":"https:\/\/www.futbox.com\/blog\/wp-json\/wp\/v2\/media\/10079"}],"wp:attachment":[{"href":"https:\/\/www.futbox.com\/blog\/wp-json\/wp\/v2\/media?parent=10074"}],"wp:term":[{"taxonomy":"category","embeddable":true,"href":"https:\/\/www.futbox.com\/blog\/wp-json\/wp\/v2\/categories?post=10074"},{"taxonomy":"post_tag","embeddable":true,"href":"https:\/\/www.futbox.com\/blog\/wp-json\/wp\/v2\/tags?post=10074"}],"curies":[{"name":"wp","href":"https:\/\/api.w.org\/{rel}","templated":true}]}}