{"id":10272,"date":"2022-11-17T12:25:43","date_gmt":"2022-11-17T15:25:43","guid":{"rendered":"https:\/\/www.futbox.com\/blog\/?p=10272"},"modified":"2026-03-06T09:02:33","modified_gmt":"2026-03-06T12:02:33","slug":"oficial-e-a-paixao","status":"publish","type":"post","link":"https:\/\/www.futbox.com\/blog\/futebol-design\/oficial-e-a-paixao","title":{"rendered":"Oficial \u00e9 a Paix\u00e3o"},"content":{"rendered":"<p>O <a href=\"https:\/\/www.futbox.com\/pt\/\" target=\"_blank\" rel=\"noopener\">Portal FUTBOX &#8211; Centro de Pesquisa Gr\u00e1fica sobre Futebol<\/a> relan\u00e7a a Campanha <strong>\u201cOficial \u00e9 a Paix\u00e3o\u201d<\/strong>, onde o torcedor tem a possibilidade de <strong>baixar o escudo do Brasil (personalizado com a ilustra\u00e7\u00e3o da Ta\u00e7a Jules Rimet) e criar sua pr\u00f3pria camisa da sele\u00e7\u00e3o<\/strong>. Dessa forma, celebrar a \u00fanica coisa oficial que importa para o torcedor: <strong>a paix\u00e3o pelo futebol e pela sele\u00e7\u00e3o brasileira<\/strong>.<\/p>\n<p>A campanha foi criada em 2018 pelo fundador e CEO do FUTBOX, <a href=\"https:\/\/linktr.ee\/adrianoavila\" target=\"_blank\" rel=\"noopener\">Adriano \u00c1vila<\/a>. O objetivo \u00e9 <strong>exaltar o sentimento gratuito e natural que existe nos brasileiros em rela\u00e7\u00e3o ao futebol<\/strong>, al\u00e9m de resgatar a cumplicidade com a sele\u00e7\u00e3o brasileira, algo que se encontra bem acanhado e distante, desde os fat\u00eddicos 7&#215;1 (derrota do Brasil para a Alemanha) doze anos atr\u00e1s. Adriano comenta:<\/p>\n<p><em>\u201cO slogan e tamb\u00e9m a hashtag da Campanha \u2013 <strong>#Oficial\u00e9aPaix\u00e3o<\/strong> \u2013 s\u00e3o para nos lembrar que certas coisas s\u00e3o gratuitas e podem ser, ao mesmo tempo, oficias hoje em dia, fato raro, pois tudo que cerca o futebol e, principalmente a sele\u00e7\u00e3o, v\u00eam com a obriga\u00e7\u00e3o de ser oficial: emissora oficial, camisa oficial, patrocinador oficial, camarote oficial, barbeador oficial, shampoo oficial, etc. <strong>Por\u00e9m, existe algo que \u00e9 eterno e sempre ser\u00e1 oficial, ao contr\u00e1rio dos exemplos anteriores, que \u00e9 a paix\u00e3o do torcedor pelo futebol<\/strong>.\u201d<\/em><\/p>\n<p>E completa:<\/p>\n<p><em>\u201cPercebendo tudo isso, que se repete no dia a dia do torcedor brasileiro, surgiu a campanha <strong>#Oficial\u00e9aPaix\u00e3o<\/strong> que, inclusive, teve sua primeira vers\u00e3o em 2018. O resultado foi um escudo atemporal, sem men\u00e7\u00e3o \u00e0 nenhuma institui\u00e7\u00e3o, mas com elementos gr\u00e1ficos de v\u00e1rias eras da sele\u00e7\u00e3o brasileira, que j\u00e1 foram oficiais em algum momento, mas hoje, deixaram de ser\u201d<\/em><\/p>\n<p>Todo o material e imagens referentes \u00e0 Campanha est\u00e3o disponibilizados gratuitamente no <strong>Blog do Futbox<\/strong>: <a href=\"https:\/\/www.futbox.com\/blog\" target=\"_blank\" rel=\"noopener\">https:\/\/www.futbox.com\/blog<\/a>. Fa\u00e7a o <em>download<\/em> do escudo e personalize sua pr\u00f3pria camisa!<\/p>\n<p>&nbsp;<\/p>\n<h3 class=\"graf graf--h3\">Veja as op\u00e7\u00f5es do escudo que voc\u00ea ir\u00e1 baixar:<\/h3>\n<p>&nbsp;<\/p>\n<div id=\"attachment_10276\" class=\"wp-caption aligncenter\" style=\"width: 1920px\"><a href=\"https:\/\/www.futbox.com\/blog\/wp-content\/uploads\/2022\/11\/release-01.jpg\"><img loading=\"lazy\" decoding=\"async\" class=\"wp-image-10276 size-full colorbox-10272\" src=\"https:\/\/www.futbox.com\/blog\/wp-content\/uploads\/2022\/11\/release-01.jpg\" alt=\"Design personalizado dos escudos da sele\u00e7\u00e3o.\" width=\"1920\" height=\"1080\" srcset=\"https:\/\/www.futbox.com\/blog\/wp-content\/uploads\/2022\/11\/release-01.jpg 1920w, https:\/\/www.futbox.com\/blog\/wp-content\/uploads\/2022\/11\/release-01-300x169.jpg 300w, https:\/\/www.futbox.com\/blog\/wp-content\/uploads\/2022\/11\/release-01-1024x576.jpg 1024w, https:\/\/www.futbox.com\/blog\/wp-content\/uploads\/2022\/11\/release-01-768x432.jpg 768w, https:\/\/www.futbox.com\/blog\/wp-content\/uploads\/2022\/11\/release-01-1536x864.jpg 1536w, https:\/\/www.futbox.com\/blog\/wp-content\/uploads\/2022\/11\/release-01-620x349.jpg 620w\" sizes=\"auto, (max-width: 1920px) 100vw, 1920px\" \/><\/a><p class=\"wp-caption-text\">Design personalizado dos escudos da sele\u00e7\u00e3o.<\/p><\/div>\n<p>&nbsp;<\/p>\n<div id=\"attachment_10277\" class=\"wp-caption aligncenter\" style=\"width: 1920px\"><a href=\"https:\/\/www.futbox.com\/blog\/wp-content\/uploads\/2022\/11\/release-02.jpg\"><img loading=\"lazy\" decoding=\"async\" class=\"wp-image-10277 size-full colorbox-10272\" src=\"https:\/\/www.futbox.com\/blog\/wp-content\/uploads\/2022\/11\/release-02.jpg\" alt=\"Design personalizado dos escudos da sele\u00e7\u00e3o.\" width=\"1920\" height=\"1080\" srcset=\"https:\/\/www.futbox.com\/blog\/wp-content\/uploads\/2022\/11\/release-02.jpg 1920w, https:\/\/www.futbox.com\/blog\/wp-content\/uploads\/2022\/11\/release-02-300x169.jpg 300w, https:\/\/www.futbox.com\/blog\/wp-content\/uploads\/2022\/11\/release-02-1024x576.jpg 1024w, https:\/\/www.futbox.com\/blog\/wp-content\/uploads\/2022\/11\/release-02-768x432.jpg 768w, https:\/\/www.futbox.com\/blog\/wp-content\/uploads\/2022\/11\/release-02-1536x864.jpg 1536w, https:\/\/www.futbox.com\/blog\/wp-content\/uploads\/2022\/11\/release-02-620x349.jpg 620w\" sizes=\"auto, (max-width: 1920px) 100vw, 1920px\" \/><\/a><p class=\"wp-caption-text\">Design personalizado dos escudos da sele\u00e7\u00e3o.<\/p><\/div>\n<p>&nbsp;<\/p>\n<p><strong>\u2022 Extens\u00e3o dos arquivos:<\/strong> PNG transparente em alta resolu\u00e7\u00e3o. Tamanho sugerido: 12cm de altura com as estrelas.<\/p>\n<p class=\"graf graf--h3\">\u2022 <strong class=\"markup--strong markup--p-strong\">Observa\u00e7\u00e3o: <\/strong>ap\u00f3s lavar, n\u00e3o passar o ferro em cima do escudo.<\/p>\n<p>&nbsp;<\/p>\n<h3 class=\"graf graf--h3\">&gt;&gt; Download escudo: <a href=\"https:\/\/drive.google.com\/drive\/folders\/1gi0Kf7QocYdvpTxBuIaXej5Am2ojiByb?usp=sharing\" target=\"_blank\" rel=\"noopener\">Futbox-Oficial-e\u0301-a-Paixa\u0303o<\/a><\/h3>\n<p>&nbsp;<\/p>\n<h3>Exemplos de impress\u00e3o dos escudos:<\/h3>\n<p>&nbsp;<\/p>\n<div class=\"wp-caption aligncenter\" style=\"width: 800px\"><a href=\"https:\/\/cdn-images-1.medium.com\/max\/800\/0*5F5xQaPXMVPK_SyD.jpg\"><img loading=\"lazy\" decoding=\"async\" class=\"graf-image colorbox-10272\" src=\"https:\/\/cdn-images-1.medium.com\/max\/800\/0*5F5xQaPXMVPK_SyD.jpg\" alt=\"Camisas personalizadas com o escudo #Oficial\u00e9aPaix\u00e3o\" width=\"800\" height=\"800\" data-image-id=\"0*5F5xQaPXMVPK_SyD.jpg\" data-width=\"1920\" data-height=\"1920\" \/><\/a><p class=\"wp-caption-text\">Camisas personalizadas com o escudo #Oficial\u00e9aPaix\u00e3o<\/p><\/div>\n<p>&nbsp;<\/p>\n<p><a href=\"https:\/\/cdn-images-1.medium.com\/max\/800\/0*oSPWdA4eO6FBySxn.jpg\"><img loading=\"lazy\" decoding=\"async\" class=\"graf-image colorbox-10272\" src=\"https:\/\/cdn-images-1.medium.com\/max\/800\/0*oSPWdA4eO6FBySxn.jpg\" alt=\"Camisas personalizadas com o escudo #Oficial\u00e9aPaix\u00e3o\" width=\"800\" height=\"600\" data-image-id=\"0*oSPWdA4eO6FBySxn.jpg\" data-width=\"1920\" data-height=\"1440\" \/><\/a><\/p>\n<p>&nbsp;<\/p>\n<h3 class=\"graf graf--h3\">&gt;&gt; Download escudo: <a href=\"https:\/\/drive.google.com\/drive\/folders\/1gi0Kf7QocYdvpTxBuIaXej5Am2ojiByb?usp=sharing\" target=\"_blank\" rel=\"noopener\">Futbox-Oficial-e\u0301-a-Paixa\u0303o<\/a><\/h3>\n<p>&nbsp;<\/p>\n<p>E lembre-se: aproveite a Copa, curta a sele\u00e7\u00e3o, ela \u00e9 de todos. Vibre com o futebol junto dos amigos, namorado(a)s e da fam\u00edlia. Compartilhe fotos e seus momentos de alegria nessa Copa com a <em>hashtag <strong>#Oficial\u00e9aPaix\u00e3o<\/strong><\/em>!<\/p>\n<p>&nbsp;<\/p>\n<p>&nbsp;<\/p>\n<div id=\"divSpdInText\">\n<div id=\"divSpdInText\">\n<div id=\"divSpdInText\">\n<div id=\"divSpdInText\"><\/div>\n<\/div>\n<\/div>\n<\/div>\n<div id=\"divSpdInText\">\n<div id=\"divSpdInText\">\n<div id=\"divSpdInText\">\n<div id=\"divSpdInText\">\n<div id=\"divSpdInText\">\n<div id=\"divSpdInText\">\n<div id=\"divSpdInText\">\n<div id=\"divSpdInText\">\n<h3>Veja tamb\u00e9m:<\/h3>\n<\/div>\n<p>&nbsp;<\/p>\n<p><a href=\"https:\/\/www.futbox.com\/blog\/clubes\/pele-imarcavel\" target=\"_blank\" rel=\"noopener\">Pel\u00e9, imarc\u00e1vel<\/a><\/p>\n<div id=\"divSpdInText\">\n<div id=\"divSpdInText\">\n<div id=\"divSpdInText\">\n<p><a href=\"https:\/\/www.futbox.com\/blog\/clubes\/metodologia-de-pesquisa-e-resgate-historico-fc\" target=\"_blank\" rel=\"noopener\">Metodologia de Pesquisa e Resgate Hist\u00f3rico FC<\/a><\/p>\n<p><a href=\"https:\/\/www.futbox.com\/blog\/clubes\/novo-escudo-oficial-do-crac-clube-recreativo-e-atletico-catalano\" target=\"_blank\" rel=\"noopener\">O novo escudo do CRAC: Clube Recreativo e Atl\u00e9tico Catalano<\/a><\/p>\n<p><a href=\"https:\/\/www.futbox.com\/blog\/clubes\/terceira-camisa-do-londrina-resgate-do-escudo-de-1980-e-versao-retro-da-marca-maxrun\" target=\"_blank\" rel=\"noopener\">Londrina: resgate do escudo de 1980 e vers\u00e3o retr\u00f4 da marca MaxRun<\/a><\/p>\n<p><a href=\"https:\/\/www.futbox.com\/blog\/clubes\/o-novo-escudo-oficial-do-goiatuba-esporte-clube\" target=\"_blank\" rel=\"noopener\">O novo escudo oficial do Goiatuba Esporte Clube<\/a><\/p>\n<p><a href=\"https:\/\/www.futbox.com\/blog\/clubes\/super-mundial-a-diminuicao-do-valor-dos-clubes-pela-entrada-dos-seus-jogadores-em-campo\" target=\"_blank\" rel=\"noopener\">Super Mundial: a diminui\u00e7\u00e3o do valor dos clubes pela entrada dos seus jogadores em campo<\/a><\/p>\n<\/div>\n<\/div>\n<\/div>\n<div id=\"divSpdInText\">\n<div id=\"divSpdInText\">\n<div id=\"divSpdInText\">\n<div id=\"divSpdInText\">\n<div id=\"divSpdInText\">\n<div id=\"divSpdInText\">\n<div id=\"divSpdInText\">\n<p><a href=\"https:\/\/www.futbox.com\/blog\/selecoes\/a-selecao-favorita-para-a-copa-de-2026-pode-nem-se-classificar\" target=\"_blank\" rel=\"noopener\">A sele\u00e7\u00e3o favorita para a Copa de 2026 pode nem se classificar<\/a><\/p>\n<\/div>\n<p><a href=\"https:\/\/www.futbox.com\/blog\/campeonatos\/mundial-de-clubes-menor-melhor-e-maior\" target=\"_blank\" rel=\"noopener\">Mundial de Clubes: menor, melhor e maior!<\/a><\/p>\n<p><a href=\"https:\/\/www.futbox.com\/blog\/clubes\/londrina-80-25-criacao-dos-uniformes-do-selo-e-da-marca-maxrun\" target=\"_blank\" rel=\"noopener\">Londrina 80\/25: Cria\u00e7\u00e3o dos Uniformes, do Selo e da Marca Maxrun<\/a><\/p>\n<p><a href=\"https:\/\/www.futbox.com\/blog\/clubes\/todos-os-detalhes-da-criacao-dos-uniformes-2025-do-crb\" target=\"_blank\" rel=\"noopener\">Cole\u00e7\u00e3o \u201cVelho Chico\u201d: Cria\u00e7\u00e3o dos Uniformes 2025 do CRB<\/a><\/p>\n<p><a href=\"https:\/\/www.futbox.com\/blog\/clubes\/o-paradoxo-de-1987\" target=\"_blank\" rel=\"noopener\">O Paradoxo de 1987<\/a><\/p>\n<\/div>\n<\/div>\n<p><a href=\"https:\/\/www.futbox.com\/blog\/fora-das-4-linhas\/laboratory-rats\" target=\"_blank\" rel=\"noopener\">Laboratoty RATS<\/a><\/p>\n<\/div>\n<p><a href=\"https:\/\/www.futbox.com\/blog\/clubes\/intercontinental-cup\" target=\"_blank\" rel=\"noopener\">INTERCOLONIAL CUP<\/a><\/p>\n<p><a href=\"https:\/\/www.futbox.com\/blog\/clubes\/rapido-e-rasteiro-como-diniz-no-cruzeiro\" target=\"_blank\" rel=\"noopener\">R\u00e1pido e Rasteiro como Diniz no Cruzeiro<\/a><\/p>\n<p><a href=\"https:\/\/www.futbox.com\/blog\/futebol-outros\/vitoria-uma-cronica-sobre-o-futebol-de-varzea\" target=\"_blank\" rel=\"noopener\">Vit\u00f3ria. Uma cr\u00f4nica sobre o futebol de v\u00e1rzea<\/a><\/p>\n<p><a href=\"https:\/\/www.futbox.com\/blog\/futebol-outros\/a-desconstrucao-estetica-e-tatica-do-futebol-brasileiro\" target=\"_blank\" rel=\"noopener\">A desconstru\u00e7\u00e3o est\u00e9tica e t\u00e1tica do futebol brasileiro<\/a><\/p>\n<div id=\"divSpdInText\">\n<div id=\"divSpdInText\">\n<p><a href=\"https:\/\/www.futbox.com\/blog\/futebol-outros\/o-uniforme-da-selecao-brasileira-precisa-ser-do-tamanho-do-brasil-no-futebol\" target=\"_blank\" rel=\"noopener\">O uniforme da sele\u00e7\u00e3o brasileira precisa ser do tamanho do Brasil no futebol<\/a><\/p>\n<div id=\"divSpdInText\">\n<div id=\"divSpdInText\">\n<div data-scaffold-immersive-reader-content=\"\">\n<div class=\"reader-article-content reader-article-content--content-blocks\" dir=\"ltr\">\n<p id=\"ember407\" class=\"ember-view reader-content-blocks__paragraph\"><a href=\"https:\/\/www.futbox.com\/blog\/futebol-outros\/var-a-inovacao-nao-esta-na-tecnologia-mas-sim-no-comportamento\" target=\"_blank\" rel=\"noopener\">VAR: a inova\u00e7\u00e3o n\u00e3o est\u00e1 na tecnologia, mas sim, no comportamento<\/a><\/p>\n<p><a href=\"https:\/\/www.futbox.com\/blog\/futebol-outros\/a-naturalizacao-daquilo-que-nao-faz-parte\" target=\"_blank\" rel=\"noopener\">A naturaliza\u00e7\u00e3o daquilo que n\u00e3o faz parte<\/a><\/p>\n<p id=\"ember408\" class=\"ember-view reader-content-blocks__paragraph\"><a href=\"https:\/\/www.futbox.com\/blog\/futebol-outros\/cinema-streaming-jornalismo-e-a-inversao-total-de-sentido\" target=\"_blank\" rel=\"noopener\">Cinema, Streaming, Jornalismo e a invers\u00e3o total de sentido<\/a><\/p>\n<p id=\"ember409\" class=\"ember-view reader-content-blocks__paragraph\"><a href=\"https:\/\/www.linkedin.com\/pulse\/paradoxo-contempor%25C3%25A2neo-adriano-%25C3%25A1vila-alamy\/?trackingId=vDYq4zqDQpW9gjA251J3qw%3D%3D\" target=\"_blank\" rel=\"noopener\">Paradoxo Contempor\u00e2neo<\/a><\/p>\n<p><a href=\"https:\/\/www.futbox.com\/blog\/futebol-design\/logotipo-da-copa-do-mundo-de-2026-seguro-porem-incomodo\" target=\"_blank\" rel=\"noopener\">Logotipo da Copa do Mundo de 2026: seguro, por\u00e9m inc\u00f4modo<\/a><\/p>\n<p><a href=\"https:\/\/www.futbox.com\/blog\/fora-das-4-linhas\/a-selecao-que-incomoda\" target=\"_blank\" rel=\"noopener\">A sele\u00e7\u00e3o que incomoda<\/a><\/p>\n<p><a href=\"https:\/\/www.futbox.com\/blog\/fora-das-4-linhas\/perna-curta\" target=\"_blank\" rel=\"noopener\">Perna Curta<\/a><\/p>\n<p><a href=\"https:\/\/www.futbox.com\/blog\/fora-das-4-linhas\/tempo\" target=\"_blank\" rel=\"noopener\">Tempo<\/a><\/p>\n<\/div>\n<\/div>\n<p><a href=\"https:\/\/www.futbox.com\/blog\/futebol-outros\/ha-8-anos-acontecia-uma-partida-historica-de-futebol-na-palestina-equipes-de-gaza-e-cisjordania-se-encontravam-apos-15-anos-do-bloqueio-imposto-por-israel#google_vignette\" target=\"_blank\" rel=\"noopener\">H\u00e1 8 anos acontecia uma partida hist\u00f3rica de futebol na Palestina: equipes de Gaza e Cisjord\u00e2nia se encontravam ap\u00f3s 15 anos do bloqueio imposto por Israel<\/a><\/p>\n<p><a href=\"https:\/\/www.futbox.com\/blog\/clubes\/guia-do-mundo-arabe-fc-os-significados-dos-nomes-de-250-clubes-de-23-paises\" target=\"_blank\" rel=\"noopener\">Guia do Mundo \u00c1rabe FC: Os significados dos nomes de 250 clubes de 23 pa\u00edses<\/a><\/p>\n<p><a href=\"https:\/\/www.futbox.com\/blog\/opiniao\/futebol-e-politica\" target=\"_blank\" rel=\"noopener\">Pol\u00edtica FC: Futebol, Cinema e Hist\u00f3ria\u00a0<\/a><\/p>\n<p><a href=\"https:\/\/www.futbox.com\/blog\/fora-das-4-linhas\/para-mulheres-jogar-futebol-ja-foi-caso-de-policia-durante-a-ditadura\" target=\"_blank\" rel=\"noopener\">Para mulheres, jogar futebol j\u00e1 foi caso de pol\u00edcia durante a ditadura<\/a><\/p>\n<p><a href=\"https:\/\/www.futbox.com\/blog\/fora-das-4-linhas\/honduras-contra-el-salvador-a-partida-de-futebol-que-iniciou-uma-guerra\" target=\"_blank\" rel=\"noopener\">Honduras contra El Salvador: A partida de futebol que iniciou uma guerra<\/a><\/p>\n<p><a href=\"https:\/\/www.futbox.com\/blog\/campeonatos\/mundialito-a-copa-que-a-fifa-escondeu\" target=\"_blank\" rel=\"noopener\">Mundialito: a Copa que a Fifa escondeu<\/a><\/p>\n<p><a href=\"https:\/\/www.futbox.com\/blog\/futebol-outros\/fatos-historicos-e-reconhecimentos\" target=\"_blank\" rel=\"noopener\">Fatos Hist\u00f3ricos e Reconhecimentos<\/a><\/p>\n<p><a href=\"https:\/\/www.futbox.com\/blog\/campeonatos\/a-historia-do-campeonato-brasileiro\" target=\"_blank\" rel=\"noopener\">A hist\u00f3ria do Campeonato Brasileiro<\/a><\/p>\n<p><a href=\"https:\/\/www.futbox.com\/blog\/campeonatos\/campeonato-brasileiro-nomenclatura-e-significado-historico\" target=\"_blank\" rel=\"noopener\">Campeonato Brasileiro: nomenclatura e significado hist\u00f3rico<\/a><\/p>\n<p><a href=\"http:\/\/bit.ly\/Futbox3TS\" target=\"_blank\" rel=\"noopener\">Metodologia dos 3Ts: Tradi\u00e7\u00e3o, Torcida e Trof\u00e9us<\/a><\/p>\n<p><a href=\"https:\/\/www.futbox.com\/blog\/opiniao\/10-novas-regras-para-o-futebol\" target=\"_blank\" rel=\"noopener\">10 Novas Regras para o Futebol<\/a><\/p>\n<p><a href=\"https:\/\/www.futbox.com\/blog\/opiniao\/novas-demarcacoes-campo-de-futebol\" target=\"_blank\" rel=\"noopener\">As Novas Demarca\u00e7\u00f5es do Campo de Futebol<\/a><\/p>\n<p><a href=\"https:\/\/www.futbox.com\/blog\/clubes\/novo-calendario-do-futebol-brasileiro-a-partir-da-temporada-2023-24\" target=\"_blank\" rel=\"noopener\">O Novo Calend\u00e1rio do Futebol Brasileiro<\/a><\/p>\n<\/div>\n<\/div>\n<\/div>\n<\/div>\n<\/div>\n<\/div>\n<\/div>\n<\/div>\n<\/div>\n<\/div>\n<div id=\"divSpdInText\">\n<div id=\"divSpdInText\">\n<div id=\"divSpdInText\">\n<div id=\"divSpdInText\"><\/div>\n<\/div>\n<\/div>\n<\/div>\n<p>&nbsp;<\/p>\n<\/div>\n<\/div>\n<\/div>\n<\/div>\n<div id=\"divSpdInText\">\n<div data-scaffold-immersive-reader-content=\"\">\n<h3><\/h3>\n<div class=\"reader-article-content reader-article-content--content-blocks\" dir=\"ltr\">\n<div id=\"divSpdInText\">\n<div id=\"divSpdInText\">\n<div id=\"divSpdInText\">\n<div class=\"reader-article-content reader-article-content--content-blocks\" dir=\"ltr\">\n<div id=\"divSpdInText\">\n<div id=\"divSpdInText\">\n<div id=\"divSpdInText\">\n<h3>Podcast:<\/h3>\n<p>&nbsp;<\/p>\n<p><strong>Clique nas imagens abaixo<\/strong>\u00a0e confira os bate-papos no\u00a0<strong>Futeboteco (Tomando Uma Com)<\/strong>\u00a0e\u00a0<strong>Bora Pra Resenha Podcast<\/strong>\u00a0onde falamos sobre a revitaliza\u00e7\u00e3o das marcas dos clubes de futebol, sele\u00e7\u00e3o brasileira, calend\u00e1rio, VAR, regras atualizadas, as novas demarca\u00e7\u00f5es do campo e muitas outras curiosidades sobre a hist\u00f3ria do futebol brasileiro e mundial.<\/p>\n<p>&nbsp;<\/p>\n<h3>Futeboteco (Tomando Uma Com):<\/h3>\n<p>&nbsp;<\/p>\n<p><iframe loading=\"lazy\" title=\"YouTube video player\" src=\"https:\/\/www.youtube.com\/embed\/WzVxuF6ISYQ?si=V7wgmFQr_cLV1W-J&amp;start=474\" width=\"560\" height=\"315\" frameborder=\"0\" allowfullscreen=\"allowfullscreen\" data-mce-fragment=\"1\"><\/iframe><\/p>\n<p>&nbsp;<\/p>\n<h3>Bora Pra Resenha:<\/h3>\n<p>&nbsp;<\/p>\n<div id=\"attachment_11607\" class=\"wp-caption alignnone\">\n<div id=\"attachment_11607\" class=\"wp-caption alignnone\" style=\"width: 1920px\"><a href=\"https:\/\/www.youtube.com\/live\/cRa4qmL7bPc?si=cVg48ZR1I5yQkEf0&amp;t=200\" target=\"_blank\" rel=\"noopener\"><img loading=\"lazy\" decoding=\"async\" class=\"colorbox-11196 wp-image-11607 size-full\" title=\"Futbox no Bora Pra Resenha\" src=\"https:\/\/www.futbox.com\/blog\/wp-content\/uploads\/2023\/11\/Bora-pra-Resenha-Adr-Futbox-post.png\" sizes=\"auto, (max-width: 1920px) 100vw, 1920px\" srcset=\"https:\/\/www.futbox.com\/blog\/wp-content\/uploads\/2023\/11\/Bora-pra-Resenha-Adr-Futbox-post.png 1920w, https:\/\/www.futbox.com\/blog\/wp-content\/uploads\/2023\/11\/Bora-pra-Resenha-Adr-Futbox-post-300x300.png 300w, https:\/\/www.futbox.com\/blog\/wp-content\/uploads\/2023\/11\/Bora-pra-Resenha-Adr-Futbox-post-1024x1024.png 1024w, https:\/\/www.futbox.com\/blog\/wp-content\/uploads\/2023\/11\/Bora-pra-Resenha-Adr-Futbox-post-500x500.png 500w, https:\/\/www.futbox.com\/blog\/wp-content\/uploads\/2023\/11\/Bora-pra-Resenha-Adr-Futbox-post-768x768.png 768w, https:\/\/www.futbox.com\/blog\/wp-content\/uploads\/2023\/11\/Bora-pra-Resenha-Adr-Futbox-post-1536x1536.png 1536w, https:\/\/www.futbox.com\/blog\/wp-content\/uploads\/2023\/11\/Bora-pra-Resenha-Adr-Futbox-post-620x620.png 620w, https:\/\/www.futbox.com\/blog\/wp-content\/uploads\/2023\/11\/Bora-pra-Resenha-Adr-Futbox-post-70x70.png 70w\" alt=\"Futbox no Bora Pra Resenha\" width=\"1920\" height=\"1920\" \/><\/a><p class=\"wp-caption-text\">Futbox no Bora Pra Resenha<\/p><\/div>\n<p class=\"wp-caption-text\">\n<\/div>\n<\/div>\n<\/div>\n<\/div>\n<\/div>\n<div id=\"divSpdInText\">\n<div id=\"divSpdInText\">\n<p>&nbsp;<\/p>\n<\/div>\n<\/div>\n<h3>FUTBOX \u2013 Centro de Pesquisa Gr\u00e1fica Sobre Futebol:<\/h3>\n<p>&nbsp;<\/p>\n<\/div>\n<\/div>\n<p><a href=\"https:\/\/linktr.ee\/FUTBOX_Projects\" target=\"_blank\" rel=\"noopener\">Projetos desenvolvidos para clubes de futebol, marcas esportivas, empresas e festivais de cinema<\/a><\/p>\n<p><a href=\"https:\/\/linktr.ee\/futbox_\" target=\"_blank\" rel=\"noopener\">Canais e Redes Sociais<\/a><\/p>\n<p class=\"sc-hKgILt ilsgNQ\"><a href=\"https:\/\/linktr.ee\/adrianoavila\" target=\"_blank\" rel=\"noopener\">Artigos sobre futebol e esporte a partir do equil\u00edbrio entre tradi\u00e7\u00e3o e inova\u00e7\u00e3o<\/a><\/p>\n<p>&nbsp;<\/p>\n<\/div>\n<div><\/div>\n<\/div>\n<\/div>\n<\/div>\n","protected":false},"excerpt":{"rendered":"<p>O Futbox &#8211; Centro de Pesquisa Gr\u00e1fica sobre Futebol &#8211; lan\u00e7a a Campanha \u201c#Oficial\u00e9aPaix\u00e3o\u201d, onde apresenta a \u00fanica coisa oficial que importa para o torcedor: a paix\u00e3o pelo futebol e pela sele\u00e7\u00e3o brasileira.<\/p>\n","protected":false},"author":14,"featured_media":10273,"comment_status":"open","ping_status":"open","sticky":false,"template":"","format":"standard","meta":{"footnotes":""},"categories":[327],"tags":[897,814,496,494,1209,266,1655,697,195,227,543,1054,362,878,309,217,1649,614,238,696,695,228,815,600,1654,491,404,259,215,683,665,1484,196,192,661,332,1423,500,823,360,877,493,447,357,461,730,1653,230,1243,391,339,1224,490,1656,229,197,378,539,609,1657,1392,591,702,478,660,1419],"class_list":["post-10272","post","type-post","status-publish","format-standard","has-post-thumbnail","hentry","category-futebol-design","tag-adriano-avila","tag-afa","tag-alemanha","tag-argentina","tag-atletico-mineiro","tag-atletico-mg","tag-auf","tag-bayern","tag-brasil","tag-brasileirao","tag-campeonato-brasileiro","tag-catar-2022","tag-cbf","tag-city","tag-copa-do-brasil","tag-copa-do-mundo","tag-copa-do-mundo-2022","tag-copa-libertadores","tag-corinthians","tag-cr7","tag-criatiano-ronaldo","tag-cruzeiro","tag-daniel-alves","tag-england","tag-escudo-brasil","tag-fenomeno","tag-fifa","tag-flamengo","tag-fluminense","tag-franca","tag-france","tag-francia","tag-futbox","tag-galo","tag-germany","tag-gremio","tag-holanda","tag-inglaterra","tag-inter","tag-juventus","tag-manchester","tag-maradona","tag-messi","tag-milan","tag-neymar","tag-neymar-jr","tag-oficial-e-a-paixao","tag-palmeiras","tag-paris","tag-pele","tag-psg","tag-qatar-2022","tag-ronaldo","tag-santos-fc","tag-sao-paulo","tag-selecao","tag-selecao-brasileira","tag-timao","tag-tite","tag-turim","tag-united","tag-uruguai","tag-uruguay","tag-vasco","tag-world-cup","tag-world-cup-2022"],"_links":{"self":[{"href":"https:\/\/www.futbox.com\/blog\/wp-json\/wp\/v2\/posts\/10272","targetHints":{"allow":["GET"]}}],"collection":[{"href":"https:\/\/www.futbox.com\/blog\/wp-json\/wp\/v2\/posts"}],"about":[{"href":"https:\/\/www.futbox.com\/blog\/wp-json\/wp\/v2\/types\/post"}],"author":[{"embeddable":true,"href":"https:\/\/www.futbox.com\/blog\/wp-json\/wp\/v2\/users\/14"}],"replies":[{"embeddable":true,"href":"https:\/\/www.futbox.com\/blog\/wp-json\/wp\/v2\/comments?post=10272"}],"version-history":[{"count":26,"href":"https:\/\/www.futbox.com\/blog\/wp-json\/wp\/v2\/posts\/10272\/revisions"}],"predecessor-version":[{"id":14297,"href":"https:\/\/www.futbox.com\/blog\/wp-json\/wp\/v2\/posts\/10272\/revisions\/14297"}],"wp:featuredmedia":[{"embeddable":true,"href":"https:\/\/www.futbox.com\/blog\/wp-json\/wp\/v2\/media\/10273"}],"wp:attachment":[{"href":"https:\/\/www.futbox.com\/blog\/wp-json\/wp\/v2\/media?parent=10272"}],"wp:term":[{"taxonomy":"category","embeddable":true,"href":"https:\/\/www.futbox.com\/blog\/wp-json\/wp\/v2\/categories?post=10272"},{"taxonomy":"post_tag","embeddable":true,"href":"https:\/\/www.futbox.com\/blog\/wp-json\/wp\/v2\/tags?post=10272"}],"curies":[{"name":"wp","href":"https:\/\/api.w.org\/{rel}","templated":true}]}}