{"id":10657,"date":"2023-03-06T12:35:12","date_gmt":"2023-03-06T15:35:12","guid":{"rendered":"https:\/\/www.futbox.com\/blog\/?p=10657"},"modified":"2025-02-06T09:46:48","modified_gmt":"2025-02-06T12:46:48","slug":"fc-barcelona-de-mais-um-escandalo-ao-titulo-espanhol","status":"publish","type":"post","link":"https:\/\/www.futbox.com\/blog\/fora-das-4-linhas\/fc-barcelona-de-mais-um-escandalo-ao-titulo-espanhol","title":{"rendered":"FC Barcelona, de mais um esc\u00e2ndalo ao t\u00edtulo espanhol?"},"content":{"rendered":"<p>O FC Barcelona est\u00e1 a fazer uma forte temporada desportiva, sobretudo nas competi\u00e7\u00f5es nacionais em Espanha, e pode estar a caminho da conquista de La Liga. No entanto, fora dos jogos de futebol, est\u00e1 envolvido em mais uma grande controv\u00e9rsia que promete marcar a atualidade futebol\u00edstica nos pr\u00f3ximos meses.<\/p>\n<p>&nbsp;<\/p>\n<h3><strong>Temporada desportiva<\/strong><\/h3>\n<p>&nbsp;<\/p>\n<p>O in\u00edcio de \u00e9poca do FC Barcelona nem foi o ideal no campeonato: entrou com um empate, mas conseguiu depois uma sequ\u00eancia de vit\u00f3rias entre as segunda e oitava jornadas que valeram a lideran\u00e7a.<\/p>\n<p>Depois da primeira derrota da \u00e9poca, os catal\u00e3es regressaram ao topo na 13.\u00aa jornada, pouco antes da pausa para a Copa do Mundo. De l\u00e1 nunca mais sa\u00edram e come\u00e7aram a distanciar-se do Real Madrid.<\/p>\n<p>A segunda derrota para La Liga aconteceu no fim de fevereiro, mas nem isso tirou tranquilidade ao Barcelona, que neste momento lidera isolado com um dos melhores ataques e, de longe, a melhor defesa da prova.<\/p>\n<p>Com o FC Barcelona a praticar um futebol consistente, n\u00e3o parece que os bons resultados em Espanha estejam com os dias contados. Por isso mesmo, os blaugrana t\u00eam grande favoritismo para serem campe\u00f5es pela primeira vez desde 2018\/2019. Mais: t\u00eam na equipa o melhor marcador do campeonato neste momento, Robert Lewandowski.<\/p>\n<p>&nbsp;<\/p>\n<div id=\"attachment_10662\" class=\"wp-caption aligncenter\" style=\"width: 1200px\"><a href=\"https:\/\/www.futbox.com\/blog\/wp-content\/uploads\/2023\/03\/fcb-1x0-val-la-liga-Photo-by-Silvestre-Szpylma-Quality-Sport-Images-Getty-Images.jpg\"><img loading=\"lazy\" decoding=\"async\" class=\"wp-image-10662 size-full colorbox-10657\" src=\"https:\/\/www.futbox.com\/blog\/wp-content\/uploads\/2023\/03\/fcb-1x0-val-la-liga-Photo-by-Silvestre-Szpylma-Quality-Sport-Images-Getty-Images.jpg\" alt=\"FC Barcelona 1x0 Valencia, La Liga. Foto: Silvestre Szpylma | Quality Sport Images - Getty Images\" width=\"1200\" height=\"800\" srcset=\"https:\/\/www.futbox.com\/blog\/wp-content\/uploads\/2023\/03\/fcb-1x0-val-la-liga-Photo-by-Silvestre-Szpylma-Quality-Sport-Images-Getty-Images.jpg 1200w, https:\/\/www.futbox.com\/blog\/wp-content\/uploads\/2023\/03\/fcb-1x0-val-la-liga-Photo-by-Silvestre-Szpylma-Quality-Sport-Images-Getty-Images-300x200.jpg 300w, https:\/\/www.futbox.com\/blog\/wp-content\/uploads\/2023\/03\/fcb-1x0-val-la-liga-Photo-by-Silvestre-Szpylma-Quality-Sport-Images-Getty-Images-1024x683.jpg 1024w, https:\/\/www.futbox.com\/blog\/wp-content\/uploads\/2023\/03\/fcb-1x0-val-la-liga-Photo-by-Silvestre-Szpylma-Quality-Sport-Images-Getty-Images-768x512.jpg 768w, https:\/\/www.futbox.com\/blog\/wp-content\/uploads\/2023\/03\/fcb-1x0-val-la-liga-Photo-by-Silvestre-Szpylma-Quality-Sport-Images-Getty-Images-620x413.jpg 620w\" sizes=\"auto, (max-width: 1200px) 100vw, 1200px\" \/><\/a><p class=\"wp-caption-text\">FC Barcelona 1&#215;0 Valencia, La Liga. Foto: Silvestre Szpylma | Quality Sport Images &#8211; Getty Images<\/p><\/div>\n<p>&nbsp;<\/p>\n<p>Ao n\u00edvel nacional, o FC Barcelona conseguiu ainda ganhar a Superta\u00e7a de Espanha e est\u00e1 a lutar pela final da Ta\u00e7a do Rei. Nas competi\u00e7\u00f5es europeias, as coisas n\u00e3o s\u00e3o t\u00e3o encorajadoras: foi eliminado da Liga dos Campe\u00f5es, tamb\u00e9m n\u00e3o conseguiu o acesso \u00e0 Liga Europa, com a derrota no playoff contra o Manchester United.<\/p>\n<p>&nbsp;<\/p>\n<h3><strong>Novo esc\u00e2ndalo<\/strong><\/h3>\n<p>&nbsp;<\/p>\n<p>Se dentro do campo o FC Barcelona mostra-se um forte candidato ao t\u00edtulo espanhol, que \u00e9 uma das conquistas mais importantes da temporada, a mesma tranquilidade n\u00e3o se vive fora das quatro linhas. Nos pr\u00f3ximos tempos, os <a href=\"https:\/\/www.betway.co.mz\/jackpots\/\" target=\"_blank\" rel=\"noopener\">jogos<\/a> mais importantes do clube podem ser na Justi\u00e7a.<\/p>\n<p>A meio de fevereiro, a r\u00e1dio espanhola Cadena SER lan\u00e7ou uma not\u00edcia que chocou o mundo do futebol. O FC Barcelona \u00e9 suspeito de ter pago cerca de um milh\u00e3o e 400 mil euros (R$ 7,6 milh\u00f5es) ao antigo vice-presidente do Comit\u00ea T\u00e9cnico de Arbitragem da Federa\u00e7\u00e3o Espanhola, Jos\u00e9 Mar\u00eda Enr\u00edquez Negreira, entre 2016 e 2018.<\/p>\n<p>Na altura, Josep Mar\u00eda Bartolomeu era o presidente do Barcelona. Enr\u00edquez Negreira alegadamente recebeu o dinheiro ao longo de tr\u00eas anos atrav\u00e9s da empresa de que \u00e9 propriet\u00e1rio. Ter\u00e1 justificado \u00e0s autoridades fiscais espanholas que foram pagamentos de servi\u00e7os de assessoria prestados ao clube.<\/p>\n<p>Fonte da federa\u00e7\u00e3o de futebol espanhola assegura ao jornal Marca que Enr\u00edquez Negreira nunca teve participa\u00e7\u00e3o ativa na escolha dos \u00e1rbitros para os jogos dos campeonatos profissionais espanh\u00f3is. Contudo, a pol\u00eamica envolveu at\u00e9 a UEFA, que tutela o futebol continental europeu e procurou informa\u00e7\u00f5es junto da federa\u00e7\u00e3o espanhola.<\/p>\n<p>Os clubes rivais expressam \u201cprofunda preocupa\u00e7\u00e3o\u201d com o j\u00e1 chamado \u00abCaso Negreira\u00bb. Mas deve o FC Barcelona estar preocupado com as consequ\u00eancias desportivas em meio de uma \u00e9poca que pode ser coroado como campe\u00e3o espanhol?<\/p>\n<p>A Lei do Esporte de Espanha prev\u00ea que as infra\u00e7\u00f5es prescrevem em tr\u00eas anos, e como os factos remontam ao per\u00edodo entre 2016 e 2018 n\u00e3o h\u00e1 risco para o FC Barcelona. Mas isso n\u00e3o significa que o FC Barcelona pode respirar de al\u00edvio.<\/p>\n<p>De acordo com o jornal El Pa\u00eds, a UEFA e a FIFA podem impor penaliza\u00e7\u00f5es ao clube espanhol. A entidade m\u00e1xima do futebol mundial pode at\u00e9 retirar pontos e ditar o rebaixamento do clube catal\u00e3o. A UEFA tamb\u00e9m pode afastar o clube das competi\u00e7\u00f5es europeias de clubes, como j\u00e1 fez no passado com outros infratores.<\/p>\n<p>&nbsp;<\/p>\n<h3><strong>Controv\u00e9rsias \u00abhabituais\u00bb<\/strong><\/h3>\n<p>&nbsp;<\/p>\n<p>Esta j\u00e1 n\u00e3o \u00e9 a primeira pol\u00eamica em que o FC Barcelona se v\u00ea envolvido nos \u00faltimos anos. Desde a transfer\u00eancia de Neymar desde o Santos at\u00e9 ao \u00abBar\u00e7agate\u00bb, muitos s\u00e3o os exemplos.<\/p>\n<p>Em 2021, o antigo presidente do clube, Josep Mar\u00eda Bartolomeu, foi detido no meio de um esc\u00e2ndalo em que foi acusado de contratar uma empresa para manchar a imagem de algumas lendas do clube (incluindo Gerard Piqu\u00e9 e Lionel Messi).<\/p>\n<p>J\u00e1 no ano passado, o FC Barcelona foi acusado de inflacionar falsamente as suas contas usando seu pr\u00f3prio dinheiro para registar novos jogadores. O clube teve dificuldades para cumprir os regulamentos financeiros da La Liga e s\u00f3 perto do fecho do mercado do ver\u00e3o passado foi permitido a inscrever jogadores.<\/p>\n<p>Essa foi a primeira controv\u00e9rsia da temporada de 2022\/2023, que agora tem mais um caso para o FC Barcelona. Ser\u00e1 que os problemas fora de campo v\u00e3o afetar o rendimento esportivo da equipa? At\u00e9 agora, parece que tudo est\u00e1 calmo, e resta esperar pelos cerca de tr\u00eas meses de \u00e9poca que ainda h\u00e1 pela frente.<\/p>\n<p>&nbsp;<\/p>\n<p>Foto de capa: Pau Barrena | AFP (Joan Laporta, presidente do Barcelona)<\/p>\n<p>&nbsp;<\/p>\n","protected":false},"excerpt":{"rendered":"<p>Se dentro do campo o FC Barcelona mostra-se um forte candidato ao t\u00edtulo espanhol, a mesma tranquilidade n\u00e3o se vive fora das quatro linhas.<\/p>\n","protected":false},"author":14,"featured_media":10660,"comment_status":"open","ping_status":"open","sticky":false,"template":"","format":"standard","meta":{"footnotes":""},"categories":[224],"tags":[793,1833,324,1493,742,1837,1450,998,571,1840,1449,1836,1046,404,1045,1832,819,1038,1532,769,877,344,1834,461,730,1842,1838,1811,325,1839,1565,1835,1841,932,658,1616,1617],"class_list":["post-10657","post","type-post","status-publish","format-standard","has-post-thumbnail","hentry","category-fora-das-4-linhas","tag-apostas-online","tag-barcagate","tag-barcelona","tag-benzema","tag-betway","tag-caso-negreira","tag-cassinos-online","tag-champions","tag-champions-league","tag-copa-del-rey","tag-crypto-cassinos","tag-enriquez-negreira","tag-fc-barcelona","tag-fifa","tag-gerard-pique","tag-joan-laporta","tag-la-liga","tag-liga-europa","tag-lionel-messi","tag-madrid","tag-manchester","tag-manchester-united","tag-maria-bartolomeu","tag-neymar","tag-neymar-jr","tag-playoff","tag-radio-cadena-ser","tag-real","tag-real-madrid","tag-rfef","tag-robert-lewandowski","tag-shakira","tag-supertaca-de-espana","tag-ucl","tag-uefa","tag-vini-jr","tag-vinicius-jr"],"_links":{"self":[{"href":"https:\/\/www.futbox.com\/blog\/wp-json\/wp\/v2\/posts\/10657","targetHints":{"allow":["GET"]}}],"collection":[{"href":"https:\/\/www.futbox.com\/blog\/wp-json\/wp\/v2\/posts"}],"about":[{"href":"https:\/\/www.futbox.com\/blog\/wp-json\/wp\/v2\/types\/post"}],"author":[{"embeddable":true,"href":"https:\/\/www.futbox.com\/blog\/wp-json\/wp\/v2\/users\/14"}],"replies":[{"embeddable":true,"href":"https:\/\/www.futbox.com\/blog\/wp-json\/wp\/v2\/comments?post=10657"}],"version-history":[{"count":5,"href":"https:\/\/www.futbox.com\/blog\/wp-json\/wp\/v2\/posts\/10657\/revisions"}],"predecessor-version":[{"id":10664,"href":"https:\/\/www.futbox.com\/blog\/wp-json\/wp\/v2\/posts\/10657\/revisions\/10664"}],"wp:featuredmedia":[{"embeddable":true,"href":"https:\/\/www.futbox.com\/blog\/wp-json\/wp\/v2\/media\/10660"}],"wp:attachment":[{"href":"https:\/\/www.futbox.com\/blog\/wp-json\/wp\/v2\/media?parent=10657"}],"wp:term":[{"taxonomy":"category","embeddable":true,"href":"https:\/\/www.futbox.com\/blog\/wp-json\/wp\/v2\/categories?post=10657"},{"taxonomy":"post_tag","embeddable":true,"href":"https:\/\/www.futbox.com\/blog\/wp-json\/wp\/v2\/tags?post=10657"}],"curies":[{"name":"wp","href":"https:\/\/api.w.org\/{rel}","templated":true}]}}