{"id":11361,"date":"2023-11-01T14:58:32","date_gmt":"2023-11-01T17:58:32","guid":{"rendered":"https:\/\/www.futbox.com\/blog\/?p=11361"},"modified":"2023-12-08T11:51:23","modified_gmt":"2023-12-08T14:51:23","slug":"conheca-a-historia-da-aida-celtic-academia-de-futebol-localizada-no-campo-de-refugiados-em-belem-cidade-palestina-na-cisjordania","status":"publish","type":"post","link":"https:\/\/www.futbox.com\/blog\/futebol-outros\/conheca-a-historia-da-aida-celtic-academia-de-futebol-localizada-no-campo-de-refugiados-em-belem-cidade-palestina-na-cisjordania","title":{"rendered":"Conhe\u00e7a a hist\u00f3ria da Aida Celtic: academia de futebol localizada no campo de refugiados em Bel\u00e9m, cidade palestina na Cisjord\u00e2nia"},"content":{"rendered":"<p>Em 17 de agosto de 2016, o <strong>Celtic FC<\/strong> recebeu a equipe israelense do <strong>Hapoel Beer-Sheva<\/strong>, em uma partida de qualifica\u00e7\u00e3o para a <a href=\"https:\/\/www.futbox.com\/pt\/campeonatos#!liga-dos-campeoes-da-uefa\/campeoes\" target=\"_blank\" rel=\"noopener\">UEFA Champions League<\/a> (Liga dos Campe\u00f5es da Europa) da temporada seguinte. Algumas semanas antes, quando os dois clubes haviam sido sorteados para o confronto, a pol\u00eamica em torno da partida teve in\u00edcio.<\/p>\n<p>Historicamente, o <a href=\"https:\/\/www.futbox.com\/pt\/celtic#!uniformes\" target=\"_blank\" rel=\"noopener\">Celtic Football Club<\/a>, da esc\u00f3cia, tem uma torcida conhecida por seus posicionamentos pol\u00edticos e, juntamente com uma forte identidade irlandesa, \u00e9 comum ver nas arquibancadas, demonstra\u00e7\u00f5es de solidariedade \u00e0 <strong>Palestina<\/strong>, por exemplo.<\/p>\n<p>Dois anos antes (2014), o clube j\u00e1 havia sido multado pela UEFA, pois seus torcedores tinham exibido bandeiras palestinas no jogo contra o <strong>KR Reykjavik<\/strong>, da Isl\u00e2ndia. Com uma equipe israelense prestes a jogar em Glasgow, cidade mais populosa da Esc\u00f3cia com 581,900 habitantes, aproximadamente, muito se falou sobre poss\u00edveis manifesta\u00e7\u00f5es de apoio \u00e0 Palestina por parte dos torcedores do Celtic.<\/p>\n<p>&nbsp;<\/p>\n<div id=\"attachment_11363\" class=\"wp-caption aligncenter\" style=\"width: 1024px\"><a href=\"https:\/\/www.futbox.com\/blog\/wp-content\/uploads\/2023\/11\/aida-celtic-foto-1.jpg\"><img loading=\"lazy\" decoding=\"async\" class=\"wp-image-11363 size-full colorbox-11361\" src=\"https:\/\/www.futbox.com\/blog\/wp-content\/uploads\/2023\/11\/aida-celtic-foto-1.jpg\" alt=\"Torcedores do Celtic com bandeiras da Palestina no jogo contra o Hapoel Beer-Sheva\" width=\"1024\" height=\"576\" srcset=\"https:\/\/www.futbox.com\/blog\/wp-content\/uploads\/2023\/11\/aida-celtic-foto-1.jpg 1024w, https:\/\/www.futbox.com\/blog\/wp-content\/uploads\/2023\/11\/aida-celtic-foto-1-300x169.jpg 300w, https:\/\/www.futbox.com\/blog\/wp-content\/uploads\/2023\/11\/aida-celtic-foto-1-768x432.jpg 768w, https:\/\/www.futbox.com\/blog\/wp-content\/uploads\/2023\/11\/aida-celtic-foto-1-620x349.jpg 620w\" sizes=\"auto, (max-width: 1024px) 100vw, 1024px\" \/><\/a><p class=\"wp-caption-text\">Torcedores do Celtic com bandeiras da Palestina no jogo contra o Hapoel Beer-Sheva<\/p><\/div>\n<p>&nbsp;<\/p>\n<p>Sendo um clube com mais de 130 anos de exist\u00eancia e muitas gl\u00f3rias no futebol, n\u00e3o \u00e9 surpresa que os torcedores do Celtic valorizem e promovam manisfesta\u00e7\u00f5es solid\u00e1rias aos povos em conflito. Seu grupo de \u201cultras\u201d, o <a href=\"https:\/\/green-brigade.com\/\" target=\"_blank\" rel=\"noopener\">Green Brigade<\/a>, talvez seja o melhor exemplo disso.<\/p>\n<p>Com um hist\u00f3rico de apoio \u00e0 causa Palestina, desde simples faixas nas arquibancadas at\u00e9 projetos mais ambiciosos, os torcedores do Celtic estabeleceram rela\u00e7\u00f5es com a regi\u00e3o no Oriente Medio, principalmente no <strong>Campo de Refugiados de Aida<\/strong>, em Bethlehem (Bel\u00e9m), cidade palestina localizada na parte central da <strong>Cisjord\u00e2nia<\/strong>.<\/p>\n<p>Vale ressaltar que os pr\u00f3prios palestinos na Cisjord\u00e2nia j\u00e1 exibiram tamb\u00e9m faixas de solidariedade ao Green Brigade em rela\u00e7\u00e3o \u00e0s suas lutas internas, evidenciando uma rela\u00e7\u00e3o de respeito m\u00fatuo entre ambos.<\/p>\n<p>&nbsp;<\/p>\n<div id=\"attachment_11364\" class=\"wp-caption aligncenter\" style=\"width: 592px\"><a href=\"https:\/\/www.futbox.com\/blog\/wp-content\/uploads\/2023\/11\/aida-celtic-foto-2.jpg\"><img loading=\"lazy\" decoding=\"async\" class=\"wp-image-11364 size-full colorbox-11361\" src=\"https:\/\/www.futbox.com\/blog\/wp-content\/uploads\/2023\/11\/aida-celtic-foto-2.jpg\" alt=\"Palestinos na Cisjord\u00e2nia exibem faixas de agradecimento ao Celtic\" width=\"592\" height=\"395\" srcset=\"https:\/\/www.futbox.com\/blog\/wp-content\/uploads\/2023\/11\/aida-celtic-foto-2.jpg 592w, https:\/\/www.futbox.com\/blog\/wp-content\/uploads\/2023\/11\/aida-celtic-foto-2-300x200.jpg 300w\" sizes=\"auto, (max-width: 592px) 100vw, 592px\" \/><\/a><p class=\"wp-caption-text\">Palestinos na Cisjord\u00e2nia exibem faixas de agradecimento ao Celtic<\/p><\/div>\n<p>&nbsp;<\/p>\n<div id=\"attachment_11365\" class=\"wp-caption aligncenter\" style=\"width: 1024px\"><a href=\"https:\/\/www.futbox.com\/blog\/wp-content\/uploads\/2023\/11\/aida-celtic-foto-3.jpg\"><img loading=\"lazy\" decoding=\"async\" class=\"wp-image-11365 size-full colorbox-11361\" src=\"https:\/\/www.futbox.com\/blog\/wp-content\/uploads\/2023\/11\/aida-celtic-foto-3.jpg\" alt=\"Palestinos na Cisjord\u00e2nia exibem faixas de agradecimento ao Celtic\" width=\"1024\" height=\"576\" srcset=\"https:\/\/www.futbox.com\/blog\/wp-content\/uploads\/2023\/11\/aida-celtic-foto-3.jpg 1024w, https:\/\/www.futbox.com\/blog\/wp-content\/uploads\/2023\/11\/aida-celtic-foto-3-300x169.jpg 300w, https:\/\/www.futbox.com\/blog\/wp-content\/uploads\/2023\/11\/aida-celtic-foto-3-768x432.jpg 768w, https:\/\/www.futbox.com\/blog\/wp-content\/uploads\/2023\/11\/aida-celtic-foto-3-620x349.jpg 620w\" sizes=\"auto, (max-width: 1024px) 100vw, 1024px\" \/><\/a><p class=\"wp-caption-text\">Palestinos na Cisjord\u00e2nia exibem faixas de agradecimento ao Celtic<\/p><\/div>\n<p>&nbsp;<\/p>\n<div id=\"attachment_11367\" class=\"wp-caption aligncenter\" style=\"width: 1024px\"><a href=\"https:\/\/www.futbox.com\/blog\/wp-content\/uploads\/2023\/11\/aida-celtic-foto-4.jpg\"><img loading=\"lazy\" decoding=\"async\" class=\"wp-image-11367 size-full colorbox-11361\" src=\"https:\/\/www.futbox.com\/blog\/wp-content\/uploads\/2023\/11\/aida-celtic-foto-4.jpg\" alt=\"Palestinos na Cisjord\u00e2nia exibem faixas de agradecimento \u00e0 Green Brigade\" width=\"1024\" height=\"576\" srcset=\"https:\/\/www.futbox.com\/blog\/wp-content\/uploads\/2023\/11\/aida-celtic-foto-4.jpg 1024w, https:\/\/www.futbox.com\/blog\/wp-content\/uploads\/2023\/11\/aida-celtic-foto-4-300x169.jpg 300w, https:\/\/www.futbox.com\/blog\/wp-content\/uploads\/2023\/11\/aida-celtic-foto-4-768x432.jpg 768w, https:\/\/www.futbox.com\/blog\/wp-content\/uploads\/2023\/11\/aida-celtic-foto-4-620x349.jpg 620w\" sizes=\"auto, (max-width: 1024px) 100vw, 1024px\" \/><\/a><p class=\"wp-caption-text\">Palestinos na Cisjord\u00e2nia exibem faixas de agradecimento \u00e0 Green Brigade<\/p><\/div>\n<p>&nbsp;<\/p>\n<div id=\"attachment_11369\" class=\"wp-caption aligncenter\" style=\"width: 1024px\"><a href=\"https:\/\/www.futbox.com\/blog\/wp-content\/uploads\/2023\/11\/aida-celtic-foto-5.jpg\"><img loading=\"lazy\" decoding=\"async\" class=\"wp-image-11369 size-full colorbox-11361\" src=\"https:\/\/www.futbox.com\/blog\/wp-content\/uploads\/2023\/11\/aida-celtic-foto-5.jpg\" alt=\"Palestinos na Cisjord\u00e2nia exibem faixas de agradecimento \u00e0 Green Brigade\" width=\"1024\" height=\"576\" srcset=\"https:\/\/www.futbox.com\/blog\/wp-content\/uploads\/2023\/11\/aida-celtic-foto-5.jpg 1024w, https:\/\/www.futbox.com\/blog\/wp-content\/uploads\/2023\/11\/aida-celtic-foto-5-300x169.jpg 300w, https:\/\/www.futbox.com\/blog\/wp-content\/uploads\/2023\/11\/aida-celtic-foto-5-768x432.jpg 768w, https:\/\/www.futbox.com\/blog\/wp-content\/uploads\/2023\/11\/aida-celtic-foto-5-620x349.jpg 620w\" sizes=\"auto, (max-width: 1024px) 100vw, 1024px\" \/><\/a><p class=\"wp-caption-text\">Palestinos na Cisjord\u00e2nia exibem faixas de agradecimento \u00e0 Green Brigade<\/p><\/div>\n<p>&nbsp;<\/p>\n<p>Retornando \u00e0 partida classificat\u00f3ria para a Liga dos Campe\u00f5es da Europa, nos dias que antecederam o jogo entre <a href=\"https:\/\/www.thesun.co.uk\/sport\/football\/1880883\/celtic-receive-another-uefa-fine-for-illicit-banner-displayed-against-hapoel-beer-sheva-in-champions-league-qualifier\/\" target=\"_blank\" rel=\"noopener\">Celtic FC e Hapoel Be\u2019er Sheva FC<\/a>, houve uma repercuss\u00e3o moderada por parte da m\u00eddia, influenciada inclusive, pela UEFA, clube, \u201cPolice Scotland\u201d e at\u00e9 mesmo, por alguns torcedores do Celtic, que prefeririam manchetes esportivas \u00e0s quest\u00f5es pol\u00edticas.<\/p>\n<p>Apesar disso, no dia da partida, o Green Brigade n\u00e3o deixou de cobrir sua se\u00e7\u00e3o nas arquibancadas com bandeiras de apoio \u00e0 Palestina. Embora essa imagem tenha sido ic\u00f4nica, o que se seguiu foi o que mais revelou o apoio do Celtic e de toda a campanha global em solidariedade a causa Palestina.<\/p>\n<p>Conforme alertado pela entidade, o clube escoc\u00eas foi punido pela UEFA, em decorr\u00eancia das a\u00e7\u00f5es de seus torcedores, resultando em uma multa de \u00a38.600 (USD 10,450 ou R$ 52.630).<\/p>\n<p>Mesmo assim, o Green Brigade lan\u00e7ou a campanha <em>#MatchTheFineForPalestine<\/em> (\u201ccubra o valor da multa para a Palestina\u201d), com a esperan\u00e7a de fazer exatamente o que a <em>hashtag<\/em> declarava. A campanha rapidamente se tornou global, com doa\u00e7\u00f5es chegando de apoiadores do mundo inteiro, \u00e0 medida que a hist\u00f3ria ganhava exposi\u00e7\u00e3o. Enquanto o objetivo inicial era superado, isto \u00e9, cobrir a multa aplicada pela UEFA, novas metas eram estabelecidas e ultrapassadas, rapidamente.<\/p>\n<p>Da Faixa de Gaza \u00e0 Cisjord\u00e2nia, os palestinos mostravam seu apoio e gratid\u00e3o pela campanha: fotografias de crian\u00e7as e volunt\u00e1rios m\u00e9dicos exibindo a <em>hashtag<\/em> da campanha surgiam aos montes. Mensagens em video do Campo de Refugiados de Aida foram transmitidas e uma equipe de futebol de Gaza posou ao lado de uma faixa que dizia: \u201cObrigado, Celtic&#8230; com amor de Gaza\u201d, enquanto se preparava para uma partida.<\/p>\n<p>Em meio \u00e0 ampla utiliza\u00e7\u00e3o de camisas do Celtic, bandeiras e faixas improvisadas pelos moradores locais, um grande escudo do Celtic foi projetado na lateral de um pr\u00e9dio, na Cisjord\u00e2nia.<\/p>\n<p>Foram a\u00e7\u00f5es como essas que estabeleceram as bases para um legado que perdurou al\u00e9m da pr\u00f3pria campanha.<\/p>\n<p>&nbsp;<\/p>\n<div id=\"attachment_11371\" class=\"wp-caption aligncenter\" style=\"width: 945px\"><a href=\"https:\/\/www.futbox.com\/blog\/wp-content\/uploads\/2023\/11\/aida-celtic-foto-6.jpg\"><img loading=\"lazy\" decoding=\"async\" class=\"wp-image-11371 size-full colorbox-11361\" src=\"https:\/\/www.futbox.com\/blog\/wp-content\/uploads\/2023\/11\/aida-celtic-foto-6.jpg\" alt=\"Escudo da Aida Celtic inserido na camisa ic\u00f4nica do Celtic FC\" width=\"945\" height=\"945\" srcset=\"https:\/\/www.futbox.com\/blog\/wp-content\/uploads\/2023\/11\/aida-celtic-foto-6.jpg 945w, https:\/\/www.futbox.com\/blog\/wp-content\/uploads\/2023\/11\/aida-celtic-foto-6-300x300.jpg 300w, https:\/\/www.futbox.com\/blog\/wp-content\/uploads\/2023\/11\/aida-celtic-foto-6-500x500.jpg 500w, https:\/\/www.futbox.com\/blog\/wp-content\/uploads\/2023\/11\/aida-celtic-foto-6-768x768.jpg 768w, https:\/\/www.futbox.com\/blog\/wp-content\/uploads\/2023\/11\/aida-celtic-foto-6-620x620.jpg 620w, https:\/\/www.futbox.com\/blog\/wp-content\/uploads\/2023\/11\/aida-celtic-foto-6-70x70.jpg 70w\" sizes=\"auto, (max-width: 945px) 100vw, 945px\" \/><\/a><p class=\"wp-caption-text\">Escudo da Aida Celtic inserido na camisa ic\u00f4nica do Celtic FC<\/p><\/div>\n<p>&nbsp;<\/p>\n<p>No final, um total de \u00a3176.076 (USD 213,979 ou R$ 1.077.696) foi arrecadado e dividido entre dois benefici\u00e1rios: a <a href=\"https:\/\/www.map.org.uk\/\" target=\"_blank\" rel=\"noopener\">Medical Aid for Palestine &#8211; MAP<\/a>, uma institui\u00e7\u00e3o de caridade brit\u00e2nica que fornece ajuda m\u00e9dica imediata para aqueles em situa\u00e7\u00e3o cr\u00edtica, ao mesmo tempo em que desenvolve capacidades locais e habilidades para garantir o desenvolvimento a longo prazo do sistema de sa\u00fade palestino, e o <a href=\"https:\/\/lajee.org\/\" target=\"_blank\" rel=\"noopener\">Lajee Center<\/a>, do <strong>Campo de Refugiados de Aida<\/strong>, um centro criativo e cultural de base que trabalha com as novas gera\u00e7\u00f5es de palestinos \u00e0 medida que continuam sua luta cont\u00ednua por justi\u00e7a e direitos para a Palestina e todo o seu povo.<\/p>\n<p>&nbsp;<\/p>\n<div id=\"attachment_11375\" class=\"wp-caption aligncenter\" style=\"width: 1920px\"><a href=\"https:\/\/www.futbox.com\/blog\/wp-content\/uploads\/2023\/11\/map-lajee.jpg\"><img loading=\"lazy\" decoding=\"async\" class=\"wp-image-11375 size-full colorbox-11361\" src=\"https:\/\/www.futbox.com\/blog\/wp-content\/uploads\/2023\/11\/map-lajee.jpg\" alt=\"Logos da Medical Aid for Palestine e Lajee Center\" width=\"1920\" height=\"1080\" srcset=\"https:\/\/www.futbox.com\/blog\/wp-content\/uploads\/2023\/11\/map-lajee.jpg 1920w, https:\/\/www.futbox.com\/blog\/wp-content\/uploads\/2023\/11\/map-lajee-300x169.jpg 300w, https:\/\/www.futbox.com\/blog\/wp-content\/uploads\/2023\/11\/map-lajee-1024x576.jpg 1024w, https:\/\/www.futbox.com\/blog\/wp-content\/uploads\/2023\/11\/map-lajee-768x432.jpg 768w, https:\/\/www.futbox.com\/blog\/wp-content\/uploads\/2023\/11\/map-lajee-1536x864.jpg 1536w, https:\/\/www.futbox.com\/blog\/wp-content\/uploads\/2023\/11\/map-lajee-620x349.jpg 620w\" sizes=\"auto, (max-width: 1920px) 100vw, 1920px\" \/><\/a><p class=\"wp-caption-text\">Logos da Medical Aid for Palestine e Lajee Center<\/p><\/div>\n<p>&nbsp;<\/p>\n<p>\u00c9 importante destacar que este \u00faltimo j\u00e1 tinha uma rela\u00e7\u00e3o com o Green Brigade, que antecedia esses eventos e, de forma mais significativa, forneceu uma base para construi\u00e7\u00e3o da campanha.<\/p>\n<p>Embora o dinheiro arrecadado tenha feito, e continue a fazer, a diferen\u00e7a para o futuro das novas gera\u00e7\u00f5es de palestinos, outros planos foram tra\u00e7ados na \u00e9poca para consolidar um v\u00ednculo mais forte e duradouro entre os envolvidos.<\/p>\n<p>Em 2019, foi lan\u00e7ada oficialmente a <a href=\"https:\/\/www.aidaceltic.com\/\" target=\"_blank\" rel=\"noopener\">Aida Celtic<\/a>, uma <strong>Academia de futebol que representava o Campo de Refugiados de Aida<\/strong>. Gerenciada localmente pelo <strong>Lajee Center<\/strong> e apoiada internacionalmente pelo <strong>Green Brigade<\/strong>, tinha como metas alcan\u00e7ar n\u00edveis semelhantes de apoio e generosidade, concedidos \u00e0 campanha <em>#MatchTheFineForPalestine<\/em>, que estabeleceu as bases para sua forma\u00e7\u00e3o.<\/p>\n<p>Desde sua cria\u00e7\u00e3o, a rede de apoio para a academia e as estrat\u00e9gias para reavivar o entusiasmo que cercou a campanha iniciada em agosto de 2016, foram fundamentais para o sucesso da Aida Celtic.<\/p>\n<p>A exposi\u00e7\u00e3o criada em torno da cria\u00e7\u00e3o da Aida Celtic promoveu a conscientiza\u00e7\u00e3o sobre a situa\u00e7\u00e3o dos palestinos e incentivou o florescimento de relacionamentos e poss\u00edveis aberturas para o di\u00e1logo, entre e sobre os dois estados: Palestina e Israel. V\u00e1rias figuras famosas contribu\u00edram para a campanha, desde ent\u00e3o, como o cantor <strong>Roger Waters<\/strong>, um dos fundadores do <strong>Pink Floyd<\/strong>, que exibiu a ic\u00f4nica bandeira da Palestina em um dos seus shows ao vivo, durante sua turn\u00ea em 2016, para uma audi\u00eancia global.<\/p>\n<p>Outra figura de grande import\u00e2ncia foi o ex-jogador e lenda do futebol, <strong>Eric Cantona<\/strong>, que posou com a camisa da Aida Celtic e publicou a foto em suas redes sociais. Cantona, como sua esposa, <strong>Rachida Brakni<\/strong>, s\u00e3o conhecidos tamb\u00e9m por suas lutas e solidariedades com a quest\u00e3o palestina.<\/p>\n<p>&nbsp;<\/p>\n<div id=\"attachment_11376\" class=\"wp-caption aligncenter\" style=\"width: 1920px\"><a href=\"https:\/\/www.futbox.com\/blog\/wp-content\/uploads\/2023\/11\/eric-e-roger-palestine.jpg\"><img loading=\"lazy\" decoding=\"async\" class=\"wp-image-11376 size-full colorbox-11361\" src=\"https:\/\/www.futbox.com\/blog\/wp-content\/uploads\/2023\/11\/eric-e-roger-palestine.jpg\" alt=\"Cantona e Roger Waters em defesa da Palestina\" width=\"1920\" height=\"1080\" srcset=\"https:\/\/www.futbox.com\/blog\/wp-content\/uploads\/2023\/11\/eric-e-roger-palestine.jpg 1920w, https:\/\/www.futbox.com\/blog\/wp-content\/uploads\/2023\/11\/eric-e-roger-palestine-300x169.jpg 300w, https:\/\/www.futbox.com\/blog\/wp-content\/uploads\/2023\/11\/eric-e-roger-palestine-1024x576.jpg 1024w, https:\/\/www.futbox.com\/blog\/wp-content\/uploads\/2023\/11\/eric-e-roger-palestine-768x432.jpg 768w, https:\/\/www.futbox.com\/blog\/wp-content\/uploads\/2023\/11\/eric-e-roger-palestine-1536x864.jpg 1536w, https:\/\/www.futbox.com\/blog\/wp-content\/uploads\/2023\/11\/eric-e-roger-palestine-620x349.jpg 620w\" sizes=\"auto, (max-width: 1920px) 100vw, 1920px\" \/><\/a><p class=\"wp-caption-text\">Cantona e Roger Waters em defesa da Palestina<\/p><\/div>\n<p>&nbsp;<\/p>\n<p>Todavia, seria ing\u00eanuo por parte daqueles que fazem a gest\u00e3o da Aida Celtic, esperar o mesmo apoio financeiro de marcas e fornecedores esportivos. Por isso, a parceria com a popular distribuidora de moda, \u201cA Number of Names\u201d tornou-se vital. A marca <strong>Anon<\/strong> pode n\u00e3o ser um nome conhecido por grande parte dos torcedores mundiais, mas est\u00e1 bem estabelecida no mercado e abra\u00e7ou uma causa de grande import\u00e2ncia para todos os povos, n\u00e3o somente os palestinos.<\/p>\n<p>Enquanto alguns podem questionar o motivo dessa parceria, os mais perspicazes reconhecem que a Aida Celtic possui reais condi\u00e7\u00f5es de gerar receitas suficientes para honrar seus compromissos, al\u00e9m de fornecer kits de qualidade para suas equipes na academia, uma vez que sua ic\u00f4nica camisa listrada em verde e branco (em alus\u00e3o e homenagem ao Celtic FC), foi lan\u00e7ada com grande repercuss\u00e3o mundial, onde todos os lucros ser\u00e3o destinados para a Aida Celtic.<\/p>\n<p>Por enquanto, os objetivos da Academia s\u00e3o simples e modestos: proporcionar aos jovens jogadores de futebol, refugiados palestinos, um ambiente saud\u00e1vel, seguro e totalmente equipado e estruturado.<\/p>\n<p>Com orienta\u00e7\u00e3o correta e apoio internacional, espera-se que a Aida Celtic flores\u00e7a a partir do seu humilde come\u00e7o, assim como aconteceu com o clube escoc\u00eas, parceiro que empresta o seu nome e identidade.<\/p>\n<p>&nbsp;<\/p>\n<div id=\"attachment_11372\" class=\"wp-caption aligncenter\" style=\"width: 1024px\"><a href=\"https:\/\/www.futbox.com\/blog\/wp-content\/uploads\/2023\/11\/aida-celtic-foto-7.jpg\"><img loading=\"lazy\" decoding=\"async\" class=\"wp-image-11372 size-full colorbox-11361\" src=\"https:\/\/www.futbox.com\/blog\/wp-content\/uploads\/2023\/11\/aida-celtic-foto-7.jpg\" alt=\"Equipe da Aida Celtic: orgulho e gratid\u00e3o pela oportunidade de jogar bola\" width=\"1024\" height=\"576\" srcset=\"https:\/\/www.futbox.com\/blog\/wp-content\/uploads\/2023\/11\/aida-celtic-foto-7.jpg 1024w, https:\/\/www.futbox.com\/blog\/wp-content\/uploads\/2023\/11\/aida-celtic-foto-7-300x169.jpg 300w, https:\/\/www.futbox.com\/blog\/wp-content\/uploads\/2023\/11\/aida-celtic-foto-7-768x432.jpg 768w, https:\/\/www.futbox.com\/blog\/wp-content\/uploads\/2023\/11\/aida-celtic-foto-7-620x349.jpg 620w\" sizes=\"auto, (max-width: 1024px) 100vw, 1024px\" \/><\/a><p class=\"wp-caption-text\">Equipe da Aida Celtic: orgulho e gratid\u00e3o pela oportunidade de jogar bola<\/p><\/div>\n<p>&nbsp;<\/p>\n<p>O marca Celtic \u00e9 universal, o uniforme \u00e9 ic\u00f4nico, sua hist\u00f3ria \u00e9 valorizada e seus torcedores\/apoiadores s\u00e3o diferenciados. Al\u00e9m do lastro significativo aqui, o Celtic oferece uma estrutura robusta e comprometida com a causa palestina, proporcionando mais uma hist\u00f3ria de sucesso em sua trajet\u00f3ria, dentro e fora dos gramados.<\/p>\n<p><strong>\u00c9 uma cren\u00e7a universal que o futebol pode quebrar barreiras e trazer esperan\u00e7a para todos. Espera-se que a Aida Celtic, que se encontra diante de um muro de separa\u00e7\u00e3o ilegal, seja o pr\u00f3ximo exemplo disso.<\/strong><\/p>\n<p>&nbsp;<\/p>\n<p>\u2022 <a href=\"https:\/\/www.aidaceltic.com\/aida-celtic-an-imminent-legacy\" target=\"_blank\" rel=\"noopener\">Artigo publicado originalmente no site da Aida Celtic<\/a><\/p>\n<p>\u2022 Foto de capa: Ag\u00eancia Reuters<\/p>\n<p>&nbsp;<\/p>\n<p>Para mais not\u00edcias e atualiza\u00e7\u00f5es siga:<\/p>\n<p>&nbsp;<\/p>\n<h3>\u2022 Aida Celtic:<\/h3>\n<p><a href=\"https:\/\/www.aidaceltic.com\" target=\"_blank\" rel=\"noopener\">Site<\/a> | <a href=\"https:\/\/www.instagram.com\/aidaceltic\" target=\"_blank\" rel=\"noopener\">Instagram<\/a> | <a href=\"https:\/\/twitter.com\/aida_celtic\" target=\"_blank\" rel=\"noopener\">Twitter<\/a><\/p>\n<p>&nbsp;<\/p>\n<h3>\u2022 Medical Aid for Palestinians:<\/h3>\n<p><a href=\"https:\/\/www.map.org.uk\" target=\"_blank\" rel=\"noopener\">Site<\/a> | <a href=\"https:\/\/www.instagram.com\/medicalaidpal\" target=\"_blank\" rel=\"noopener\">Instagram<\/a> | <a href=\"https:\/\/twitter.com\/medicalaidpal\" target=\"_blank\" rel=\"noopener\">Twitter<\/a> | <a href=\"https:\/\/www.facebook.com\/MedicalAidforPalestinians\" target=\"_blank\" rel=\"noopener\">Facebook<\/a><\/p>\n<p>A <strong>Ajuda M\u00e9dica aos Palestinianos (MAP)<\/strong> trabalha em parceria com as comunidades palestinianas para defender os seus direitos \u00e0 sa\u00fade e \u00e0 dignidade, atrav\u00e9s do desenvolvimento de servi\u00e7os de sa\u00fade eficazes, sustent\u00e1veis \u200b\u200be liderados localmente, da presta\u00e7\u00e3o de ajuda m\u00e9dica durante emerg\u00eancias e de campanhas para derrubar as barreiras \u00e0 sa\u00fade e aos cuidados de sa\u00fade palestinos, hoje e no futuro.<\/p>\n<p><strong>Vis\u00e3o:<\/strong> um futuro em que todos os palestinianos possam aceder a um sistema de cuidados de sa\u00fade eficaz, sustent\u00e1vel e liderado localmente e \u00e0 plena realiza\u00e7\u00e3o dos seus direitos \u00e0 sa\u00fade e \u00e0 dignidade.<\/p>\n<p><strong>Miss\u00e3o:<\/strong> trabalhar pela sa\u00fade e dignidade dos palestinos que vivem sob ocupa\u00e7\u00e3o e como refugiados.<\/p>\n<p><strong>Objetivo:<\/strong> a plena realiza\u00e7\u00e3o do potencial de sa\u00fade e bem-estar dos palestinianos, apoiado por um sistema de sa\u00fade sustent\u00e1vel, de alta qualidade, facilmente acess\u00edvel e gerido localmente.<\/p>\n<p>&nbsp;<\/p>\n<h3>\u2022 Lajee Center:<\/h3>\n<p><a href=\"https:\/\/lajee.org\" target=\"_blank\" rel=\"noopener\">Site<\/a> | <a href=\"https:\/\/www.instagram.com\/lajeecenter\" target=\"_blank\" rel=\"noopener\">Instagram<\/a> | <a href=\"https:\/\/twitter.com\/lajeecenter\" target=\"_blank\" rel=\"noopener\">Twitter<\/a> | <a href=\"https:\/\/www.facebook.com\/lajeecenter\" target=\"_blank\" rel=\"noopener\">Facebook<\/a><\/p>\n<p>O <strong>Lajee Center<\/strong> (Centro Refugiados) \u00e9 uma organiza\u00e7\u00e3o independente e n\u00e3o governamental da sociedade civil palestina, com sede no Campo de Refugiados de Aida\/Bel\u00e9m. A vis\u00e3o, miss\u00e3o, programas e rela\u00e7\u00f5es do Centro para Refugiados derivam da sua identidade palestina, da luta pela justi\u00e7a e igualdade e dos princ\u00edpios dos direitos humanos, com base nos quais o trabalho \u00e9 conduzido no Centro para promover os direitos individuais e coletivos. do povo palestino.<\/p>\n<p>O trabalho do <strong>Lajee Center<\/strong> visa desenvolver as capacidades e compet\u00eancias dos jovens refugiados nos campos cultural, educacional, art\u00edstico e social, proporcionando um ambiente melhor, proporcionando capacidades que facilitem ao grupo-alvo real\u00e7ar as suas capacidades e talentos e desenvolver os seus compet\u00eancias e criando a atmosfera e as condi\u00e7\u00f5es adequadas para permitir que a gera\u00e7\u00e3o emergente de refugiados palestinianos exer\u00e7a os seus direitos e defenda todos os direitos do povo palestiniano.<\/p>\n<p>&nbsp;<\/p>\n<h3>Veja tamb\u00e9m:<\/h3>\n<p>&nbsp;<\/p>\n<p><a href=\"https:\/\/www.futbox.com\/blog\/futebol-outros\/a-naturalizacao-daquilo-que-nao-faz-parte\" target=\"_blank\" rel=\"noopener\">A naturaliza\u00e7\u00e3o daquilo que n\u00e3o faz parte<\/a><\/p>\n<p><a href=\"https:\/\/www.futbox.com\/blog\/futebol-outros\/ha-8-anos-acontecia-uma-partida-historica-de-futebol-na-palestina-equipes-de-gaza-e-cisjordania-se-encontravam-apos-15-anos-do-bloqueio-imposto-por-israel#google_vignette\" target=\"_blank\" rel=\"noopener\">H\u00e1 8 anos acontecia uma partida hist\u00f3rica de futebol na Palestina: equipes de Gaza e Cisjord\u00e2nia se encontravam ap\u00f3s 15 anos do bloqueio imposto por Israel<\/a><\/p>\n<p><a href=\"https:\/\/www.futbox.com\/blog\/futebol-outros\/cinema-streaming-jornalismo-e-a-inversao-total-de-sentido\" target=\"_blank\" rel=\"noopener\">Cinema, Streaming, Jornalismo e a invers\u00e3o total de sentido<\/a><\/p>\n<p><a href=\"https:\/\/www.futbox.com\/blog\/futebol-outros\/var-a-inovacao-nao-esta-na-tecnologia-mas-sim-no-comportamento\" target=\"_blank\" rel=\"noopener\">VAR: a inova\u00e7\u00e3o n\u00e3o est\u00e1 na tecnologia, mas sim, no comportamento<\/a><\/p>\n<p><a href=\"https:\/\/www.linkedin.com\/pulse\/paradoxo-contempor%25C3%25A2neo-adriano-%25C3%25A1vila-alamy\/?trackingId=vDYq4zqDQpW9gjA251J3qw%3D%3D\" target=\"_blank\" rel=\"noopener\">Paradoxo Contempor\u00e2neo<\/a><\/p>\n<p><a href=\"https:\/\/www.futbox.com\/blog\/clubes\/guia-do-mundo-arabe-fc-os-significados-dos-nomes-de-250-clubes-de-23-paises\" target=\"_blank\" rel=\"noopener\">Guia do Mundo \u00c1rabe FC: Os significados dos nomes de 250 clubes de 23 pa\u00edses<\/a><\/p>\n<p><a href=\"https:\/\/www.futbox.com\/blog\/opiniao\/futebol-e-politica\" target=\"_blank\" rel=\"noopener\">Pol\u00edtica FC: Futebol, Cinema e Hist\u00f3ria\u00a0<\/a><\/p>\n<p><a href=\"https:\/\/www.futbox.com\/blog\/fora-das-4-linhas\/para-mulheres-jogar-futebol-ja-foi-caso-de-policia-durante-a-ditadura\" target=\"_blank\" rel=\"noopener\">Para mulheres, jogar futebol j\u00e1 foi caso de pol\u00edcia durante a ditadura<\/a><\/p>\n<p><a href=\"https:\/\/www.futbox.com\/blog\/fora-das-4-linhas\/honduras-contra-el-salvador-a-partida-de-futebol-que-iniciou-uma-guerra\" target=\"_blank\" rel=\"noopener\">Honduras contra El Salvador: A partida de futebol que iniciou uma guerra<\/a><\/p>\n<p><a href=\"https:\/\/www.futbox.com\/blog\/campeonatos\/mundialito-a-copa-que-a-fifa-escondeu\" target=\"_blank\" rel=\"noopener\">Mundialito: a Copa que a Fifa escondeu<\/a><\/p>\n<p><a href=\"https:\/\/www.futbox.com\/blog\/futebol-outros\/fatos-historicos-e-reconhecimentos\" target=\"_blank\" rel=\"noopener\">Fatos Hist\u00f3ricos e Reconhecimentos<\/a><\/p>\n<p><a href=\"https:\/\/www.futbox.com\/blog\/campeonatos\/a-historia-do-campeonato-brasileiro\" target=\"_blank\" rel=\"noopener\">A hist\u00f3ria do Campeonato Brasileiro<\/a><\/p>\n<p><a href=\"https:\/\/www.futbox.com\/blog\/campeonatos\/campeonato-brasileiro-nomenclatura-e-significado-historico\" target=\"_blank\" rel=\"noopener\">Campeonato Brasileiro: nomenclatura e significado hist\u00f3rico<\/a><\/p>\n<p><a href=\"http:\/\/bit.ly\/Futbox3TS\" target=\"_blank\" rel=\"noopener\">Metodologia dos 3Ts: Tradi\u00e7\u00e3o, Torcida e Trof\u00e9us<\/a><\/p>\n<p><a href=\"https:\/\/www.futbox.com\/blog\/opiniao\/10-novas-regras-para-o-futebol\" target=\"_blank\" rel=\"noopener\">10 Novas Regras para o Futebol<\/a><\/p>\n<p><a href=\"https:\/\/www.futbox.com\/blog\/opiniao\/novas-demarcacoes-campo-de-futebol\" target=\"_blank\" rel=\"noopener\">As Novas Demarca\u00e7\u00f5es do Campo de Futebol<\/a><\/p>\n<p><a href=\"https:\/\/www.futbox.com\/blog\/clubes\/novo-calendario-do-futebol-brasileiro-a-partir-da-temporada-2023-24\" target=\"_blank\" rel=\"noopener\">O Novo Calend\u00e1rio do Futebol Brasileiro<\/a><\/p>\n<p>&nbsp;<\/p>\n<h3>FUTBOX &#8211; Centro de Pesquisa Gr\u00e1fica Sobre Futebol:<\/h3>\n<p>&nbsp;<\/p>\n<p><a href=\"https:\/\/linktr.ee\/FUTBOX_Projects\" target=\"_blank\" rel=\"noopener\">Projetos desenvolvidos para clubes de futebol, marcas esportivas, empresas e festivais de cinema<\/a><\/p>\n<p><a href=\"https:\/\/linktr.ee\/futbox_\" target=\"_blank\" rel=\"noopener\">Canais e Redes Sociais<\/a><\/p>\n<p class=\"sc-hKgILt ilsgNQ\"><a href=\"https:\/\/linktr.ee\/adrianoavila\" target=\"_blank\" rel=\"noopener\">Artigos sobre futebol e esporte a partir do equil\u00edbrio entre tradi\u00e7\u00e3o e inova\u00e7\u00e3o<\/a><\/p>\n<p>&nbsp;<\/p>\n<p>&nbsp;<\/p>\n","protected":false},"excerpt":{"rendered":"<p>\u00c9 uma cren\u00e7a universal que o futebol pode quebrar barreiras e trazer esperan\u00e7a para todos.<\/p>\n","protected":false},"author":8,"featured_media":11378,"comment_status":"open","ping_status":"open","sticky":true,"template":"","format":"standard","meta":{"footnotes":""},"categories":[1],"tags":[2136,2132,2126,2137,2107,2127,364,2109,998,2099,600,672,2112,2101,1079,1095,196,194,2130,2111,2125,2119,2124,500,2118,2116,2114,2115,2123,686,2122,487,369,2108,2129,2128,2131,1075,1105,2117,2100,1076,2096,2097,2134,2135,2110,2138,2133,2113,1080,2121,2120,932,658,647],"class_list":["post-11361","post","type-post","status-publish","format-standard","has-post-thumbnail","hentry","category-futebol-outros","tag-a-number-of-names","tag-aida-celtic","tag-aida-refugee-camp","tag-anon","tag-belem","tag-bethlehem","tag-celtic","tag-celtic-football-club","tag-champions","tag-cisjordania","tag-england","tag-eric-cantona","tag-escocia","tag-faixa-de-gaza","tag-football","tag-futbol","tag-futbox","tag-futebol","tag-gaza-strip","tag-glasgow","tag-green-brigade","tag-hapoel-beer-sheva","tag-iceland","tag-inglaterra","tag-ireland","tag-irish","tag-irlanda","tag-irlanda-do-norte","tag-islandia","tag-israel","tag-kr-reykjavik","tag-liga-dos-campeoes","tag-liga-dos-campeoes-da-uefa","tag-map","tag-match-the-fine-for-palestine","tag-matchthefineforpalestine","tag-medical-aid-for-palestine","tag-mena","tag-middle-east","tag-northern-ireland","tag-onu","tag-oriente-medio","tag-palestina","tag-palestine","tag-pink-floyd","tag-rachida-brakni","tag-rangers","tag-reuters","tag-roger-waters","tag-scotland","tag-soccer","tag-tel-aviv","tag-telavive","tag-ucl","tag-uefa","tag-uefa-champions-league"],"_links":{"self":[{"href":"https:\/\/www.futbox.com\/blog\/wp-json\/wp\/v2\/posts\/11361","targetHints":{"allow":["GET"]}}],"collection":[{"href":"https:\/\/www.futbox.com\/blog\/wp-json\/wp\/v2\/posts"}],"about":[{"href":"https:\/\/www.futbox.com\/blog\/wp-json\/wp\/v2\/types\/post"}],"author":[{"embeddable":true,"href":"https:\/\/www.futbox.com\/blog\/wp-json\/wp\/v2\/users\/8"}],"replies":[{"embeddable":true,"href":"https:\/\/www.futbox.com\/blog\/wp-json\/wp\/v2\/comments?post=11361"}],"version-history":[{"count":17,"href":"https:\/\/www.futbox.com\/blog\/wp-json\/wp\/v2\/posts\/11361\/revisions"}],"predecessor-version":[{"id":11549,"href":"https:\/\/www.futbox.com\/blog\/wp-json\/wp\/v2\/posts\/11361\/revisions\/11549"}],"wp:featuredmedia":[{"embeddable":true,"href":"https:\/\/www.futbox.com\/blog\/wp-json\/wp\/v2\/media\/11378"}],"wp:attachment":[{"href":"https:\/\/www.futbox.com\/blog\/wp-json\/wp\/v2\/media?parent=11361"}],"wp:term":[{"taxonomy":"category","embeddable":true,"href":"https:\/\/www.futbox.com\/blog\/wp-json\/wp\/v2\/categories?post=11361"},{"taxonomy":"post_tag","embeddable":true,"href":"https:\/\/www.futbox.com\/blog\/wp-json\/wp\/v2\/tags?post=11361"}],"curies":[{"name":"wp","href":"https:\/\/api.w.org\/{rel}","templated":true}]}}