{"id":12316,"date":"2024-07-07T11:19:06","date_gmt":"2024-07-07T14:19:06","guid":{"rendered":"https:\/\/www.futbox.com\/blog\/?p=12316"},"modified":"2025-09-07T12:00:04","modified_gmt":"2025-09-07T15:00:04","slug":"a-desconstrucao-estetica-e-tatica-do-futebol-brasileiro","status":"publish","type":"post","link":"https:\/\/www.futbox.com\/blog\/futebol-outros\/a-desconstrucao-estetica-e-tatica-do-futebol-brasileiro","title":{"rendered":"A desconstru\u00e7\u00e3o est\u00e9tica e t\u00e1tica do futebol brasileiro"},"content":{"rendered":"<p>Camisa verde e amarela sem peso, t\u00e9cnico sem imagina\u00e7\u00e3o e que desidrata os seus talentos, jogadores adolescentes &#8211; salvo rar\u00edssimas exce\u00e7\u00f5es &#8211; e torcida de instagram. A desconstru\u00e7\u00e3o est\u00e9tica e t\u00e1tica do sele\u00e7\u00e3o brasileira n\u00e3o se deu da noite para o dia. Foram necess\u00e1rios muito empenho, dedica\u00e7\u00e3o e networking, durante d\u00e9cadas, dos respons\u00e1veis pela (des)organiza\u00e7\u00e3o do futebol brasileiro.<\/p>\n<p>O uniforme est\u00e1 sem personalidade faz tempo, sem lastro, com um tom amarelo p\u00e1lido, onde inserir grafismos sobre Amaz\u00f4nia, Pantanal, cidadania, clima ou materiais de reciclagem (com acabamento duvidoso) fossem a \u201csolu\u00e7\u00e3o criativa\u201d para aproximar a sele\u00e7\u00e3o do seu povo ou mesmo, celebrar o futebol brasileiro. Um recalque em rela\u00e7\u00e3o \u00e0 nossa irresponsabilidade diante das pautas sociais, culturais e clim\u00e1ticas.<\/p>\n<p>&nbsp;<\/p>\n<h3>O uniforme da sele\u00e7\u00e3o brasileira precisa ser do tamanho do Brasil no futebol<\/h3>\n<p>&nbsp;<\/p>\n<p>A inova\u00e7\u00e3o est\u00e1 no material, no corte, nos tags, no comportamento, relacionamento e nos meios de consumo dos produtos e n\u00e3o, necessariamente, em texturas e modelos sem personalidade, com a pretens\u00e3o de \u201cconversarem\u201d com os jovens por meio de tentativas cafonas de design emulando ambientes de \u201ceGames \/ eSports\u201d. (<a href=\"https:\/\/www.futbox.com\/blog\/futebol-outros\/o-uniforme-da-selecao-brasileira-precisa-ser-do-tamanho-do-brasil-no-futebol\" target=\"_blank\" rel=\"noopener\">Mais a respeito desse t\u00f3pico aqui<\/a>).<\/p>\n<p>&nbsp;<\/p>\n<div id=\"attachment_12347\" class=\"wp-caption aligncenter\" style=\"width: 1265px\"><a href=\"https:\/\/www.futbox.com\/blog\/wp-content\/uploads\/2024\/07\/Brasil-1970-Foto-Lemyr-Martins-Lemyr-Martins.jpg\"><img loading=\"lazy\" decoding=\"async\" class=\"wp-image-12347 size-full colorbox-12316\" src=\"https:\/\/www.futbox.com\/blog\/wp-content\/uploads\/2024\/07\/Brasil-1970-Foto-Lemyr-Martins-Lemyr-Martins.jpg\" alt=\"1970, Copa do Mundo - Brasil. Foto: Lemyr Martins\" width=\"1265\" height=\"760\" srcset=\"https:\/\/www.futbox.com\/blog\/wp-content\/uploads\/2024\/07\/Brasil-1970-Foto-Lemyr-Martins-Lemyr-Martins.jpg 1265w, https:\/\/www.futbox.com\/blog\/wp-content\/uploads\/2024\/07\/Brasil-1970-Foto-Lemyr-Martins-Lemyr-Martins-300x180.jpg 300w, https:\/\/www.futbox.com\/blog\/wp-content\/uploads\/2024\/07\/Brasil-1970-Foto-Lemyr-Martins-Lemyr-Martins-1024x615.jpg 1024w, https:\/\/www.futbox.com\/blog\/wp-content\/uploads\/2024\/07\/Brasil-1970-Foto-Lemyr-Martins-Lemyr-Martins-768x461.jpg 768w, https:\/\/www.futbox.com\/blog\/wp-content\/uploads\/2024\/07\/Brasil-1970-Foto-Lemyr-Martins-Lemyr-Martins-620x372.jpg 620w\" sizes=\"auto, (max-width: 1265px) 100vw, 1265px\" \/><\/a><p class=\"wp-caption-text\">1970, Copa do Mundo &#8211; Brasil. Foto: Lemyr Martins<\/p><\/div>\n<p>&nbsp;<\/p>\n<div id=\"attachment_12343\" class=\"wp-caption aligncenter\" style=\"width: 1561px\"><a href=\"https:\/\/www.futbox.com\/blog\/wp-content\/uploads\/2024\/07\/bra_1974-Riva-vs-Zaire-3x0-1.jpg\"><img loading=\"lazy\" decoding=\"async\" class=\"wp-image-12343 size-full colorbox-12316\" src=\"https:\/\/www.futbox.com\/blog\/wp-content\/uploads\/2024\/07\/bra_1974-Riva-vs-Zaire-3x0-1.jpg\" alt=\"1974, Copa do Mundo: Roberto Rivellino vs Zaire. Foto: Tomikoshi Photography\" width=\"1561\" height=\"1417\" srcset=\"https:\/\/www.futbox.com\/blog\/wp-content\/uploads\/2024\/07\/bra_1974-Riva-vs-Zaire-3x0-1.jpg 1561w, https:\/\/www.futbox.com\/blog\/wp-content\/uploads\/2024\/07\/bra_1974-Riva-vs-Zaire-3x0-1-300x272.jpg 300w, https:\/\/www.futbox.com\/blog\/wp-content\/uploads\/2024\/07\/bra_1974-Riva-vs-Zaire-3x0-1-1024x930.jpg 1024w, https:\/\/www.futbox.com\/blog\/wp-content\/uploads\/2024\/07\/bra_1974-Riva-vs-Zaire-3x0-1-768x697.jpg 768w, https:\/\/www.futbox.com\/blog\/wp-content\/uploads\/2024\/07\/bra_1974-Riva-vs-Zaire-3x0-1-1536x1394.jpg 1536w, https:\/\/www.futbox.com\/blog\/wp-content\/uploads\/2024\/07\/bra_1974-Riva-vs-Zaire-3x0-1-620x563.jpg 620w\" sizes=\"auto, (max-width: 1561px) 100vw, 1561px\" \/><\/a><p class=\"wp-caption-text\">1974, Copa do Mundo: Roberto Rivellino vs Zaire. Foto: Tomikoshi Photography<\/p><\/div>\n<p>&nbsp;<\/p>\n<p>O futebol apresentado pela sele\u00e7\u00e3o brasileira, desde os 7&#215;1 (maior vexame de todos os tempos no futebol mundial), \u00e9 limitado e nem um pouco corajoso. <strong>Coer\u00eancia, muitas vezes \u00e9 a desculpa preferida quando n\u00e3o existe criatividade em campo ou no banco de reservas.<\/strong> O t\u00e9cnico anterior, que comandou o Brasil nas Copas de 2018 e 2022, foi bem coerente nesse sentido. E vaidoso, reduzindo a qualidade do plantel que tinha nas m\u00e3os aos seus objetivos particulares. Isso ficou n\u00edtido quando abandonou os jogadores brasileiros chorando no campo, em 2022. (<a href=\"https:\/\/www.futbox.com\/blog\/fora-das-4-linhas\/perna-curta\" target=\"_blank\" rel=\"noopener\">Perna Curta: artigo sobre a derrota para a Cro\u00e1cia<\/a>).<\/p>\n<p>J\u00e1 o t\u00e9cnico atual, apesar de usar o casaco do \u201cVelho Lobo\u201d, est\u00e1 longe, muito longe de ser um predador dentro das 4 linhas. Ficou de fora da &#8220;rodinha&#8221;, inclusive, na disputa por p\u00eanaltis contra o Uruguai pelas Quartas da Copa Am\u00e9rica de 2024, ao contr\u00e1rio de <em>&#8220;El Loco Bielsa&#8221;<\/em>, que foi o centro das aten\u00e7\u00f5es na Celeste Ol\u00edmpica. <strong>Verdade que tal fato \u00e9 consequ\u00eancia tamb\u00e9m da imaturidade e aliena\u00e7\u00e3o dos jogadores brasileiros, craques de Instagram e Tiktok, mas que desaparecem em jogos contra adultos<\/strong>.<\/p>\n<p>Soma-se a isso o drible que, ainda por cima, \u00e9 punido nos gramados por \u00e1rbitros e jogadores e nas arquibancadas pelos torcedores que, em sua grande maioria, s\u00e3o aqueles que podem pagar os planos de s\u00f3cios, pois o pov\u00e3o no Brasil, s\u00f3 \u00e9 chamado, de fato, quando o clube est\u00e1 prestes a cair. Lembrando: o jogador brasileiro n\u00e3o costuma nascer no Leblon e nem na Faria Lima.<\/p>\n<p>&nbsp;<\/p>\n<h3>Vale tudo pelo resultado. Inclusive, deixar de ser Brasil<\/h3>\n<p>&nbsp;<\/p>\n<p>A est\u00e9tica tamb\u00e9m se aplica em como o \u201cjogo \u00e9 jogado\u201d. <strong>Desde 1982, a ess\u00eancia do futebol brasileiro vem sendo colocada \u00e0 prova por treinadores e comentaristas<\/strong>, geralmente brasileiros, que preferem jogar feio e ganhar do que jogar bonito e perder. Eu, particularmente, prefiro jogar bonito e ganhar.<\/p>\n<p>De tempos em tempos \u00e9 preciso que treinadores estrangeiros nos lembrem que essa m\u00e1xima \u00e9 poss\u00edvel, mesmo com armadilhas no percurso como Parreira e Felip\u00e3o, treinadores campe\u00f5es do mundo e que merecem respeito e gratid\u00e3o, mas que possuem tamb\u00e9m em seus curr\u00edculos, 2006 e 2014.<\/p>\n<p>Parreira e Felip\u00e3o, esse \u00faltimo respons\u00e1vel direto pelo rebaixamento do Palmeiras em 2012 e premiado com o comando da sele\u00e7\u00e3o dois anos depois, nunca tiveram a plasticidade do jogo e nem a capacidade de surpreender o advers\u00e1rio como Tel\u00ea Santana o fez. Quem viveu a Copa da Espanha ou os t\u00edtulos mundiais do S\u00e3o Paulo (1992 e 1993) sabe do que estou falando. E quem for curioso pode saber tamb\u00e9m, basta assistir aos jogos no <em>streaming<\/em>.<\/p>\n<div id=\"attachment_12345\" class=\"wp-caption aligncenter\" style=\"width: 1842px\"><a href=\"https:\/\/www.futbox.com\/blog\/wp-content\/uploads\/2024\/07\/bra-1982-4x0-nzl-the-best.jpg\"><img loading=\"lazy\" decoding=\"async\" class=\"wp-image-12345 size-full colorbox-12316\" src=\"https:\/\/www.futbox.com\/blog\/wp-content\/uploads\/2024\/07\/bra-1982-4x0-nzl-the-best.jpg\" alt=\"1982, Copa do Mundo - sele\u00e7\u00e3o brasileira. Foto: Tomikoshi Photography\" width=\"1842\" height=\"1388\" srcset=\"https:\/\/www.futbox.com\/blog\/wp-content\/uploads\/2024\/07\/bra-1982-4x0-nzl-the-best.jpg 1842w, https:\/\/www.futbox.com\/blog\/wp-content\/uploads\/2024\/07\/bra-1982-4x0-nzl-the-best-300x226.jpg 300w, https:\/\/www.futbox.com\/blog\/wp-content\/uploads\/2024\/07\/bra-1982-4x0-nzl-the-best-1024x772.jpg 1024w, https:\/\/www.futbox.com\/blog\/wp-content\/uploads\/2024\/07\/bra-1982-4x0-nzl-the-best-768x579.jpg 768w, https:\/\/www.futbox.com\/blog\/wp-content\/uploads\/2024\/07\/bra-1982-4x0-nzl-the-best-1536x1157.jpg 1536w, https:\/\/www.futbox.com\/blog\/wp-content\/uploads\/2024\/07\/bra-1982-4x0-nzl-the-best-620x467.jpg 620w\" sizes=\"auto, (max-width: 1842px) 100vw, 1842px\" \/><\/a><p class=\"wp-caption-text\">1982, Copa do Mundo &#8211; sele\u00e7\u00e3o brasileira. Foto: Tomikoshi Photography<\/p><\/div>\n<p>&nbsp;<\/p>\n<p>Contudo, estamos formando gera\u00e7\u00f5es digitais que pensam o contr\u00e1rio, onde a vit\u00f3ria \u00e9 a \u00fanica coisa que importa, n\u00e3o importa como. A vida adulta ir\u00e1 mostrar o contr\u00e1rio. Fernando Diniz n\u00e3o resistiu \u00e0 ansiedade pelo resultado dos torcedores e de boa parte da imprensa em sua busca di\u00e1ria por cliques, algumas vezes em detrimento da veracidade ou qualidade das not\u00edcias divulgadas. Felizmente, existem bons jornalistas com vis\u00f5es cr\u00edticas (principalmente as mulheres) e com grande bagagem hist\u00f3rica sobre o futebol brasileiro.<\/p>\n<p>O ex-treinador do Fluminense, que conquistou o maior t\u00edtulo do clube, a Libertadores de 2023, pensou diferente, foi a l\u00e2mpada num ambiente de lampi\u00f5es. <strong>A filosofia de jogo do Diniz, antes de dar certo, vai dar errado um tempo e depende muito do talento que nem sempre se encontra nos clubes, mas na sele\u00e7\u00e3o brasileira, sim.<\/strong> N\u00e3o deram tempo para ele. O Brasil poderia ir aos trancos e barrancos nas Eliminat\u00f3rias, se classificar em sexto e disputar 8 jogos na Copa do Mundo, conquistando o hexa com um futebol digno da sua hist\u00f3ria. Quantas vezes nos deparamos com esse roteiro nas edi\u00e7\u00f5es passadas, n\u00e3o \u00e9 mesmo? <strong>Diniz pode ser o primeiro t\u00e9cnico brasileiro com sucesso na Europa<\/strong>.<\/p>\n<p>&nbsp;<\/p>\n<h3>7&#215;1 n\u00e3o \u00e9 placar. \u00c9 sintoma<\/h3>\n<p>&nbsp;<\/p>\n<p>A sele\u00e7\u00e3o pentacampe\u00e3 do mundo est\u00e1 repleta de adultos infantis, \u00e9 verdade, assim como as redes sociais. Jogadores, com raras exce\u00e7\u00f5es, que jogam por uma celebridade desconexa da realidade e n\u00e3o pelo pa\u00eds. Ali\u00e1s, o \u201cex-jogador em atividade\/celebridade\u201d em quest\u00e3o, foi e continua sendo, uma influ\u00eancia lament\u00e1vel para crian\u00e7as e jovens que se espelham em algu\u00e9m sem personalidade, sem maturidade e sem a no\u00e7\u00e3o do que significa ser um \u00eddolo, principalmente em tempos de redes sociais, onde essas mesmas determinam os valores dos sal\u00e1rios nos mercados e o pior, pautam a midia criando bizarrices em rela\u00e7\u00e3o a mat\u00e9rias e narra\u00e7\u00f5es. (<a href=\"https:\/\/www.futbox.com\/blog\/futebol-outros\/cinema-streaming-jornalismo-e-a-inversao-total-de-sentido\" target=\"_blank\" rel=\"noopener\">Uma reflex\u00e3o a respeito desse tema aqui: Cinema, Streaming, Jornalismo e a invers\u00e3o total de sentido<\/a>).<\/p>\n<p>Vin\u00edcius Jr. \u00e9 uma exce\u00e7\u00e3o dentro dos \u201cselecion\u00e1veis\u201d e merece elogios, dentro e fora de campo. Precisa apenas de um \u201cajuste fino\u201d: dentro de campo para n\u00e3o tomar cart\u00f5es amarelos desnecess\u00e1rios e fora dele, para n\u00e3o copiar procedimentos e atitudes de quem est\u00e1 na arquibancada. Nossa &#8220;celebridade desconexa&#8221; (pleonasmo?) n\u00e3o foi capaz de passar o bast\u00e3o dentro de campo. Tenta agora, fora dele.<\/p>\n<p>O atacante do Real Madrid n\u00e3o tem a obriga\u00e7\u00e3o de ser o novo protagonista dessa sele\u00e7\u00e3o, mas carrega essa miss\u00e3o. \u00c9 inevit\u00e1vel. E est\u00e1 sozinho tamb\u00e9m na luta contra o racismo, por exemplo. Sem falar de quando o assunto \u00e9 a viol\u00eancia contra a mulher. Nesse caso, o cen\u00e1rio piora muito: um espa\u00e7o sideral sem nenhum som vindo do campo ou de fora dele.<\/p>\n<p>Futebol e pol\u00edtica se misturam e precisam conversar sempre. O que \u00e9 diferente do primeiro ser usado pelo segundo como ferramenta de aliena\u00e7\u00e3o. Quem mata no tr\u00e2nsito \u00e9 o ser humano e n\u00e3o o carro. (<a href=\"https:\/\/www.futbox.com\/blog\/opiniao\/futebol-e-politica\" target=\"_blank\" rel=\"noopener\">Mais sobre esse bate-papo aqui: Pol\u00edtica FC: Futebol, Cinema e Hist\u00f3ria<\/a>).<\/p>\n<p>Afastar a periferia dos est\u00e1dios \u00e9 um tiro no p\u00e9 que insistimos em repetir. A prop\u00f3sito: est\u00e1dios e n\u00e3o arenas. E aqui temos mais um ingrediente indigesto nesse caldeir\u00e3o: <strong>a naturaliza\u00e7\u00e3o daquilo que n\u00e3o faz parte<\/strong>.\u00a0<strong>O jogo de bola em si vai aos poucos perdendo espa\u00e7o para as \u201cexperi\u00eancias\u201d em torno dele.<\/strong> J\u00e1 n\u00e3o \u00e9 mais suficiente assistir a uma partida de futebol, \u00e9 preciso apostar, interagir e dar opini\u00e3o em <em>\u201creal time\u201d<\/em>, al\u00e9m do pior: ressignificar locais onde se pratica o futebol para cen\u00e1rios de guerra, de confrontos e desafios armados, como s\u00e3o alguns ambientes famosos de games. Os respons\u00e1veis por naturalizar a mistura desses ambientes est\u00e3o anestesiados e desprovidos de qualquer\u00a0 pensamento cr\u00edtico a respeito. (<a href=\"https:\/\/www.futbox.com\/blog\/futebol-outros\/a-naturalizacao-daquilo-que-nao-faz-parte\" target=\"_blank\" rel=\"noopener\">Mais detalhes aqui<\/a>).<\/p>\n<p>O mesmo acontece com a AI (Intelig\u00eancia Artificial), que n\u00e3o \u00e9 \u201cintelig\u00eancia\u201d, muito menos \u201cartificial\u201d. Jovens e adultos fascinados com a possibilidade de criarem coisas sem ter talento algum ou dedicarem esfor\u00e7o para tal. Acreditam ser os agentes da transforma\u00e7\u00e3o, quando na verdade, s\u00e3o rob\u00f4s trabalhando de gra\u00e7a, mais uma vez, para gigantes corporativos. (<a href=\"https:\/\/www.linkedin.com\/pulse\/paradoxo-contempor%25C3%25A2neo-adriano-%25C3%25A1vila-alamy\/?trackingId=vDYq4zqDQpW9gjA251J3qw%3D%3D\" target=\"_blank\" rel=\"noopener\">Algumas provoca\u00e7\u00f5es neste artigo: Paradoxo Contempor\u00e2neo<\/a>).<\/p>\n<p>V\u00e1rias gera\u00e7\u00f5es cresceram ouvindo dizer que o Brasil era o pa\u00eds do futebol. Na verdade, o pa\u00eds-sede desse esporte, historicamente, s\u00e3o mais de um: <strong>Inglaterra, Argentina, Uruguai, M\u00e9xico, It\u00e1lia e Turquia possuem uma rela\u00e7\u00e3o entre sele\u00e7\u00e3o e torcida muito mais visceral do que temos aqui no Brasil<\/strong>, sejam nos jogos em seus pr\u00f3prios pa\u00edses ou por onde passam suas sele\u00e7\u00f5es. E a diferen\u00e7a nunca foi t\u00e3o abissal. O termo \u201cvisceral\u201d significa \u201crelativo&#8221; ou \u201cpertencente\u201d e a sele\u00e7\u00e3o brasileira deixa muito a desejar nesse quesito. Ela representa quem?<\/p>\n<p>&nbsp;<\/p>\n<div id=\"attachment_12349\" class=\"wp-caption aligncenter\" style=\"width: 1200px\"><a href=\"https:\/\/www.futbox.com\/blog\/wp-content\/uploads\/2024\/07\/Brasil-eliminado-pelo-Uruguai-Foto-Julio-Cortez-AP.jpg\"><img loading=\"lazy\" decoding=\"async\" class=\"wp-image-12349 size-full colorbox-12316\" src=\"https:\/\/www.futbox.com\/blog\/wp-content\/uploads\/2024\/07\/Brasil-eliminado-pelo-Uruguai-Foto-Julio-Cortez-AP.jpg\" alt=\"Brasil eliminado pelo Uruguai nos p\u00eanaltis. Foto: Julio Cortez | AP\" width=\"1200\" height=\"800\" srcset=\"https:\/\/www.futbox.com\/blog\/wp-content\/uploads\/2024\/07\/Brasil-eliminado-pelo-Uruguai-Foto-Julio-Cortez-AP.jpg 1200w, https:\/\/www.futbox.com\/blog\/wp-content\/uploads\/2024\/07\/Brasil-eliminado-pelo-Uruguai-Foto-Julio-Cortez-AP-300x200.jpg 300w, https:\/\/www.futbox.com\/blog\/wp-content\/uploads\/2024\/07\/Brasil-eliminado-pelo-Uruguai-Foto-Julio-Cortez-AP-1024x683.jpg 1024w, https:\/\/www.futbox.com\/blog\/wp-content\/uploads\/2024\/07\/Brasil-eliminado-pelo-Uruguai-Foto-Julio-Cortez-AP-768x512.jpg 768w, https:\/\/www.futbox.com\/blog\/wp-content\/uploads\/2024\/07\/Brasil-eliminado-pelo-Uruguai-Foto-Julio-Cortez-AP-620x413.jpg 620w\" sizes=\"auto, (max-width: 1200px) 100vw, 1200px\" \/><\/a><p class=\"wp-caption-text\">Brasil eliminado pelo Uruguai nos p\u00eanaltis. Foto: Julio Cortez | AP<\/p><\/div>\n<p>&nbsp;<\/p>\n<p>&nbsp;<\/p>\n<p>Foto de capa: Dorival J\u00fanior apo\u0301s eliminac\u0327a\u0303o do Brasil para o Uruguai na Copa Ame\u0301rica 2024 | Kevork Djansezian &#8211; Getty Images<\/p>\n<p>&nbsp;<\/p>\n<div id=\"divSpdInText\">\n<div data-scaffold-immersive-reader-content=\"\">\n<div class=\"reader-article-content reader-article-content--content-blocks\" dir=\"ltr\">\n<p class=\"sc-hKgILt ilsgNQ\">\n<\/div>\n<\/div>\n<div id=\"divSpdInText\">\n<h3>Veja tamb\u00e9m:<\/h3>\n<\/div>\n<\/div>\n<p>&nbsp;<\/p>\n<p><a href=\"https:\/\/www.futbox.com\/blog\/clubes\/super-mundial-a-diminuicao-do-valor-dos-clubes-pela-entrada-dos-seus-jogadores-em-campo\" target=\"_blank\" rel=\"noopener\">Super Mundial: a diminui\u00e7\u00e3o do valor dos clubes pela entrada dos seus jogadores em campo<\/a><\/p>\n<p><a href=\"https:\/\/www.futbox.com\/blog\/campeonatos\/mundial-de-clubes-menor-melhor-e-maior\" target=\"_blank\" rel=\"noopener\">Mundial de Clubes: menor, melhor e maior!<\/a><\/p>\n<p><a href=\"https:\/\/www.futbox.com\/blog\/selecoes\/a-selecao-favorita-para-a-copa-de-2026-pode-nem-se-classificar\" target=\"_blank\" rel=\"noopener\">A sele\u00e7\u00e3o favorita para a Copa de 2026 pode nem se classificar<\/a><\/p>\n<p><a href=\"https:\/\/www.futbox.com\/blog\/clubes\/o-paradoxo-de-1987\" target=\"_blank\" rel=\"noopener\">O Paradoxo de 1987<\/a><\/p>\n<p><a href=\"https:\/\/www.futbox.com\/blog\/fora-das-4-linhas\/laboratory-rats\" target=\"_blank\" rel=\"noopener\">LABORATORY RATS<\/a><\/p>\n<p><a href=\"https:\/\/www.futbox.com\/blog\/clubes\/intercontinental-cup\" target=\"_blank\" rel=\"noopener\">INTERCOLONIAL Cup<\/a><\/p>\n<p><a href=\"https:\/\/www.futbox.com\/blog\/futebol-outros\/o-uniforme-da-selecao-brasileira-precisa-ser-do-tamanho-do-brasil-no-futebol\" target=\"_blank\" rel=\"noopener\">O uniforme da sele\u00e7\u00e3o brasileira precisa ser do tamanho do Brasil no futebol<\/a><\/p>\n<div id=\"divSpdInText\">\n<div id=\"divSpdInText\">\n<div data-scaffold-immersive-reader-content=\"\">\n<div class=\"reader-article-content reader-article-content--content-blocks\" dir=\"ltr\">\n<p id=\"ember407\" class=\"ember-view reader-content-blocks__paragraph\"><a href=\"https:\/\/www.futbox.com\/blog\/futebol-outros\/var-a-inovacao-nao-esta-na-tecnologia-mas-sim-no-comportamento\" target=\"_blank\" rel=\"noopener\">VAR: a inova\u00e7\u00e3o n\u00e3o est\u00e1 na tecnologia, mas sim, no comportamento<\/a><\/p>\n<p><a href=\"https:\/\/www.futbox.com\/blog\/futebol-outros\/a-naturalizacao-daquilo-que-nao-faz-parte\" target=\"_blank\" rel=\"noopener\">A naturaliza\u00e7\u00e3o daquilo que n\u00e3o faz parte<\/a><\/p>\n<p id=\"ember408\" class=\"ember-view reader-content-blocks__paragraph\"><a href=\"https:\/\/www.futbox.com\/blog\/futebol-outros\/cinema-streaming-jornalismo-e-a-inversao-total-de-sentido\" target=\"_blank\" rel=\"noopener\">Cinema, Streaming, Jornalismo e a invers\u00e3o total de sentido<\/a><\/p>\n<p id=\"ember409\" class=\"ember-view reader-content-blocks__paragraph\"><a href=\"https:\/\/www.linkedin.com\/pulse\/paradoxo-contempor%25C3%25A2neo-adriano-%25C3%25A1vila-alamy\/?trackingId=vDYq4zqDQpW9gjA251J3qw%3D%3D\" target=\"_blank\" rel=\"noopener\">Paradoxo Contempor\u00e2neo<\/a><\/p>\n<p><a href=\"https:\/\/www.futbox.com\/blog\/futebol-design\/logotipo-da-copa-do-mundo-de-2026-seguro-porem-incomodo\" target=\"_blank\" rel=\"noopener\">Logotipo da Copa do Mundo de 2026: seguro, por\u00e9m inc\u00f4modo<\/a><\/p>\n<p><a href=\"https:\/\/www.futbox.com\/blog\/fora-das-4-linhas\/a-selecao-que-incomoda\" target=\"_blank\" rel=\"noopener\">A sele\u00e7\u00e3o que incomoda<\/a><\/p>\n<p><a href=\"https:\/\/www.futbox.com\/blog\/fora-das-4-linhas\/perna-curta\" target=\"_blank\" rel=\"noopener\">Perna Curta<\/a><\/p>\n<p><a href=\"https:\/\/www.futbox.com\/blog\/fora-das-4-linhas\/tempo\" target=\"_blank\" rel=\"noopener\">Tempo<\/a><\/p>\n<\/div>\n<\/div>\n<p><a href=\"https:\/\/www.futbox.com\/blog\/futebol-outros\/ha-8-anos-acontecia-uma-partida-historica-de-futebol-na-palestina-equipes-de-gaza-e-cisjordania-se-encontravam-apos-15-anos-do-bloqueio-imposto-por-israel#google_vignette\" target=\"_blank\" rel=\"noopener\">H\u00e1 8 anos acontecia uma partida hist\u00f3rica de futebol na Palestina: equipes de Gaza e Cisjord\u00e2nia se encontravam ap\u00f3s 15 anos do bloqueio imposto por Israel<\/a><\/p>\n<p><a href=\"https:\/\/www.futbox.com\/blog\/clubes\/guia-do-mundo-arabe-fc-os-significados-dos-nomes-de-250-clubes-de-23-paises\" target=\"_blank\" rel=\"noopener\">Guia do Mundo \u00c1rabe FC: Os significados dos nomes de 250 clubes de 23 pa\u00edses<\/a><\/p>\n<p><a href=\"https:\/\/www.futbox.com\/blog\/opiniao\/futebol-e-politica\" target=\"_blank\" rel=\"noopener\">Pol\u00edtica FC: Futebol, Cinema e Hist\u00f3ria\u00a0<\/a><\/p>\n<p><a href=\"https:\/\/www.futbox.com\/blog\/fora-das-4-linhas\/para-mulheres-jogar-futebol-ja-foi-caso-de-policia-durante-a-ditadura\" target=\"_blank\" rel=\"noopener\">Para mulheres, jogar futebol j\u00e1 foi caso de pol\u00edcia durante a ditadura<\/a><\/p>\n<p><a href=\"https:\/\/www.futbox.com\/blog\/fora-das-4-linhas\/honduras-contra-el-salvador-a-partida-de-futebol-que-iniciou-uma-guerra\" target=\"_blank\" rel=\"noopener\">Honduras contra El Salvador: A partida de futebol que iniciou uma guerra<\/a><\/p>\n<p><a href=\"https:\/\/www.futbox.com\/blog\/campeonatos\/mundialito-a-copa-que-a-fifa-escondeu\" target=\"_blank\" rel=\"noopener\">Mundialito: a Copa que a Fifa escondeu<\/a><\/p>\n<p><a href=\"https:\/\/www.futbox.com\/blog\/futebol-outros\/fatos-historicos-e-reconhecimentos\" target=\"_blank\" rel=\"noopener\">Fatos Hist\u00f3ricos e Reconhecimentos<\/a><\/p>\n<p><a href=\"https:\/\/www.futbox.com\/blog\/campeonatos\/a-historia-do-campeonato-brasileiro\" target=\"_blank\" rel=\"noopener\">A hist\u00f3ria do Campeonato Brasileiro<\/a><\/p>\n<p><a href=\"https:\/\/www.futbox.com\/blog\/campeonatos\/campeonato-brasileiro-nomenclatura-e-significado-historico\" target=\"_blank\" rel=\"noopener\">Campeonato Brasileiro: nomenclatura e significado hist\u00f3rico<\/a><\/p>\n<p><a href=\"http:\/\/bit.ly\/Futbox3TS\" target=\"_blank\" rel=\"noopener\">Metodologia dos 3Ts: Tradi\u00e7\u00e3o, Torcida e Trof\u00e9us<\/a><\/p>\n<p><a href=\"https:\/\/www.futbox.com\/blog\/opiniao\/10-novas-regras-para-o-futebol\" target=\"_blank\" rel=\"noopener\">10 Novas Regras para o Futebol<\/a><\/p>\n<p><a href=\"https:\/\/www.futbox.com\/blog\/opiniao\/novas-demarcacoes-campo-de-futebol\" target=\"_blank\" rel=\"noopener\">As Novas Demarca\u00e7\u00f5es do Campo de Futebol<\/a><\/p>\n<p><a href=\"https:\/\/www.futbox.com\/blog\/clubes\/novo-calendario-do-futebol-brasileiro-a-partir-da-temporada-2023-24\" target=\"_blank\" rel=\"noopener\">O Novo Calend\u00e1rio do Futebol Brasileiro<\/a><\/p>\n<p>&nbsp;<\/p>\n<div data-scaffold-immersive-reader-content=\"\">\n<div class=\"reader-article-content reader-article-content--content-blocks\" dir=\"ltr\"><\/div>\n<\/div>\n<div id=\"divSpdInText\">\n<div id=\"divSpdInText\">\n<div id=\"divSpdInText\">\n<div class=\"reader-article-content reader-article-content--content-blocks\" dir=\"ltr\">\n<div id=\"divSpdInText\">\n<div id=\"divSpdInText\">\n<div id=\"divSpdInText\">\n<h3>Podcast:<\/h3>\n<p>&nbsp;<\/p>\n<p><strong>Clique nas imagens abaixo<\/strong>\u00a0e confira os bate-papos no\u00a0<strong>Futeboteco (Tomando Uma Com)<\/strong>\u00a0e\u00a0<strong>Bora Pra Resenha Podcast<\/strong>\u00a0onde falamos sobre a revitaliza\u00e7\u00e3o das marcas dos clubes de futebol, sele\u00e7\u00e3o brasileira, calend\u00e1rio, VAR, regras atualizadas, as novas demarca\u00e7\u00f5es do campo e muitas outras curiosidades sobre a hist\u00f3ria do futebol brasileiro e mundial.<\/p>\n<p>&nbsp;<\/p>\n<h3>Futeboteco (Tomando Uma Com):<\/h3>\n<p>&nbsp;<\/p>\n<p><iframe loading=\"lazy\" title=\"YouTube video player\" src=\"https:\/\/www.youtube.com\/embed\/WzVxuF6ISYQ?si=V7wgmFQr_cLV1W-J&amp;start=474\" width=\"560\" height=\"315\" frameborder=\"0\" allowfullscreen=\"allowfullscreen\" data-mce-fragment=\"1\"><\/iframe><\/p>\n<p>&nbsp;<\/p>\n<h3>Bora Pra Resenha:<\/h3>\n<p>&nbsp;<\/p>\n<div id=\"attachment_11607\" class=\"wp-caption alignnone\">\n<div id=\"attachment_11607\" class=\"wp-caption alignnone\" style=\"width: 1920px\"><a href=\"https:\/\/www.youtube.com\/live\/cRa4qmL7bPc?si=cVg48ZR1I5yQkEf0&amp;t=200\" target=\"_blank\" rel=\"noopener\"><img loading=\"lazy\" decoding=\"async\" class=\"colorbox-11196 wp-image-11607 size-full\" title=\"Futbox no Bora Pra Resenha\" src=\"https:\/\/www.futbox.com\/blog\/wp-content\/uploads\/2023\/11\/Bora-pra-Resenha-Adr-Futbox-post.png\" sizes=\"auto, (max-width: 1920px) 100vw, 1920px\" srcset=\"https:\/\/www.futbox.com\/blog\/wp-content\/uploads\/2023\/11\/Bora-pra-Resenha-Adr-Futbox-post.png 1920w, https:\/\/www.futbox.com\/blog\/wp-content\/uploads\/2023\/11\/Bora-pra-Resenha-Adr-Futbox-post-300x300.png 300w, https:\/\/www.futbox.com\/blog\/wp-content\/uploads\/2023\/11\/Bora-pra-Resenha-Adr-Futbox-post-1024x1024.png 1024w, https:\/\/www.futbox.com\/blog\/wp-content\/uploads\/2023\/11\/Bora-pra-Resenha-Adr-Futbox-post-500x500.png 500w, https:\/\/www.futbox.com\/blog\/wp-content\/uploads\/2023\/11\/Bora-pra-Resenha-Adr-Futbox-post-768x768.png 768w, https:\/\/www.futbox.com\/blog\/wp-content\/uploads\/2023\/11\/Bora-pra-Resenha-Adr-Futbox-post-1536x1536.png 1536w, https:\/\/www.futbox.com\/blog\/wp-content\/uploads\/2023\/11\/Bora-pra-Resenha-Adr-Futbox-post-620x620.png 620w, https:\/\/www.futbox.com\/blog\/wp-content\/uploads\/2023\/11\/Bora-pra-Resenha-Adr-Futbox-post-70x70.png 70w\" alt=\"Futbox no Bora Pra Resenha\" width=\"1920\" height=\"1920\" \/><\/a><p class=\"wp-caption-text\">Futbox no Bora Pra Resenha<\/p><\/div>\n<p class=\"wp-caption-text\">\n<\/div>\n<\/div>\n<\/div>\n<\/div>\n<\/div>\n<div id=\"divSpdInText\">\n<div id=\"divSpdInText\">\n<p>&nbsp;<\/p>\n<\/div>\n<\/div>\n<h3>FUTBOX \u2013 Centro de Pesquisa Gr\u00e1fica Sobre Futebol:<\/h3>\n<p>&nbsp;<\/p>\n<\/div>\n<\/div>\n<p><a href=\"https:\/\/linktr.ee\/FUTBOX_Projects\" target=\"_blank\" rel=\"noopener\">Projetos desenvolvidos para clubes de futebol, marcas esportivas, empresas e festivais de cinema<\/a><\/p>\n<p><a href=\"https:\/\/linktr.ee\/futbox_\" target=\"_blank\" rel=\"noopener\">Canais e Redes Sociais<\/a><\/p>\n<p class=\"sc-hKgILt ilsgNQ\"><a href=\"https:\/\/linktr.ee\/adrianoavila\" target=\"_blank\" rel=\"noopener\">Artigos sobre futebol e esporte a partir do equil\u00edbrio entre tradi\u00e7\u00e3o e inova\u00e7\u00e3o<\/a><\/p>\n<p>&nbsp;<\/p>\n<\/div>\n<div><\/div>\n<\/div>\n<\/div>\n","protected":false},"excerpt":{"rendered":"<p>Camisa verde e amarela sem peso, t\u00e9cnico sem imagina\u00e7\u00e3o e que desidrata os seus talentos, jogadores adolescentes e torcida de instagram. A desconstru\u00e7\u00e3o est\u00e9tica e t\u00e1tica do sele\u00e7\u00e3o brasileira n\u00e3o se deu da noite para o dia.<\/p>\n","protected":false},"author":8,"featured_media":12559,"comment_status":"open","ping_status":"open","sticky":true,"template":"","format":"standard","meta":{"footnotes":""},"categories":[224,1],"tags":[1303,1522,1515,1129,1138,1132,532,533,534,494,350,193,1209,266,254,324,322,1034,323,859,214,472,195,2258,745,817,543,998,571,348,2357,568,809,2311,2252,217,614,761,762,238,696,448,228,547,2358,2255,2547,858,944,1639,277,1046,404,259,215,2356,1095,194,192,332,521,1542,2359,823,268,358,2184,360,2360,1511,819,1575,191,369,747,617,769,345,344,493,447,727,357,461,730,610,230,1243,570,391,796,744,339,1524,325,2274,1154,952,1324,255,229,378,961,958,962,963,1580,386,351,932,658,2061,591,478,2548,660],"class_list":["post-12316","post","type-post","status-publish","format-standard","has-post-thumbnail","hentry","category-fora-das-4-linhas","category-futebol-outros","tag-abel-ferreira","tag-acm","tag-adidas","tag-al-ahly","tag-al-hilal","tag-al-nassr","tag-america","tag-america-mg","tag-america-mineiro","tag-argentina","tag-arsenal","tag-atletico","tag-atletico-mineiro","tag-atletico-mg","tag-bahia","tag-barcelona","tag-bayern-de-munique","tag-bayern-munchen","tag-borussia","tag-borussia-dortmund","tag-botafogo","tag-branding","tag-brasil","tag-brasileirao-2024","tag-bundesliga","tag-calcio","tag-campeonato-brasileiro","tag-champions","tag-champions-league","tag-chelsea","tag-chivas","tag-conmebol","tag-copa-america","tag-copa-america-2024","tag-copa-do-brasil-2024","tag-copa-do-mundo","tag-copa-libertadores","tag-copa-sudamericana","tag-copa-sul-americana","tag-corinthians","tag-cr7","tag-cristiano-ronaldo","tag-cruzeiro","tag-design","tag-diadora","tag-dorival-jr","tag-dorival-junior","tag-dortmund","tag-emblema","tag-erling-haaland","tag-escudo","tag-fc-barcelona","tag-fifa","tag-flamengo","tag-fluminense","tag-fooltball","tag-futbol","tag-futebol","tag-galo","tag-gremio","tag-historia","tag-history","tag-hummel","tag-inter","tag-internacional","tag-internazionale","tag-ittihad-club","tag-juventus","tag-kappa","tag-kylian-mbappe","tag-la-liga","tag-leila-pereira","tag-libertadores","tag-liga-dos-campeoes-da-uefa","tag-ligue-1","tag-logo","tag-madrid","tag-manchester-city","tag-manchester-united","tag-maradona","tag-messi","tag-mexico","tag-milan","tag-neymar","tag-neymar-jr","tag-nike","tag-palmeiras","tag-paris","tag-paysandu","tag-pele","tag-pep-guardiola","tag-premier-league","tag-psg","tag-puma","tag-real-madrid","tag-recopa","tag-remo","tag-ronaldo-fenomeno","tag-saf","tag-santos","tag-sao-paulo","tag-selecao-brasileira","tag-serie-a","tag-serie-b","tag-serie-c","tag-serie-d","tag-sudamericana","tag-sul-americana","tag-tottenham","tag-ucl","tag-uefa","tag-umbro","tag-uruguai","tag-vasco","tag-wc2026","tag-world-cup"],"_links":{"self":[{"href":"https:\/\/www.futbox.com\/blog\/wp-json\/wp\/v2\/posts\/12316","targetHints":{"allow":["GET"]}}],"collection":[{"href":"https:\/\/www.futbox.com\/blog\/wp-json\/wp\/v2\/posts"}],"about":[{"href":"https:\/\/www.futbox.com\/blog\/wp-json\/wp\/v2\/types\/post"}],"author":[{"embeddable":true,"href":"https:\/\/www.futbox.com\/blog\/wp-json\/wp\/v2\/users\/8"}],"replies":[{"embeddable":true,"href":"https:\/\/www.futbox.com\/blog\/wp-json\/wp\/v2\/comments?post=12316"}],"version-history":[{"count":43,"href":"https:\/\/www.futbox.com\/blog\/wp-json\/wp\/v2\/posts\/12316\/revisions"}],"predecessor-version":[{"id":13673,"href":"https:\/\/www.futbox.com\/blog\/wp-json\/wp\/v2\/posts\/12316\/revisions\/13673"}],"wp:featuredmedia":[{"embeddable":true,"href":"https:\/\/www.futbox.com\/blog\/wp-json\/wp\/v2\/media\/12559"}],"wp:attachment":[{"href":"https:\/\/www.futbox.com\/blog\/wp-json\/wp\/v2\/media?parent=12316"}],"wp:term":[{"taxonomy":"category","embeddable":true,"href":"https:\/\/www.futbox.com\/blog\/wp-json\/wp\/v2\/categories?post=12316"},{"taxonomy":"post_tag","embeddable":true,"href":"https:\/\/www.futbox.com\/blog\/wp-json\/wp\/v2\/tags?post=12316"}],"curies":[{"name":"wp","href":"https:\/\/api.w.org\/{rel}","templated":true}]}}