{"id":12841,"date":"2024-12-19T10:23:30","date_gmt":"2024-12-19T13:23:30","guid":{"rendered":"https:\/\/www.futbox.com\/blog\/?p=12841"},"modified":"2025-12-23T11:03:45","modified_gmt":"2025-12-23T14:03:45","slug":"a-primeira-guerra-mundial-e-o-natal-de-1914","status":"publish","type":"post","link":"https:\/\/www.futbox.com\/blog\/fora-das-4-linhas\/a-primeira-guerra-mundial-e-o-natal-de-1914","title":{"rendered":"A Primeira Guerra Mundial e o Natal de 1914"},"content":{"rendered":"<p>Finalmente parou de chover. A noite est\u00e1 clara, com c\u00e9u limpo, estrelado, como os soldados n\u00e3o viam h\u00e1 muito tempo. Ao contr\u00e1rio da chuva, por\u00e9m, o frio segue sem dar tr\u00e9gua, algo normal nesta \u00e9poca do ano. O que n\u00e3o seria normal em outros anos \u00e9 o fedor no ar. Cheiro de morte, que invade as narinas e mexe com a cabe\u00e7a dos vivos \u2013 alem\u00e3es e brit\u00e2nicos, inimigos separados por 80, 100 metros no m\u00e1ximo. Entre eles est\u00e1 a &#8220;terra de ningu\u00e9m&#8221;, assim chamada porque n\u00e3o se sobreviveria ali muito tempo.<\/p>\n<p>Cad\u00e1veres de combatentes de ambos os lados comp\u00f5em a paisagem com cercas de arame farpado, troncos de \u00e1rvores calcinadas e crateras abertas pelas explos\u00f5es de granadas. O barulho delas \u00e9 ensurdecedor, mas no momento n\u00e3o se ouve nada. Nenhuma explos\u00e3o, nenhum tiro. Nenhum recruta agonizante gritando por socorro ou chamando pela m\u00e3e. Nada.<\/p>\n<p>E de repente o sil\u00eancio \u00e9 quebrado. Das trincheiras alem\u00e3s, ouve-se algu\u00e9m cantando. Os companheiros fazem coro e logo h\u00e1 dezenas, talvez centenas de vozes no escuro. Cantam &#8220;<em>Stille Nacht, Heilige Nachttille Nacht, Heilige Nacht<\/em>&#8220;. At\u00f4nitos, os brit\u00e2nicos escutam a melodia sem compreender o que diz a letra. Mas nem precisam: mesmo quem jamais a tivesse escutado descobriria que a m\u00fasica fala de paz. Em ingl\u00eas, ela \u00e9 conhecida como &#8220;<em>Silent Night<\/em>&#8220;; em portugu\u00eas, foi batizada de &#8220;Noite Feliz&#8221;. Quando a m\u00fasica acaba, o sil\u00eancio retorna. Por pouco tempo.<\/p>\n<p>&#8220;<em>Good, old Fritz!<\/em>&#8220;, gritam os brit\u00e2nicos. Os &#8220;<em>Fritz<\/em>&#8221; respondem com &#8220;<em>Merry Christmas, Englishmen!<\/em>&#8220;, seguido de palavras num ingl\u00eas arrastado: &#8220;<em>We not shoot, you not shoot!<\/em>&#8220;(&#8220;N\u00f3s n\u00e3o atiramos, voc\u00eas tamb\u00e9m n\u00e3o&#8221;).<\/p>\n<p>&nbsp;<\/p>\n<div id=\"attachment_5679\" class=\"wp-caption aligncenter\" style=\"width: 617px\"><a href=\"http:\/\/blog.futbox.com\/wp-content\/uploads\/2017\/12\/aventuras-na-historia-foto-2.png\"><img loading=\"lazy\" decoding=\"async\" class=\"wp-image-5679 size-full colorbox-12841\" title=\"The Illustrated London News\" src=\"https:\/\/www.futbox.com\/blog\/wp-content\/uploads\/2017\/12\/aventuras-na-historia-foto-2.png\" alt=\"Ilustra\u00e7\u00e3o publicada no &quot;The Illustrated London News&quot;, em 9 de janeiro de 1915, sobre a tr\u00e9gua de Natal entre as tropas brit\u00e2nicas e alem\u00e3s\" width=\"617\" height=\"369\" srcset=\"https:\/\/www.futbox.com\/blog\/wp-content\/uploads\/2017\/12\/aventuras-na-historia-foto-2.png 617w, https:\/\/www.futbox.com\/blog\/wp-content\/uploads\/2017\/12\/aventuras-na-historia-foto-2-300x179.png 300w\" sizes=\"auto, (max-width: 617px) 100vw, 617px\" \/><\/a><p class=\"wp-caption-text\">Ilustra\u00e7\u00e3o publicada no &#8220;The Illustrated London News&#8221;, em 9 de janeiro de 1915, sobre a tr\u00e9gua de Natal entre as tropas brit\u00e2nicas e alem\u00e3s<\/p><\/div>\n<p>&nbsp;<\/p>\n<p style=\"text-align: left;\">Estamos em algum lugar de Flandres, na B\u00e9lgica, em 24 de dezembro de 1914. E esta hist\u00f3ria faz parte de um dos mais surpreendentes e esquecidos cap\u00edtulos da Primeira Guerra Mundial: as confraterniza\u00e7\u00f5es entre soldados inimigos no Natal daquele ano.<\/p>\n<p>Ao longo de toda a frente ocidental \u2013 que se estendia do mar do Norte aos Alpes su\u00ed\u00e7os, cruzando a Fran\u00e7a \u2013, soldados cessaram fogo e deixaram por alguns dias as diferen\u00e7as para tr\u00e1s. A paz n\u00e3o havia sido acertada nos gabinetes dos generais; ela surgiu ali mesmo nas trincheiras, de forma espont\u00e2nea. Jamais acontecera algo igual antes.<\/p>\n<p>\u00c9 o que diz o jornalista alem\u00e3o Michael J\u00fcrgs em seu livro Der Kleine Frieden im Grossen Krieg \u2013 Westfront 1914: Als Deutsche, Franzosen und Briten Gemeinsam Weihnachten Feierten (&#8220;A Pequena Paz na Grande Guerra \u2013 Frente Ocidental 1914: Quando Alem\u00e3es, Franceses e Brit\u00e2nicos Celebraram Juntos o Natal&#8221;, in\u00e9dito no Brasil).<\/p>\n<p>&nbsp;<\/p>\n<h3 style=\"text-align: left;\">Cotidiano de horrores<\/h3>\n<p>&nbsp;<\/p>\n<p>Conhecido ent\u00e3o como Grande Guerra (pouca gente imaginava que uma segunda como aquela seria poss\u00edvel), o conflito estourou ap\u00f3s a morte do arquiduque Francisco Ferdinando. Herdeiro do trono do Imp\u00e9rio Austro-H\u00fangaro, ele e sua esposa Sofia foram assassinados em Sarajevo, na S\u00e9rvia, no dia 28 de junho. O atentado, cometido por um estudante, fora tramado por um membro do governo s\u00e9rvio. Um m\u00eas mais tarde, em 28 de julho, a \u00c1ustria-Hungria declarou guerra \u00e0 S\u00e9rvia.<\/p>\n<p>As na\u00e7\u00f5es europ\u00e9ias se dividiram. Gr\u00e3-Bretanha, Fran\u00e7a e R\u00fassia se aliaram aos s\u00e9rvios; a Alemanha, aos austro-h\u00fangaros. Nas semanas seguintes, os alem\u00e3es invadiram a B\u00e9lgica, que at\u00e9 ent\u00e3o se mantivera neutra, e, ainda em agosto, atravessaram a fronteira com a Fran\u00e7a. Chegaram perto de tomar Paris, mas os franceses os detiveram, em setembro.<\/p>\n<p>Nos primeiros meses, a propaganda militar conseguiu inflar o orgulho dos soldados \u2013 de lado a lado. O fervor patri\u00f3tico crescia paralelamente ao \u00f3dio pelos inimigos. Entretanto, em dezembro o moral das tropas j\u00e1 despencara. A guerra se arrastava havia quase um semestre. Os brit\u00e2nicos haviam perdido 160 mil homens at\u00e9 ent\u00e3o; Alemanha e Fran\u00e7a, 300 mil cada.<\/p>\n<p>&nbsp;<\/p>\n<div id=\"attachment_5680\" class=\"wp-caption alignnone\" style=\"width: 618px\"><a href=\"http:\/\/blog.futbox.com\/wp-content\/uploads\/2017\/12\/aventuras-na-historia-foto-3.png\"><img loading=\"lazy\" decoding=\"async\" class=\"wp-image-5680 size-full colorbox-12841\" title=\"Trincheira brit\u00e2nica durante a Primeira Guerra\" src=\"https:\/\/www.futbox.com\/blog\/wp-content\/uploads\/2017\/12\/aventuras-na-historia-foto-3.png\" alt=\"Trincheira brit\u00e2nica repleta de \u00e1gua e lama durante a Primeira Guerra\" width=\"618\" height=\"430\" srcset=\"https:\/\/www.futbox.com\/blog\/wp-content\/uploads\/2017\/12\/aventuras-na-historia-foto-3.png 618w, https:\/\/www.futbox.com\/blog\/wp-content\/uploads\/2017\/12\/aventuras-na-historia-foto-3-300x208.png 300w\" sizes=\"auto, (max-width: 618px) 100vw, 618px\" \/><\/a><p class=\"wp-caption-text\">Trincheira brit\u00e2nica repleta de \u00e1gua e lama durante a Primeira Guerra<\/p><\/div>\n<p>&nbsp;<\/p>\n<p>Para piorar, as condi\u00e7\u00f5es nas trincheiras eram p\u00e9ssimas. O odor beirava o insuport\u00e1vel, devido \u00e0s latrinas descobertas e aos corpos em decomposi\u00e7\u00e3o. Estirados pela terra de ningu\u00e9m, cad\u00e1veres atra\u00edam ratazanas aos milhares. Era um verdadeiro banquete. Com tanta carne, elas engordavam tanto que algumas eram confundidas com gatos. Pior que as ratazanas, s\u00f3 os piolhos. Milh\u00f5es deles, nos cabelos, barbas, uniformes. Em toda parte.<\/p>\n<p>Quando chovia forte, a \u00e1gua batia na altura dos joelhos. Dormia-se em buracos escavados na parede e era comum acordar assustado no meio da noite, por causa das explos\u00f5es ou de uma ratazana mordiscando seu rosto. Durante o dia, quem levantasse a cabe\u00e7a sobre o parapeito era um homem morto. Os franco-atiradores estavam sempre \u00e0 espreita (no final da tarde, praticavam tiro ao alvo no inimigo e, quando acertavam, diziam que era um &#8220;beijo de boa-noite&#8221;).<\/p>\n<p>O soldado entrincheirado passava longos per\u00edodos sem ter o que fazer. Horas e horas de t\u00e9dio sentado no inferno. S\u00f3 restava esperar e olhar para c\u00e9u \u2013 onde n\u00e3o havia ratazanas nem cad\u00e1veres.<\/p>\n<p>&nbsp;<\/p>\n<h3>Cansados da guerra<\/h3>\n<p>&nbsp;<\/p>\n<p>O cotidiano de horrores foi minando a vontade de lutar. Uma semana antes do Natal j\u00e1 havia sinais disso. Foi assim em Armenti\u00e8res, na Fran\u00e7a, perto da fronteira com a B\u00e9lgica. Soldados alem\u00e3es arremessaram um pacote para a trincheira brit\u00e2nica. Cuidadosamente embalado, trazia um bolo de chocolate e dentro, escondido, um bilhete. Os alem\u00e3es pediam um cessar-fogo naquela noite, entre 19h30 e 20h30. Era anivers\u00e1rio do capit\u00e3o deles e queriam surpreend\u00ea-lo com uma serenata. O bolo era uma demonstra\u00e7\u00e3o de boa vontade.<\/p>\n<p>Os brit\u00e2nicos concordaram e, na hora da festa inimiga, sentaram no parapeito para apreciar a m\u00fasica. Aplaudidos pelos rivais, os alem\u00e3es anunciaram o encerramento da serenata \u2013 e da tr\u00e9gua \u2013 com tiros para cima. Em meio \u00e0 barb\u00e1rie, esses pequenos gestos de cordialidade significavam muito.<\/p>\n<p>&nbsp;<\/p>\n<div id=\"attachment_5681\" class=\"wp-caption alignnone\" style=\"width: 617px\"><a href=\"http:\/\/blog.futbox.com\/wp-content\/uploads\/2017\/12\/aventuras-na-historia-foto-4.png\"><img loading=\"lazy\" decoding=\"async\" class=\"wp-image-5681 size-full colorbox-12841\" title=\"Soldados alem\u00e3es improvisam uma \u00e1rvore de Natal\" src=\"https:\/\/www.futbox.com\/blog\/wp-content\/uploads\/2017\/12\/aventuras-na-historia-foto-4.png\" alt=\"Soldados alem\u00e3es improvisam uma \u00e1rvore de Natal em trincheira durante a Primeira Guerra\" width=\"617\" height=\"431\" srcset=\"https:\/\/www.futbox.com\/blog\/wp-content\/uploads\/2017\/12\/aventuras-na-historia-foto-4.png 617w, https:\/\/www.futbox.com\/blog\/wp-content\/uploads\/2017\/12\/aventuras-na-historia-foto-4-300x209.png 300w\" sizes=\"auto, (max-width: 617px) 100vw, 617px\" \/><\/a><p class=\"wp-caption-text\">Soldados alem\u00e3es improvisam uma \u00e1rvore de Natal em trincheira durante a Primeira Guerra<\/p><\/div>\n<p>&nbsp;<\/p>\n<p>Ainda assim, era dif\u00edcil imaginar o que estava por vir. Na noite do dia 24, em Fleurbaix, na Fran\u00e7a, uma vis\u00e3o deixou os brit\u00e2nicos intrigados: iluminadas por velas, pequenas \u00e1rvores de Natal enfeitavam as trincheiras inimigas. A surpresa aumentou quando um tenente alem\u00e3o gritou em ingl\u00eas perfeito: &#8220;Senhores, minha vida est\u00e1 em suas m\u00e3os. Estou caminhando na dire\u00e7\u00e3o de voc\u00eas. Algum oficial poderia me encontrar no meio do caminho?&#8221; Sil\u00eancio. Seria uma armadilha? Ele prosseguiu: &#8220;Estou sozinho e desarmado. Trinta de seus homens est\u00e3o mortos perto das nossas trincheiras. Gostaria de providenciar o enterro&#8221;.<\/p>\n<p>Dezenas de armas estavam apontadas para ele. Mas, antes que disparassem, um sargento ingl\u00eas, contrariando ordens, foi ao seu encontro. Ap\u00f3s minutos de conversa, combinaram de se reunir no dia seguinte, \u00e0s 9 horas da manh\u00e3.<\/p>\n<p>&nbsp;<\/p>\n<h3>Feliz Natal<\/h3>\n<p>&nbsp;<\/p>\n<p>No dia seguinte, 25 de dezembro, ao longo de toda a frente ocidental, soldados armados apenas com p\u00e1s escalaram suas trincheiras e encontraram os inimigos no meio da terra de ningu\u00e9m. Era hora de enterrar os companheiros, mostrar respeito por eles \u2013 ainda que a morte ali fosse um acontecimento banal.<\/p>\n<p>O capel\u00e3o escoc\u00eas J. Esslemont Adams organizou um funeral coletivo para mais de 100 v\u00edtimas. Os corpos foram divididos por nacionalidade, mas a separa\u00e7\u00e3o acabou a\u00ed: na hora de cavar, todos se ajudaram.<\/p>\n<p>O capel\u00e3o abriu a cerim\u00f4nia recitando o salmo 23. &#8220;O senhor \u00e9 meu pastor, nada me faltar\u00e1&#8221;, disse. Depois, um soldado alem\u00e3o, ex-seminarista, repetiu tudo em seu idioma. No fim, acompanhado pelos soldados dos dois pa\u00edses, Adams rezou o pai-nosso. Outros enterros semelhantes foram realizados naquele dia, mas o de Fleurbaix foi o maior de todos.<\/p>\n<p>Aquela situa\u00e7\u00e3o por si s\u00f3 j\u00e1 era inusitada: alem\u00e3es e brit\u00e2nicos cavando e rezando juntos. Mas o que se viu depois foi um desfile de cenas surreais.<\/p>\n<p>Em Wez Macquart, Fran\u00e7a, um brit\u00e2nico cortava os cabelos de qualquer um \u2013 aliado ou inimigo \u2013 em troca de alguns cigarros. Em Neuve Chapelle, tamb\u00e9m na Fran\u00e7a, os soldados indicavam discretamente para seus novos amigos a localiza\u00e7\u00e3o das minas subterr\u00e2neas. Em Pervize, na B\u00e9lgica, homens que na v\u00e9spera tentavam se matar agora trocavam presentes: tabaco, vinho, carne enlatada, sabonete. Uns disputavam corridas de bicicleta, outros ca\u00e7avam coelhos. Uma luta de boxe entre um escoc\u00eas e um alem\u00e3o foi interrompida antes que os dois se matassem. Algu\u00e9m sugeriu um duelo de pistolas entre um alem\u00e3o e um ingl\u00eas, mas a id\u00e9ia foi recha\u00e7ada \u2013 afinal, aquilo era um cessar-fogo.<\/p>\n<p>Por\u00e9m, o melhor estava por vir. Nos dias 25 e 26, foram organizadas animadas partidas de futebol. Centenas jogaram bola nos campos de batalha. &#8220;Bola&#8221; em muitos casos era for\u00e7a de express\u00e3o; podia ser apenas um monte de palha amarrado com arame, ou uma lata de conserva vazia. E, no lugar de traves, capacetes, tocos de madeira ou o que estivesse \u00e0 m\u00e3o. Foi assim em Wulvergem, na B\u00e9lgica, onde o jogo foi s\u00f3 pelo prazer da brincadeira, ningu\u00e9m prestou aten\u00e7\u00e3o no resultado.<\/p>\n<p>&nbsp;<\/p>\n<div id=\"attachment_5677\" class=\"wp-caption alignnone\" style=\"width: 1200px\"><a href=\"http:\/\/blog.futbox.com\/wp-content\/uploads\/2017\/12\/aventuras-na-historia-foto-1.png\"><img loading=\"lazy\" decoding=\"async\" class=\"wp-image-5677 size-full colorbox-12841\" title=\"Soldados cessaram fogo e deixaram as diferen\u00e7as para tr\u00e1s\" src=\"https:\/\/www.futbox.com\/blog\/wp-content\/uploads\/2017\/12\/aventuras-na-historia-foto-1.png\" alt=\"Em dezembro de 1914, soldados cessaram fogo e deixaram por alguns dias as diferen\u00e7as para tr\u00e1s\" width=\"1200\" height=\"627\" srcset=\"https:\/\/www.futbox.com\/blog\/wp-content\/uploads\/2017\/12\/aventuras-na-historia-foto-1.png 1200w, https:\/\/www.futbox.com\/blog\/wp-content\/uploads\/2017\/12\/aventuras-na-historia-foto-1-300x156.png 300w, https:\/\/www.futbox.com\/blog\/wp-content\/uploads\/2017\/12\/aventuras-na-historia-foto-1-1024x535.png 1024w, https:\/\/www.futbox.com\/blog\/wp-content\/uploads\/2017\/12\/aventuras-na-historia-foto-1-620x323.png 620w\" sizes=\"auto, (max-width: 1200px) 100vw, 1200px\" \/><\/a><p class=\"wp-caption-text\">Em dezembro de 1914, soldados cessaram fogo e deixaram por alguns dias as diferen\u00e7as para tr\u00e1s<\/p><\/div>\n<p>&nbsp;<\/p>\n<p>Mas houve tamb\u00e9m partidas &#8220;s\u00e9rias&#8221;, com direito a juiz e a troca de campo depois do intervalo. Numa delas, que se tornou lend\u00e1ria, os alem\u00e3es derrotaram os brit\u00e2nicos por 3 a 2. A vit\u00f3ria suada foi cercada de pol\u00eamica: o terceiro gol alem\u00e3o teria sido marcado em posi\u00e7\u00e3o irregular (o atacante estava impedido) e a partida, encerrada depois que a bola \u2013 esta de verdade, feita de couro \u2013 furou ao cair no arame farpado.<\/p>\n<p>&nbsp;<\/p>\n<h3>Semelhan\u00e7as e diferen\u00e7as<\/h3>\n<p>&nbsp;<\/p>\n<p>A maioria das confraterniza\u00e7\u00f5es se deu nos 50 quil\u00f4metros entre Diksmuide (B\u00e9lgica) e Neuve Chapelle. Os soldados brit\u00e2nicos e alem\u00e3es descobriam ter mais em comum entre si que com seus superiores \u2013 instalados confortavelmente bem longe da frente de batalha. O medo da morte e a saudade de casa eram compartilhados por todos.<\/p>\n<p>J\u00e1 franceses e belgas eram menos afeitos a tomar parte no clima festivo. Seus pa\u00edses haviam sido invadidos (no caso da B\u00e9lgica, 90 por cento de seu territ\u00f3rio estava ocupado), para eles era mais dif\u00edcil apertar a m\u00e3o do inimigo. Em Wijtschate, na B\u00e9lgica, uma pessoa em particular tamb\u00e9m ficou muito irritada com a situa\u00e7\u00e3o. Lutando ao lado dos alem\u00e3es, o jovem cabo austr\u00edaco Adolf Hitler queixava-se do fato de seus companheiros cantarem com os brit\u00e2nicos, em vez de atirarem neles.<\/p>\n<p>Naquele tempo, Hitler ainda n\u00e3o apitava nada. Entretanto, os homens que davam as cartas tamb\u00e9m n\u00e3o estavam nem um pouco felizes. Dos quart\u00e9is-generais, os senhores da guerra mandaram ordens contra qualquer tipo de confraterniza\u00e7\u00e3o. Quem desrespeitasse se arriscava a ir \u00e0 corte marcial.<\/p>\n<p>A amea\u00e7a fez os soldados voltarem para as trincheiras. Durante os dias seguintes, muitos ainda se recusavam a matar os advers\u00e1rios. Para manter as apar\u00eancias, continuavam atirando, mas sempre longe do alvo.<\/p>\n<p>&nbsp;<\/p>\n<p><a href=\"http:\/\/blog.futbox.com\/wp-content\/uploads\/2017\/12\/1914-German-and-British-troops-Christmas.png\"><img loading=\"lazy\" decoding=\"async\" class=\"wp-image-5692 size-full colorbox-12841\" title=\"Tropas alem\u00e3s e inglesas juntas na foto de 1914\" src=\"https:\/\/www.futbox.com\/blog\/wp-content\/uploads\/2017\/12\/1914-German-and-British-troops-Christmas.png\" alt=\"Tropas alem\u00e3s e inglesas juntas na foto de 1914\" width=\"997\" height=\"701\" srcset=\"https:\/\/www.futbox.com\/blog\/wp-content\/uploads\/2017\/12\/1914-German-and-British-troops-Christmas.png 997w, https:\/\/www.futbox.com\/blog\/wp-content\/uploads\/2017\/12\/1914-German-and-British-troops-Christmas-300x210.png 300w, https:\/\/www.futbox.com\/blog\/wp-content\/uploads\/2017\/12\/1914-German-and-British-troops-Christmas-620x435.png 620w\" sizes=\"auto, (max-width: 997px) 100vw, 997px\" \/><\/a><\/p>\n<p>&nbsp;<\/p>\n<h3>Tr\u00e9gua velada<\/h3>\n<p>&nbsp;<\/p>\n<p>Na noite do dia 31, em La Boutillerie, na Fran\u00e7a, o fuzileiro brit\u00e2nico W.A. Quinton e mais dois homens transportavam sua metralhadora para um novo local, quando de repente ouviram disparos da trincheira alem\u00e3. Os tr\u00eas se jogaram no ch\u00e3o, at\u00e9 perceberem que os tiros eram para o alto: os alem\u00e3es comemoravam a virada do ano.<\/p>\n<p>A tr\u00e9gua velada resistiu ainda por um tempo. At\u00e9 mar\u00e7o de 1915, alem\u00e3es e brit\u00e2nicos entrincheirados em Festubert, na Fran\u00e7a, faziam de conta que a guerra n\u00e3o existia \u2013 ficava cada um na sua. Mas a lembran\u00e7a das confraterniza\u00e7\u00f5es foi aos poucos cedendo espa\u00e7o para o \u00f3dio.<\/p>\n<p>A carnificina recrudesceu, prosseguindo at\u00e9 a rendi\u00e7\u00e3o da Alemanha, em novembro de 1918, arrasando a Europa e deixando cerca de 10 milh\u00f5es de mortos. Talvez a matan\u00e7a at\u00e9 valesse a pena, se a profecia do escritor de fic\u00e7\u00e3o cient\u00edfica H.G. Wells tivesse dado certo. O autor de A M\u00e1quina do Tempo escrevera em um ensaio que aquela seria &#8220;a guerra que acabaria com todas as guerras&#8221;.<\/p>\n<p>Wells, \u00e9 claro, estava enganado. Os momentos de paz, como os do Natal de 1914, seriam escassos tamb\u00e9m ao longo de todo o s\u00e9culo 20. A Grande Guerra tinha sido s\u00f3 o come\u00e7o.<\/p>\n<p>&nbsp;<\/p>\n<p>Texto de\u00a0Bruno Leuzinger |\u00a0<a title=\"Aventuras na historia\" href=\"http:\/\/aventurasnahistoria.uol.com.br\/\" target=\"_blank\" rel=\"noopener noreferrer\">Aventuras na hist\u00f3ria<\/a><\/p>\n<p>&nbsp;<\/p>\n<div id=\"divSpdInText\">\n<div id=\"divSpdInText\">\n<div id=\"divSpdInText\">\n<div id=\"divSpdInText\">\n<h3>Veja tamb\u00e9m:<\/h3>\n<\/div>\n<p>&nbsp;<\/p>\n<\/div>\n<\/div>\n<\/div>\n<div id=\"divSpdInText\">\n<div id=\"divSpdInText\">\n<div id=\"divSpdInText\">\n<div id=\"divSpdInText\">\n<div id=\"divSpdInText\">\n<div id=\"divSpdInText\">\n<div id=\"divSpdInText\">\n<p><a href=\"https:\/\/www.futbox.com\/blog\/clubes\/novo-escudo-oficial-do-crac-clube-recreativo-e-atletico-catalano\" target=\"_blank\" rel=\"noopener\">O novo escudo do CRAC: Clube Recreativo e Atl\u00e9tico Catalano<\/a><\/p>\n<p><a href=\"https:\/\/www.futbox.com\/blog\/clubes\/pele-imarcavel\" target=\"_blank\" rel=\"noopener\">Pel\u00e9, imarc\u00e1vel<\/a><\/p>\n<p><a href=\"https:\/\/www.futbox.com\/blog\/clubes\/metodologia-de-pesquisa-e-resgate-historico-fc\" target=\"_blank\" rel=\"noopener\">Metodologia de Pesquisa e Resgate Hist\u00f3rico FC<\/a><\/p>\n<p><a href=\"https:\/\/www.futbox.com\/blog\/clubes\/terceira-camisa-do-londrina-resgate-do-escudo-de-1980-e-versao-retro-da-marca-maxrun\" target=\"_blank\" rel=\"noopener\">Londrina: resgate do escudo de 1980 e vers\u00e3o retr\u00f4 da marca MaxRun<\/a><\/p>\n<p><a href=\"https:\/\/www.futbox.com\/blog\/clubes\/o-novo-escudo-oficial-do-goiatuba-esporte-clube\" target=\"_blank\" rel=\"noopener\">O novo escudo oficial do Goiatuba Esporte Clube<\/a><\/p>\n<p><a href=\"https:\/\/www.futbox.com\/blog\/clubes\/super-mundial-a-diminuicao-do-valor-dos-clubes-pela-entrada-dos-seus-jogadores-em-campo\" target=\"_blank\" rel=\"noopener\">Super Mundial: a diminui\u00e7\u00e3o do valor dos clubes pela entrada dos seus jogadores em campo<\/a><\/p>\n<\/div>\n<\/div>\n<\/div>\n<div id=\"divSpdInText\">\n<div id=\"divSpdInText\">\n<div id=\"divSpdInText\">\n<div id=\"divSpdInText\">\n<div id=\"divSpdInText\">\n<div id=\"divSpdInText\">\n<div id=\"divSpdInText\">\n<p><a href=\"https:\/\/www.futbox.com\/blog\/selecoes\/a-selecao-favorita-para-a-copa-de-2026-pode-nem-se-classificar\" target=\"_blank\" rel=\"noopener\">A sele\u00e7\u00e3o favorita para a Copa de 2026 pode nem se classificar<\/a><\/p>\n<\/div>\n<p><a href=\"https:\/\/www.futbox.com\/blog\/campeonatos\/mundial-de-clubes-menor-melhor-e-maior\" target=\"_blank\" rel=\"noopener\">Mundial de Clubes: menor, melhor e maior!<\/a><\/p>\n<p><a href=\"https:\/\/www.futbox.com\/blog\/clubes\/londrina-80-25-criacao-dos-uniformes-do-selo-e-da-marca-maxrun\" target=\"_blank\" rel=\"noopener\">Londrina 80\/25: Cria\u00e7\u00e3o dos Uniformes, do Selo e da Marca Maxrun<\/a><\/p>\n<p><a href=\"https:\/\/www.futbox.com\/blog\/clubes\/todos-os-detalhes-da-criacao-dos-uniformes-2025-do-crb\" target=\"_blank\" rel=\"noopener\">Cole\u00e7\u00e3o \u201cVelho Chico\u201d: Cria\u00e7\u00e3o dos Uniformes 2025 do CRB<\/a><\/p>\n<p><a href=\"https:\/\/www.futbox.com\/blog\/clubes\/o-paradoxo-de-1987\" target=\"_blank\" rel=\"noopener\">O Paradoxo de 1987<\/a><\/p>\n<\/div>\n<\/div>\n<p><a href=\"https:\/\/www.futbox.com\/blog\/fora-das-4-linhas\/laboratory-rats\" target=\"_blank\" rel=\"noopener\">Laboratoty RATS<\/a><\/p>\n<\/div>\n<p><a href=\"https:\/\/www.futbox.com\/blog\/clubes\/intercontinental-cup\" target=\"_blank\" rel=\"noopener\">INTERCOLONIAL CUP<\/a><\/p>\n<p><a href=\"https:\/\/www.futbox.com\/blog\/clubes\/rapido-e-rasteiro-como-diniz-no-cruzeiro\" target=\"_blank\" rel=\"noopener\">R\u00e1pido e Rasteiro como Diniz no Cruzeiro<\/a><\/p>\n<p><a href=\"https:\/\/www.futbox.com\/blog\/futebol-outros\/vitoria-uma-cronica-sobre-o-futebol-de-varzea\" target=\"_blank\" rel=\"noopener\">Vit\u00f3ria. Uma cr\u00f4nica sobre o futebol de v\u00e1rzea<\/a><\/p>\n<p><a href=\"https:\/\/www.futbox.com\/blog\/futebol-outros\/a-desconstrucao-estetica-e-tatica-do-futebol-brasileiro\" target=\"_blank\" rel=\"noopener\">A desconstru\u00e7\u00e3o est\u00e9tica e t\u00e1tica do futebol brasileiro<\/a><\/p>\n<div id=\"divSpdInText\">\n<div id=\"divSpdInText\">\n<p><a href=\"https:\/\/www.futbox.com\/blog\/futebol-outros\/o-uniforme-da-selecao-brasileira-precisa-ser-do-tamanho-do-brasil-no-futebol\" target=\"_blank\" rel=\"noopener\">O uniforme da sele\u00e7\u00e3o brasileira precisa ser do tamanho do Brasil no futebol<\/a><\/p>\n<div id=\"divSpdInText\">\n<div id=\"divSpdInText\">\n<div data-scaffold-immersive-reader-content=\"\">\n<div class=\"reader-article-content reader-article-content--content-blocks\" dir=\"ltr\">\n<p id=\"ember407\" class=\"ember-view reader-content-blocks__paragraph\"><a href=\"https:\/\/www.futbox.com\/blog\/futebol-outros\/var-a-inovacao-nao-esta-na-tecnologia-mas-sim-no-comportamento\" target=\"_blank\" rel=\"noopener\">VAR: a inova\u00e7\u00e3o n\u00e3o est\u00e1 na tecnologia, mas sim, no comportamento<\/a><\/p>\n<p><a href=\"https:\/\/www.futbox.com\/blog\/futebol-outros\/a-naturalizacao-daquilo-que-nao-faz-parte\" target=\"_blank\" rel=\"noopener\">A naturaliza\u00e7\u00e3o daquilo que n\u00e3o faz parte<\/a><\/p>\n<p id=\"ember408\" class=\"ember-view reader-content-blocks__paragraph\"><a href=\"https:\/\/www.futbox.com\/blog\/futebol-outros\/cinema-streaming-jornalismo-e-a-inversao-total-de-sentido\" target=\"_blank\" rel=\"noopener\">Cinema, Streaming, Jornalismo e a invers\u00e3o total de sentido<\/a><\/p>\n<p id=\"ember409\" class=\"ember-view reader-content-blocks__paragraph\"><a href=\"https:\/\/www.linkedin.com\/pulse\/paradoxo-contempor%25C3%25A2neo-adriano-%25C3%25A1vila-alamy\/?trackingId=vDYq4zqDQpW9gjA251J3qw%3D%3D\" target=\"_blank\" rel=\"noopener\">Paradoxo Contempor\u00e2neo<\/a><\/p>\n<p><a href=\"https:\/\/www.futbox.com\/blog\/futebol-design\/logotipo-da-copa-do-mundo-de-2026-seguro-porem-incomodo\" target=\"_blank\" rel=\"noopener\">Logotipo da Copa do Mundo de 2026: seguro, por\u00e9m inc\u00f4modo<\/a><\/p>\n<p><a href=\"https:\/\/www.futbox.com\/blog\/fora-das-4-linhas\/a-selecao-que-incomoda\" target=\"_blank\" rel=\"noopener\">A sele\u00e7\u00e3o que incomoda<\/a><\/p>\n<p><a href=\"https:\/\/www.futbox.com\/blog\/fora-das-4-linhas\/perna-curta\" target=\"_blank\" rel=\"noopener\">Perna Curta<\/a><\/p>\n<p><a href=\"https:\/\/www.futbox.com\/blog\/fora-das-4-linhas\/tempo\" target=\"_blank\" rel=\"noopener\">Tempo<\/a><\/p>\n<\/div>\n<\/div>\n<p><a href=\"https:\/\/www.futbox.com\/blog\/futebol-outros\/ha-8-anos-acontecia-uma-partida-historica-de-futebol-na-palestina-equipes-de-gaza-e-cisjordania-se-encontravam-apos-15-anos-do-bloqueio-imposto-por-israel#google_vignette\" target=\"_blank\" rel=\"noopener\">H\u00e1 8 anos acontecia uma partida hist\u00f3rica de futebol na Palestina: equipes de Gaza e Cisjord\u00e2nia se encontravam ap\u00f3s 15 anos do bloqueio imposto por Israel<\/a><\/p>\n<p><a href=\"https:\/\/www.futbox.com\/blog\/clubes\/guia-do-mundo-arabe-fc-os-significados-dos-nomes-de-250-clubes-de-23-paises\" target=\"_blank\" rel=\"noopener\">Guia do Mundo \u00c1rabe FC: Os significados dos nomes de 250 clubes de 23 pa\u00edses<\/a><\/p>\n<p><a href=\"https:\/\/www.futbox.com\/blog\/opiniao\/futebol-e-politica\" target=\"_blank\" rel=\"noopener\">Pol\u00edtica FC: Futebol, Cinema e Hist\u00f3ria\u00a0<\/a><\/p>\n<p><a href=\"https:\/\/www.futbox.com\/blog\/fora-das-4-linhas\/para-mulheres-jogar-futebol-ja-foi-caso-de-policia-durante-a-ditadura\" target=\"_blank\" rel=\"noopener\">Para mulheres, jogar futebol j\u00e1 foi caso de pol\u00edcia durante a ditadura<\/a><\/p>\n<p><a href=\"https:\/\/www.futbox.com\/blog\/fora-das-4-linhas\/honduras-contra-el-salvador-a-partida-de-futebol-que-iniciou-uma-guerra\" target=\"_blank\" rel=\"noopener\">Honduras contra El Salvador: A partida de futebol que iniciou uma guerra<\/a><\/p>\n<p><a href=\"https:\/\/www.futbox.com\/blog\/campeonatos\/mundialito-a-copa-que-a-fifa-escondeu\" target=\"_blank\" rel=\"noopener\">Mundialito: a Copa que a Fifa escondeu<\/a><\/p>\n<p><a href=\"https:\/\/www.futbox.com\/blog\/futebol-outros\/fatos-historicos-e-reconhecimentos\" target=\"_blank\" rel=\"noopener\">Fatos Hist\u00f3ricos e Reconhecimentos<\/a><\/p>\n<p><a href=\"https:\/\/www.futbox.com\/blog\/campeonatos\/a-historia-do-campeonato-brasileiro\" target=\"_blank\" rel=\"noopener\">A hist\u00f3ria do Campeonato Brasileiro<\/a><\/p>\n<p><a href=\"https:\/\/www.futbox.com\/blog\/campeonatos\/campeonato-brasileiro-nomenclatura-e-significado-historico\" target=\"_blank\" rel=\"noopener\">Campeonato Brasileiro: nomenclatura e significado hist\u00f3rico<\/a><\/p>\n<p><a href=\"http:\/\/bit.ly\/Futbox3TS\" target=\"_blank\" rel=\"noopener\">Metodologia dos 3Ts: Tradi\u00e7\u00e3o, Torcida e Trof\u00e9us<\/a><\/p>\n<p><a href=\"https:\/\/www.futbox.com\/blog\/opiniao\/10-novas-regras-para-o-futebol\" target=\"_blank\" rel=\"noopener\">10 Novas Regras para o Futebol<\/a><\/p>\n<p><a href=\"https:\/\/www.futbox.com\/blog\/opiniao\/novas-demarcacoes-campo-de-futebol\" target=\"_blank\" rel=\"noopener\">As Novas Demarca\u00e7\u00f5es do Campo de Futebol<\/a><\/p>\n<p><a href=\"https:\/\/www.futbox.com\/blog\/clubes\/novo-calendario-do-futebol-brasileiro-a-partir-da-temporada-2023-24\" target=\"_blank\" rel=\"noopener\">O Novo Calend\u00e1rio do Futebol Brasileiro<\/a><\/p>\n<p>&nbsp;<\/p>\n<\/div>\n<\/div>\n<div class=\"reader-article-content reader-article-content--content-blocks\" dir=\"ltr\">\n<div id=\"divSpdInText\">\n<div id=\"divSpdInText\">\n<div id=\"divSpdInText\"><\/div>\n<\/div>\n<\/div>\n<h3>Podcast:<\/h3>\n<p>&nbsp;<\/p>\n<p><strong>Clique nas imagens abaixo<\/strong>\u00a0e confira os bate-papos no\u00a0<strong>Futeboteco (Tomando Uma Com)<\/strong>\u00a0e\u00a0<strong>Bora Pra Resenha Podcast<\/strong>\u00a0onde falamos sobre a revitaliza\u00e7\u00e3o das marcas dos clubes de futebol, sele\u00e7\u00e3o brasileira, calend\u00e1rio, VAR, regras atualizadas, as novas demarca\u00e7\u00f5es do campo e muitas outras curiosidades sobre a hist\u00f3ria do futebol brasileiro e mundial.<\/p>\n<p>&nbsp;<\/p>\n<h3>Futeboteco (Tomando Uma Com):<\/h3>\n<p>&nbsp;<\/p>\n<p><iframe loading=\"lazy\" title=\"YouTube video player\" src=\"https:\/\/www.youtube.com\/embed\/WzVxuF6ISYQ?si=V7wgmFQr_cLV1W-J&amp;start=474\" width=\"560\" height=\"315\" frameborder=\"0\" allowfullscreen=\"allowfullscreen\" data-mce-fragment=\"1\"><\/iframe><\/p>\n<\/div>\n<\/div>\n<\/div>\n<\/div>\n<\/div>\n<\/div>\n<div data-scaffold-immersive-reader-content=\"\">\n<div class=\"reader-article-content reader-article-content--content-blocks\" dir=\"ltr\"><\/div>\n<\/div>\n<p>&nbsp;<\/p>\n<\/div>\n<h3>Bora Pra Resenha:<\/h3>\n<p>&nbsp;<\/p>\n<p><strong>Clique na imagem abaixo<\/strong>\u00a0e confira o bate-papo na \u00edntegra no\u00a0<strong>Bora Pra Resenha Podcast<\/strong>\u00a0onde falamos sobre a revitaliza\u00e7\u00e3o das marcas dos clubes de futebol, sele\u00e7\u00e3o brasileira, calend\u00e1rio, VAR, regras atualizadas, as novas demarca\u00e7\u00f5es do campo e muitas outras curiosidades sobre a hist\u00f3ria do futebol:<\/p>\n<p>&nbsp;<\/p>\n<div id=\"attachment_11607\" class=\"wp-caption alignnone\">\n<div id=\"attachment_11607\" class=\"wp-caption alignnone\" style=\"width: 1920px\"><a href=\"https:\/\/www.youtube.com\/live\/cRa4qmL7bPc?si=cVg48ZR1I5yQkEf0&amp;t=200\" target=\"_blank\" rel=\"noopener\"><img loading=\"lazy\" decoding=\"async\" class=\"colorbox-11196 wp-image-11607 size-full\" title=\"Futbox no Bora Pra Resenha\" src=\"https:\/\/www.futbox.com\/blog\/wp-content\/uploads\/2023\/11\/Bora-pra-Resenha-Adr-Futbox-post.png\" sizes=\"auto, (max-width: 1920px) 100vw, 1920px\" srcset=\"https:\/\/www.futbox.com\/blog\/wp-content\/uploads\/2023\/11\/Bora-pra-Resenha-Adr-Futbox-post.png 1920w, https:\/\/www.futbox.com\/blog\/wp-content\/uploads\/2023\/11\/Bora-pra-Resenha-Adr-Futbox-post-300x300.png 300w, https:\/\/www.futbox.com\/blog\/wp-content\/uploads\/2023\/11\/Bora-pra-Resenha-Adr-Futbox-post-1024x1024.png 1024w, https:\/\/www.futbox.com\/blog\/wp-content\/uploads\/2023\/11\/Bora-pra-Resenha-Adr-Futbox-post-500x500.png 500w, https:\/\/www.futbox.com\/blog\/wp-content\/uploads\/2023\/11\/Bora-pra-Resenha-Adr-Futbox-post-768x768.png 768w, https:\/\/www.futbox.com\/blog\/wp-content\/uploads\/2023\/11\/Bora-pra-Resenha-Adr-Futbox-post-1536x1536.png 1536w, https:\/\/www.futbox.com\/blog\/wp-content\/uploads\/2023\/11\/Bora-pra-Resenha-Adr-Futbox-post-620x620.png 620w, https:\/\/www.futbox.com\/blog\/wp-content\/uploads\/2023\/11\/Bora-pra-Resenha-Adr-Futbox-post-70x70.png 70w\" alt=\"Futbox no Bora Pra Resenha\" width=\"1920\" height=\"1920\" \/><\/a><p class=\"wp-caption-text\">Futbox no Bora Pra Resenha<\/p><\/div>\n<\/div>\n<\/div>\n<\/div>\n<\/div>\n<p>&nbsp;<\/p>\n<div id=\"divSpdInText\">\n<div id=\"divSpdInText\">\n<div id=\"divSpdInText\">\n<h3>FUTBOX \u2013 Centro de Pesquisa Gr\u00e1fica Sobre Futebol:<\/h3>\n<\/div>\n<\/div>\n<div>\n<p>&nbsp;<\/p>\n<p><a href=\"https:\/\/linktr.ee\/FUTBOX_Projects\" target=\"_blank\" rel=\"noopener\">Projetos desenvolvidos para clubes de futebol, marcas esportivas, empresas e festivais de cinema<\/a><\/p>\n<p><a href=\"https:\/\/linktr.ee\/futbox_\" target=\"_blank\" rel=\"noopener\">Canais e Redes Sociais<\/a><\/p>\n<p class=\"sc-hKgILt ilsgNQ\"><a href=\"https:\/\/linktr.ee\/adrianoavila\" target=\"_blank\" rel=\"noopener\">Artigos sobre futebol e esporte a partir do equil\u00edbrio entre tradi\u00e7\u00e3o e inova\u00e7\u00e3o<\/a><\/p>\n<\/div>\n<\/div>\n<p>&nbsp;<\/p>\n<p>&nbsp;<\/p>\n","protected":false},"excerpt":{"rendered":"<p>Das trincheiras alem\u00e3s ouve-se algu\u00e9m cantando &#8220;Stille Nacht, Heilige Nacht&#8221;. At\u00f4nitos, os brit\u00e2nicos escutam a melodia. Em ingl\u00eas, ela \u00e9 conhecida como &#8220;Silent Night&#8221;; em portugu\u00eas, &#8220;Noite Feliz&#8221;. Quando a m\u00fasica acaba o sil\u00eancio retorna. Por pouco tempo.<\/p>\n","protected":false},"author":8,"featured_media":12843,"comment_status":"open","ping_status":"open","sticky":false,"template":"","format":"standard","meta":{"footnotes":""},"categories":[224],"tags":[1303,1522,496,533,534,494,350,1209,254,324,322,1034,1001,859,214,472,195,2258,745,817,543,998,571,348,568,2252,614,761,238,696,448,228,363,547,2341,858,944,2174,600,1639,277,2549,404,259,215,2356,1095,194,192,661,332,2771,521,1542,500,823,268,358,2492,360,1511,819,2550,1575,369,747,617,345,344,493,447,357,680,730,230,2769,1243,570,391,796,2551,744,2767,339,325,2274,1154,768,952,1324,2552,255,229,378,961,958,962,963,386,2770,351,2768,932,658,478,660],"class_list":["post-12841","post","type-post","status-publish","format-standard","has-post-thumbnail","hentry","category-fora-das-4-linhas","tag-abel-ferreira","tag-acm","tag-alemanha","tag-america-mg","tag-america-mineiro","tag-argentina","tag-arsenal","tag-atletico-mineiro","tag-bahia","tag-barcelona","tag-bayern-de-munique","tag-bayern-munchen","tag-boca","tag-borussia-dortmund","tag-botafogo","tag-branding","tag-brasil","tag-brasileirao-2024","tag-bundesliga","tag-calcio","tag-campeonato-brasileiro","tag-champions","tag-champions-league","tag-chelsea","tag-conmebol","tag-copa-do-brasil-2024","tag-copa-libertadores","tag-copa-sudamericana","tag-corinthians","tag-cr7","tag-cristiano-ronaldo","tag-cruzeiro","tag-datas-fifa","tag-design","tag-dorival","tag-dortmund","tag-emblema","tag-endrick","tag-england","tag-erling-haaland","tag-escudo","tag-estevao","tag-fifa","tag-flamengo","tag-fluminense","tag-fooltball","tag-futbol","tag-futebol","tag-galo","tag-germany","tag-gremio","tag-heilige-nacht","tag-historia","tag-history","tag-inglaterra","tag-inter","tag-internacional","tag-internazionale","tag-jude-bellingham","tag-juventus","tag-kylian-mbappe","tag-la-liga","tag-lamine-yamal","tag-leila-pereira","tag-liga-dos-campeoes-da-uefa","tag-ligue-1","tag-logo","tag-manchester-city","tag-manchester-united","tag-maradona","tag-messi","tag-milan","tag-natal","tag-neymar-jr","tag-palmeiras","tag-papai-noel","tag-paris","tag-paysandu","tag-pele","tag-pep-guardiola","tag-phil-foden","tag-premier-league","tag-primeira-guerra","tag-psg","tag-real-madrid","tag-recopa","tag-remo","tag-river","tag-ronaldo-fenomeno","tag-saf","tag-saka","tag-santos","tag-sao-paulo","tag-selecao-brasileira","tag-serie-a","tag-serie-b","tag-serie-c","tag-serie-d","tag-sul-americana","tag-tille-nacht","tag-tottenham","tag-trincheiras","tag-ucl","tag-uefa","tag-vasco","tag-world-cup"],"_links":{"self":[{"href":"https:\/\/www.futbox.com\/blog\/wp-json\/wp\/v2\/posts\/12841","targetHints":{"allow":["GET"]}}],"collection":[{"href":"https:\/\/www.futbox.com\/blog\/wp-json\/wp\/v2\/posts"}],"about":[{"href":"https:\/\/www.futbox.com\/blog\/wp-json\/wp\/v2\/types\/post"}],"author":[{"embeddable":true,"href":"https:\/\/www.futbox.com\/blog\/wp-json\/wp\/v2\/users\/8"}],"replies":[{"embeddable":true,"href":"https:\/\/www.futbox.com\/blog\/wp-json\/wp\/v2\/comments?post=12841"}],"version-history":[{"count":7,"href":"https:\/\/www.futbox.com\/blog\/wp-json\/wp\/v2\/posts\/12841\/revisions"}],"predecessor-version":[{"id":14138,"href":"https:\/\/www.futbox.com\/blog\/wp-json\/wp\/v2\/posts\/12841\/revisions\/14138"}],"wp:featuredmedia":[{"embeddable":true,"href":"https:\/\/www.futbox.com\/blog\/wp-json\/wp\/v2\/media\/12843"}],"wp:attachment":[{"href":"https:\/\/www.futbox.com\/blog\/wp-json\/wp\/v2\/media?parent=12841"}],"wp:term":[{"taxonomy":"category","embeddable":true,"href":"https:\/\/www.futbox.com\/blog\/wp-json\/wp\/v2\/categories?post=12841"},{"taxonomy":"post_tag","embeddable":true,"href":"https:\/\/www.futbox.com\/blog\/wp-json\/wp\/v2\/tags?post=12841"}],"curies":[{"name":"wp","href":"https:\/\/api.w.org\/{rel}","templated":true}]}}