{"id":12952,"date":"2025-02-07T13:17:49","date_gmt":"2025-02-07T16:17:49","guid":{"rendered":"https:\/\/www.futbox.com\/blog\/?p=12952"},"modified":"2025-09-07T11:24:54","modified_gmt":"2025-09-07T14:24:54","slug":"o-paradoxo-de-1987","status":"publish","type":"post","link":"https:\/\/www.futbox.com\/blog\/clubes\/o-paradoxo-de-1987","title":{"rendered":"O Paradoxo de 1987"},"content":{"rendered":"<p>O <strong>Sport<\/strong> comemora hoje (7 de fevereiro) o seu <strong>t\u00edtulo brasileiro<\/strong> conquistado h\u00e1 exatos &#8220;37&#8221; anos. Entretanto, 1987 foi h\u00e1 <strong>38 anos<\/strong>. Antes de apresentarmos os motivos dessa conta n\u00e3o fechar e a raz\u00e3o do termo &#8220;paradoxo&#8221;, presente no t\u00edtulo, vamos retornar ao ano que insiste em n\u00e3o acabar. E tamb\u00e9m, esclarecer que nenhum dos dois trof\u00e9us mostrados na imagem de capa desse artigo \u00e9 o oficial do Campeonato Brasileiro: o da esquerda foi oferecido pela <strong>Revista Placar<\/strong> e o da direita pela <strong>Caixa Econ\u00f4mica Federal<\/strong>, mais conhecido como &#8220;Ta\u00e7a das Bolinhas&#8221;.<\/p>\n<p>&nbsp;<\/p>\n<h3>A pol\u00eamica de sempre: dois campe\u00f5es brasileiros?<\/h3>\n<p>&nbsp;<\/p>\n<p>O consenso sobre o t\u00edtulo brasileiro de 1987, confrontando a famosa <strong>Copa Uni\u00e3o \u2013 Torneio Jo\u00e3o Havelange<\/strong>, organizado pelo \u201cClube dos 13\u201d e a <strong>Copa Brasil \u2013 Torneio Roberto Gomes Pedrosa<\/strong>, organizado pela CBF, provavelmente nunca existir\u00e1. <a title=\"Sport\" href=\"http:\/\/www.futbox.com\/pt\/Sport#!uniformes\" target=\"_blank\" rel=\"noopener noreferrer\">Sport\u00a0<\/a>e\u00a0<a title=\"Flamengo\" href=\"http:\/\/www.futbox.com\/pt\/Flamengo#!uniformes\" target=\"_blank\" rel=\"noopener noreferrer\">Flamengo<\/a>\u00a0disputaram durante d\u00e9cadas na Justi\u00e7a, quem foi o campe\u00e3o daquele ano.<\/p>\n<p>Em 4 de mar\u00e7o de 2016 o Flamengo sofreu uma dura derrota, quando o STF (Supremo Tribunal Federal) negou o seu pedido de reconhecimento do t\u00edtulo brasileiro da Copa Uni\u00e3o. <strong>Com a decis\u00e3o, o Sport foi declarado como \u00fanico campe\u00e3o brasileiro daquele ano<\/strong>. Decis\u00e3o essa que foi ratificada em 18 de abril de 2017, quando o STF negou novamente o recurso do clube carioca, por 3 votos a 1. <a href=\"https:\/\/esporte.uol.com.br\/futebol\/ultimas-noticias\/2017\/04\/18\/stf-nega-recurso-do-flamengo-e-mantem-sport-como-campeao-de-1987.htm\" target=\"_blank\" rel=\"noopener\">Saiba mais aqui<\/a>.<\/p>\n<p>Torna-se fundamental, todavia, conhecermos o contexto hist\u00f3rico da \u00e9poca e como terminou o Campeonato Brasileiro do ano anterior (1986).<\/p>\n<p>&nbsp;<\/p>\n<h3>Sem nenhuma condi\u00e7\u00e3o<\/h3>\n<p>&nbsp;<\/p>\n<p>A CBF, entidade organizadora da competi\u00e7\u00e3o, desde 1979 (de 1959 a 1978 era CBD \u2013 Confedera\u00e7\u00e3o Brasileira de Desportos), declarou publicamente na \u00e9poca, que <em>&#8220;n\u00e3o tinha condi\u00e7\u00f5es financeiras e estruturais para realizar a pr\u00f3xima edi\u00e7\u00e3o&#8221;<\/em>, isto \u00e9, 1987.<\/p>\n<p>Por esse motivo, foi criada em 11 de julho de 1987, a <strong>Uni\u00e3o dos Grandes Clubes do Futebol Brasileiro<\/strong>, ou simplesmente,\u00a0<strong>Clube dos 13<\/strong>, que teve Flamengo e S\u00e3o Paulo como idealizadores. <em>(<a href=\"https:\/\/www.rsssfbrasil.com\/tablesae\/br1987.htm\" target=\"_blank\" rel=\"noopener\">Mais informa\u00e7\u00f5es e dados referentes \u00e0 Copa Uni\u00e3o aqui<\/a>)<\/em>.<\/p>\n<p>A ideia era que\u00a0<strong>os pr\u00f3prios clubes organizassem a principal competi\u00e7\u00e3o do pa\u00eds<\/strong>, como \u00e9 feito hoje, por exemplo, nas principais Ligas do mundo. Faziam parte do Clube dos 13: Atl\u00e9tico-MG, Cruzeiro, Gr\u00eamio, Internacional, S\u00e3o Paulo, Santos, Palmeiras, Corinthians, Flamengo, Vasco, Fluminense e Botafogo. Em seguida, foi inclu\u00eddo o Bahia para que a nova Liga tivesse o seu representante do Nordeste.<\/p>\n<p>Para a realiza\u00e7\u00e3o da competi\u00e7\u00e3o foram chamados ainda: Coritiba, Goi\u00e1s e Santa Cruz, contemplando tamb\u00e9m a regi\u00e3o Centro-Oeste e formando ent\u00e3o, os 16 clubes com as maiores torcidas da \u00e9poca e que disputariam o <strong>Campeonato Brasileiro de 1987<\/strong>. Tudo resolvido? Claro que n\u00e3o.<\/p>\n<p>Durante as negocia\u00e7\u00f5es para a realiza\u00e7\u00e3o do campeonato, o Clube dos 13 conseguiu o patroc\u00ednio in\u00e9dito de uma marca para quase todos os clubes da Copa Uni\u00e3o: a Coca-Cola. <em>(<a href=\"https:\/\/mantosdofutebol.com.br\/2018\/11\/coca-cola-patrocinio-camisas-copa-uniao-1987\/\" target=\"_blank\" rel=\"noopener noreferrer\">Mais detalhes aqui<\/a>)<\/em>. Al\u00e9m disso, fechou tamb\u00e9m com outras grandes marcas como Varig e A\u00e7\u00facar Uni\u00e3o, que deu nome \u00e0 competi\u00e7\u00e3o, al\u00e9m da Rede Globo. Tal fa\u00e7anha <strong>despertou o interesse da CBF, que j\u00e1 havia chancelado a Copa Uni\u00e3o e declarado publicamente que n\u00e3o tinha compet\u00eancia para realizar a edi\u00e7\u00e3o de 1987<\/strong>. Mas agora, milagrosamente, tinha.<\/p>\n<p>Detalhe para a propaganda da \u00e9poca onde apenas 6 clubes n\u00e3o estampavam o logo da Coca-Cola em suas camisas, devido aos acordos anteriores com outros patrocinadores: Corinthians (Kalunga), Flamengo (Petrobras), Internacional (Aplub), Palmeiras (Agip), Santos (Suvinil) e S\u00e3o Paulo (BIC). Todos os 6 estrategicamente posicionados na \u00faltima fileira da foto.<\/p>\n<p><strong>Dois clubes chamam a aten\u00e7\u00e3o em rela\u00e7\u00e3o \u00e0s aplica\u00e7\u00f5es do logo da Coca-Cola em suas camisas: Vasco, com o logo na diagonal e o Gr\u00eamio, com um box \u201cvermelho\u201d em sua camisa<\/strong>, fato que seria \u201ccorrigido\u201d depois com a in\u00e9dita (at\u00e9 ent\u00e3o) aplica\u00e7\u00e3o da Coca-Cola em preto. Men\u00e7\u00e3o honrosa \u00e0s aplica\u00e7\u00f5es do logo nas camisas (barrigas) de Coritiba e Santa Cruz.<\/p>\n<p>&nbsp;<\/p>\n<div id=\"attachment_8773\" class=\"wp-caption aligncenter\">\n<div id=\"attachment_8773\" class=\"wp-caption aligncenter\" style=\"width: 850px\"><a class=\"zoomLink cboxElement\" href=\"https:\/\/www.futbox.com\/blog\/wp-content\/uploads\/2017\/05\/coca-cola-copa-unia\u0303o-ad.jpg\"><img loading=\"lazy\" decoding=\"async\" class=\"colorbox-4328 wp-image-8773 size-full\" src=\"https:\/\/www.futbox.com\/blog\/wp-content\/uploads\/2017\/05\/coca-cola-copa-unia\u0303o-ad.jpg\" sizes=\"auto, (max-width: 850px) 100vw, 850px\" srcset=\"https:\/\/www.futbox.com\/blog\/wp-content\/uploads\/2017\/05\/coca-cola-copa-unia\u0303o-ad.jpg 850w, https:\/\/www.futbox.com\/blog\/wp-content\/uploads\/2017\/05\/coca-cola-copa-unia\u0303o-ad-300x264.jpg 300w, https:\/\/www.futbox.com\/blog\/wp-content\/uploads\/2017\/05\/coca-cola-copa-unia\u0303o-ad-768x677.jpg 768w, https:\/\/www.futbox.com\/blog\/wp-content\/uploads\/2017\/05\/coca-cola-copa-unia\u0303o-ad-620x546.jpg 620w\" alt=\"Propaganda da Coca-Cola: Copa Uni\u00e3o de 1987\" width=\"850\" height=\"749\" \/><\/a><p class=\"wp-caption-text\">Propaganda da Coca-Cola: Copa Uni\u00e3o de 1987<\/p><\/div>\n<\/div>\n<p>&nbsp;<\/p>\n<p>Abaixo, o <strong>comercial de TV que veiculou na emissora que transmitiu todo o Campeonato de 1987<\/strong>, a Rede Globo. Pedimos desculpas pela qualidade do video:<\/p>\n<p>&nbsp;<\/p>\n<p><iframe loading=\"lazy\" src=\"https:\/\/www.youtube.com\/embed\/FoinAPb0YCc\" width=\"560\" height=\"315\" frameborder=\"0\" allowfullscreen=\"allowfullscreen\"><\/iframe><\/p>\n<p>&nbsp;<\/p>\n<p>&nbsp;<\/p>\n<h3>Ziraldo e a cria\u00e7\u00e3o das mascotes para 1987<\/h3>\n<p>&nbsp;<\/p>\n<div id=\"attachment_11033\" class=\"wp-caption aligncenter\">\n<div id=\"attachment_11033\" class=\"wp-caption aligncenter\" style=\"width: 866px\"><a class=\"zoomLink cboxElement\" href=\"https:\/\/www.futbox.com\/blog\/wp-content\/uploads\/2017\/05\/1987-ziraldo.jpg\"><img loading=\"lazy\" decoding=\"async\" class=\"colorbox-4328 wp-image-11033 size-full\" src=\"https:\/\/www.futbox.com\/blog\/wp-content\/uploads\/2017\/05\/1987-ziraldo.jpg\" sizes=\"auto, (max-width: 866px) 100vw, 866px\" srcset=\"https:\/\/www.futbox.com\/blog\/wp-content\/uploads\/2017\/05\/1987-ziraldo.jpg 866w, https:\/\/www.futbox.com\/blog\/wp-content\/uploads\/2017\/05\/1987-ziraldo-300x157.jpg 300w, https:\/\/www.futbox.com\/blog\/wp-content\/uploads\/2017\/05\/1987-ziraldo-768x403.jpg 768w, https:\/\/www.futbox.com\/blog\/wp-content\/uploads\/2017\/05\/1987-ziraldo-620x325.jpg 620w\" alt=\"Ilustra\u00e7\u00f5es de Ziraldo para os 16 clubes da Copa Uni\u00e3o de 1987\" width=\"866\" height=\"454\" \/><\/a><p class=\"wp-caption-text\">Ilustra\u00e7\u00f5es de Ziraldo para os 16 clubes da Copa Uni\u00e3o de 1987<\/p><\/div>\n<\/div>\n<p>&nbsp;<\/p>\n<p>O <strong>cartunista Ziraldo<\/strong>, que possui um dos tra\u00e7os mais famosos do mundo, <strong>teve a miss\u00e3o de criar as 16 mascotes da Copa Uni\u00e3o<\/strong>.<\/p>\n<p>&nbsp;<\/p>\n<p><a href=\"https:\/\/culturafutebolistica.wordpress.com\/2009\/10\/13\/mascotes-do-ziraldo\/\" target=\"_blank\" rel=\"noopener\"><em>(<\/em><\/a><em><a href=\"https:\/\/culturafutebolistica.wordpress.com\/2009\/10\/13\/mascotes-do-ziraldo\/\" target=\"_blank\" rel=\"noopener\">Confira a entrevista de Ziraldo para a Revista Placar, em maio de 1988<\/a>)<\/em>.<\/p>\n<p><em>(<a href=\"https:\/\/www.futbox.com\/blog\/futebol-outros\/album-de-figurinhas-copa-uniao-1987\" target=\"_blank\" rel=\"noopener\">E aqui, o link para o \u00c1lbum de Figurinhas da Copa Uni\u00e3o<\/a>).<\/em><\/p>\n<p>&nbsp;<\/p>\n<p>De volta \u00e0s pol\u00eamicas em torno de 1987, existiram ainda outros pontos determinantes para a confus\u00e3o que dura at\u00e9 hoje quando citamos a Copa Uni\u00e3o: <strong>os crit\u00e9rios de participa\u00e7\u00e3o adotados pelo Clube dos 13 que desconsideraram, por exemplo, o vice-campe\u00e3o de 1986: o Guarani de Campinas<\/strong>. Tais crit\u00e9rios foram elitistas e autorit\u00e1rios, num primeiro momento, mas \u00e9 importante percebermos que <strong>os clubes fundadores da nova Liga representavam tamb\u00e9m, mais de 90% dos torcedores brasileiros da \u00e9poca<\/strong>. O cen\u00e1rio de guerra estava armado.<\/p>\n<p>Neste <a href=\"https:\/\/dossier1987.wordpress.com\/cronologia-1987\/\" target=\"_blank\" rel=\"noopener\">link<\/a>, voc\u00ea pode conferir ainda, toda a cronologia\/desdobramentos, desde 1986, passando pelo ano de 1987 e at\u00e9 o ano de 2018, referentes aos recursos e senten\u00e7as para defini\u00e7\u00e3o do campe\u00e3o brasileiro de 1987. O apanhado faz parte do livro, <strong>1987: a Hist\u00f3ria Definitiva<\/strong>, de Pablo Duarte Cardoso, um resgate com riqueza de detalhes da maior controv\u00e9rsia na hist\u00f3ria do futebol brasileiro. Outro livro importante na interpreta\u00e7\u00e3o dos fatos \u00e9 <strong>1987: de fato, de direito e de cabe\u00e7a<\/strong>, dos autores Andr\u00e9 Gallindo e Cassio Zirpoli: <a href=\"https:\/\/museudofutebol.org.br\/crfb\/acervo\/689098\/\" target=\"_blank\" rel=\"noopener\">link<\/a>.<\/p>\n<p>&nbsp;<\/p>\n<h3>O Paradoxo de 1987<\/h3>\n<p>&nbsp;<\/p>\n<p>Chegamos, portanto, ao t\u00edtulo desse artigo. Por capricho dos Deuses, existe <strong>um paradoxo\u00a0<\/strong>em rela\u00e7\u00e3o ao &#8220;\u00fanico&#8221; campe\u00e3o brasileiro de 1987: <strong>toda a argumenta\u00e7\u00e3o do Sport foi constru\u00edda com base no regulamento da competi\u00e7\u00e3o daquele ano<\/strong>, assinado por Eurico Miranda (Vasco), representante do Clube dos 13, em reuni\u00e3o com a CBF, mas que nunca teve a aceita\u00e7\u00e3o dos demais clubes da \u201cNova Liga\u201d, em rela\u00e7\u00e3o \u00e0 defini\u00e7\u00e3o do campe\u00e3o brasileiro. Diziam que haviam concordado com o &#8220;cruzamento&#8221; (entre os M\u00f3dulos Verde e Amarelo) <strong>para defini\u00e7\u00e3o dos representantes brasileiros para a Libertadores do ano seguinte<\/strong>\u00a0e n\u00e3o, para eleger o campe\u00e3o.<\/p>\n<p><strong>Paradoxalmente, \u00e9 exatamente a partir dessa constru\u00e7\u00e3o por meio jur\u00eddico\u00a0que o Sport poderia \u201cperder\u201d o direito ao t\u00edtulo brasileiro<\/strong>, pois o quadrangular final, chamado de\u00a0<strong>Copa Brasil<\/strong>, e realizado apenas por Sport e Guarani, n\u00e3o terminou em 1987 e sim, <strong>em 7 de fevereiro de 1988<\/strong>.<\/p>\n<p>Pelo regulamento da competi\u00e7\u00e3o e tamb\u00e9m pela <strong>CND \u2013 Conselho Nacional de Desportos<\/strong>\u00a0(org\u00e3o respons\u00e1vel pela regula\u00e7\u00e3o e regulamenta\u00e7\u00e3o de todos os esportes e suas respectivas Federa\u00e7\u00f5es e Confedera\u00e7\u00f5es no Brasil, entre 1941 e 1993),\u00a0<strong>uma competi\u00e7\u00e3o nacional teria que come\u00e7ar e terminar no mesmo ano<\/strong>. N\u00e3o fosse o bastante, o \u201cM\u00f3dulo Amarelo\u201d n\u00e3o teve um campe\u00e3o \u201cdentro em campo\u201d, pois Sport e Guarani decidiram interromper a disputa por p\u00eanaltis, quando essa estava empatada em 11&#215;11, e \u201cdividir\u201d o t\u00edtulo, que foi ratificado (extracampo) pela CBF em <strong>22 de janeiro de 1988<\/strong>. <strong>Outro ponto que contradizia o regulamento e as pr\u00f3prias diretrizes da CND<\/strong>.<\/p>\n<p>Posteriormente, em <strong>7 de fevereiro de 1988<\/strong>, foi realizada a &#8220;verdadeira decis\u00e3o do Campeonato Brasileiro&#8221;, frase do narrador do SBT, Ivo Morganti, canal que transmitiu a partida e que contou tamb\u00e9m com as reportagens do jornalista, Jorge Kajuru. A decis\u00e3o, disputada na Ilha do Retiro para um p\u00fablico pagante de 26.282 pessoas e com renda de Cz$ 4.905.000,00 (quatro milh\u00f5es, novecentos e cinco mil cruzados), teve a vit\u00f3ria do Sport por 1&#215;0, gol de cabe\u00e7a de Marco Ant\u00f4nio (6) aos 19 minutos do segundo tempo. (<a href=\"https:\/\/youtu.be\/L7bpn5lahpM?si=5EAO8-90C0gAMGMl\" target=\"_blank\" rel=\"noopener\">Neste link a partida na \u00edntegra<\/a>).<\/p>\n<p>Por\u00e9m, diante disso tudo, o <strong>Flamengo<\/strong> lidou com um certo descaso e soberba em todas as investidas do <strong>Sport<\/strong> para ter o seu reconhecimento como campe\u00e3o brasileiro e, durante o decorrer das senten\u00e7as (contra e a favor), como o <strong>\u00fanico campe\u00e3o brasileiro de 1987<\/strong>.<\/p>\n<p>No final, o clube pernambucano conseguiu o reconhecimento, <strong>exclusivamente por parte da CBF<\/strong>, como sendo o \u00fanico campe\u00e3o de 1987. Importante frisarmos um detalhe sutil e, muitas vezes, pol\u00eamico em rela\u00e7\u00e3o ao seu entendimento: <strong>fatos hist\u00f3ricos s\u00e3o mais importantes do que decis\u00f5es jur\u00eddicas<\/strong>, quando o objeto do estudo se refere \u00e0 hist\u00f3ria, cabendo ao jornalista, pesquisador, escritor ou historiador, absorver essas nuances.<\/p>\n<p>&nbsp;<\/p>\n<div id=\"attachment_12995\" class=\"wp-caption aligncenter\" style=\"width: 1024px\"><a href=\"https:\/\/www.futbox.com\/blog\/wp-content\/uploads\/2025\/02\/Flamengo-1987.jpg\"><img loading=\"lazy\" decoding=\"async\" class=\"wp-image-12995 size-full colorbox-12952\" src=\"https:\/\/www.futbox.com\/blog\/wp-content\/uploads\/2025\/02\/Flamengo-1987.jpg\" alt=\"Time do Flamengo em 1987: final contra o Internacional\" width=\"1024\" height=\"683\" srcset=\"https:\/\/www.futbox.com\/blog\/wp-content\/uploads\/2025\/02\/Flamengo-1987.jpg 1024w, https:\/\/www.futbox.com\/blog\/wp-content\/uploads\/2025\/02\/Flamengo-1987-300x200.jpg 300w, https:\/\/www.futbox.com\/blog\/wp-content\/uploads\/2025\/02\/Flamengo-1987-768x512.jpg 768w, https:\/\/www.futbox.com\/blog\/wp-content\/uploads\/2025\/02\/Flamengo-1987-620x414.jpg 620w\" sizes=\"auto, (max-width: 1024px) 100vw, 1024px\" \/><\/a><p class=\"wp-caption-text\">Time do Flamengo em 1987: final contra o Internacional<\/p><\/div>\n<p>&nbsp;<\/p>\n<div id=\"attachment_12997\" class=\"wp-caption aligncenter\" style=\"width: 1024px\"><a href=\"https:\/\/www.futbox.com\/blog\/wp-content\/uploads\/2025\/02\/Sport-1987.jpg\"><img loading=\"lazy\" decoding=\"async\" class=\"wp-image-12997 size-full colorbox-12952\" src=\"https:\/\/www.futbox.com\/blog\/wp-content\/uploads\/2025\/02\/Sport-1987.jpg\" alt=\"Time do Sport em 1987: final contra o Guarani-SP\" width=\"1024\" height=\"640\" srcset=\"https:\/\/www.futbox.com\/blog\/wp-content\/uploads\/2025\/02\/Sport-1987.jpg 1024w, https:\/\/www.futbox.com\/blog\/wp-content\/uploads\/2025\/02\/Sport-1987-300x188.jpg 300w, https:\/\/www.futbox.com\/blog\/wp-content\/uploads\/2025\/02\/Sport-1987-768x480.jpg 768w, https:\/\/www.futbox.com\/blog\/wp-content\/uploads\/2025\/02\/Sport-1987-620x388.jpg 620w\" sizes=\"auto, (max-width: 1024px) 100vw, 1024px\" \/><\/a><p class=\"wp-caption-text\">Time do Sport em 1987: final contra o Guarani-SP<\/p><\/div>\n<p>&nbsp;<\/p>\n<p>Acompanhando a cronologia dos acontecimentos (dentro e fora de campo) e pesquisando a fundo todos os cen\u00e1rios esportivo, cultural, midi\u00e1tico e jur\u00eddico em torno de 1987,\u00a0<strong>percebemos que, o que estava em jogo era o cumprimento das leis, a habilidade dos advogados, os interesses pol\u00edticos e n\u00e3o, o resgate do que aconteceu, de fato, em 1987. E ainda, como as duas competi\u00e7\u00f5es, principalmente a Copa Uni\u00e3o, impactaram e mobilizaram todo o Brasil em relev\u00e2ncia e significado<\/strong>. Lembrando, o cumprimento das leis \u00e9 fundamental e necess\u00e1rio em qualquer sociedade democr\u00e1tica, mas n\u00e3o \u00e9 determinante para eliminar\/maquiar fatos ou acontecimentos.<\/p>\n<p>&nbsp;<\/p>\n<h3>Vale a reflex\u00e3o<\/h3>\n<p>&nbsp;<\/p>\n<p><strong>Juridicamente e legitimamente s\u00e3o duas coisas distintas<\/strong> que podem ou n\u00e3o ser a mesma coisa. Outro ponto importante para o entendimento de tudo o que aconteceu, h\u00e1 mais de 30 anos: <strong>fatos hist\u00f3ricos n\u00e3o mudam com o tempo, decis\u00f5es em tribunais, sim<\/strong>, dependendo dos interesses pol\u00edticos ou econ\u00f4micos de cada gest\u00e3o e das habilidades e influ\u00eancias dos respectivos advogados contratados.<\/p>\n<p><strong>Quando resgatamos um periodo hist\u00f3rico \u00e9 fundamental que o analisemos com a cabe\u00e7a da \u00e9poca<\/strong>, como era a rela\u00e7\u00e3o da competi\u00e7\u00e3o com os clubes, torcedores, midia, imprensa e sociedade em geral, naquela ocasi\u00e3o.\u00a0<strong>Qual era o prop\u00f3sito daquela competi\u00e7\u00e3o quando foi criada e, principalmente, disputada dentro de campo<\/strong>.<\/p>\n<p>E mais: saber sobre os crit\u00e9rios de participa\u00e7\u00e3o, abrang\u00eancia, qualifica\u00e7\u00e3o ou n\u00e3o para outras competi\u00e7\u00f5es, se haviam outras equivalentes durante aquele per\u00edodo de disputa, a infraestrutura do pa\u00eds (locomo\u00e7\u00e3o, estradas, rios, aeroportos e viagens), a no\u00e7\u00e3o de cidadania (pa\u00eds\/na\u00e7\u00e3o) que existia, etc.\u00a0<strong>N\u00e3o devemos avaliar um per\u00edodo ou competi\u00e7\u00e3o, por exemplo, com julgamentos a partir do nosso presente.<\/strong><\/p>\n<p>Diante de toda a pesquisa realizada \u00e9 sensato dizer e, talvez seja o mais justo, reconhecer que\u00a0<strong>tivemos dois campe\u00f5es brasileiros em 1987: u<\/strong><strong>m de fato e outro de direito<\/strong>.<\/p>\n<p>&nbsp;<\/p>\n<h3>Campe\u00f5es Brasileiros, desde 1959<\/h3>\n<p>&nbsp;<\/p>\n<p>Ao longo dos anos o nome e o sistema de disputa das competi\u00e7\u00f5es que elegiam os\u00a0<strong>campe\u00f5es brasileiros<\/strong>\u00a0foram alterados incessantemente pela CBD (1959 a 1978) e pela CBF (desde 1979). Em 1967 e 1968 foram realizados dois Campeonatos, cen\u00e1rio similar aos Torneios \u201cClausura\u201d e \u201cApertura\u201d, muito utilizados pelos sul-americanos e tamb\u00e9m pelo M\u00e9xico ao longo de suas hist\u00f3rias.<\/p>\n<p>Curiosidade: a nomenclatura \u201c<strong>Campeonato Brasileiro<\/strong>\u201d seria adotada oficialmente\u00a0<strong>apenas em 1989<\/strong>, ano em que o\u00a0<a title=\"Vasco da Gama\" href=\"http:\/\/www.futbox.com\/pt\/vasco#!uniformes\" target=\"_blank\" rel=\"noopener noreferrer\">Vasco da Gama<\/a> se sagrou campe\u00e3o, vencendo o S\u00e3o Paulo, na final. Abaixo todas as mudan\u00e7as de nome at\u00e9 hoje:<\/p>\n<p>&nbsp;<\/p>\n<p>\u2022 1937* =\u00a0<strong>Torneio dos Campe\u00f5es<\/strong><\/p>\n<p>\u2022 1959 a 1968 =\u00a0<strong>Ta\u00e7a Brasil<\/strong><\/p>\n<p>\u2022 1967 =\u00a0<strong>Torneio Roberto Gomes Pedrosa<\/strong><\/p>\n<p>\u2022 1968 a 1970 =\u00a0<strong>Torneio Roberto Gomes Pedrosa | Ta\u00e7a de Prata<\/strong><\/p>\n<p>\u2022 1971 a 1974 =\u00a0<strong>Campeonato Nacional de Clubes<\/strong><\/p>\n<p>\u2022 1975 a 1979 =\u00a0<strong>Copa Brasil<\/strong><\/p>\n<p>\u2022 1980 a 1983 =\u00a0<strong>Ta\u00e7a de Ouro<\/strong><\/p>\n<p>\u2022 1984 =\u00a0<strong>Copa Brasil<\/strong><\/p>\n<p>\u2022 1985 =\u00a0<strong>Ta\u00e7a de Ouro<\/strong><\/p>\n<p>\u2022 1986 =\u00a0<strong>Copa Brasil<\/strong><\/p>\n<p>\u2022 1987** =\u00a0<strong>Copa Uni\u00e3o \u2013 Torneio Jo\u00e3o Havelange (M\u00f3dulo Verde)\u00a0 | Copa Brasil \u2013 Torneio Roberto Gomes Pedrosa (M\u00f3dulo Amarelo)<\/strong><\/p>\n<p>\u2022 1988 =\u00a0<strong>Copa Uni\u00e3o \u2013 Copa Brasil de Futebol<\/strong><\/p>\n<p>\u2022 1989 a 1999 =\u00a0<strong>Campeonato Brasileiro<\/strong><\/p>\n<p>\u2022 2000 =\u00a0<strong>Copa Jo\u00e3o Havelange<\/strong><\/p>\n<p>\u2022 2001 e 2002 =\u00a0<strong>Campeonato Brasileiro<\/strong><\/p>\n<p>\u2022 2003 em diante =\u00a0<strong>Campeonato Brasileiro \u2013 S\u00e9rie A<\/strong><\/p>\n<p>&nbsp;<\/p>\n<p>*<em><strong>Torneio dos Campe\u00f5es \u2013 1937:<\/strong><\/em><\/p>\n<p><em>No dia 25 de agosto de 2023, o t\u00edtulo do\u00a0<strong>Torneio dos Campe\u00f5es<\/strong>\u00a0foi unificado pela CBF aos t\u00edtulos brasileiros conquistados a partir de 1959, a pedido do Atl\u00e9tico-MG, que havia entregue um dossi\u00ea sobre 1937 \u00e0 entidade, um ano antes.<\/em><\/p>\n<p><em>O\u00a0<strong>Torneio\u00a0<\/strong><strong>dos Campe\u00f5es<\/strong>, conhecido tamb\u00e9m por \u201cCopa Campe\u00e3o dos Campe\u00f5es\u201d ou ainda, \u201cCopa dos Campe\u00f5es Estaduais\u201d, foi um torneio promovido em 1937 pela \u201cFBF \u2013 Federa\u00e7\u00e3o Brasileira de Football\u201d, que se uniria mais tarde \u00e0 \u201cCBD \u2013 Confedera\u00e7\u00e3o Brasileira de Desportos\u201d e, no ano de 1979, se tornaria a atual CBF. O torneio teve a participa\u00e7\u00e3o dos campe\u00f5es de 1936 das Ligas dos estados de Minas Gerais, Rio de Janeiro, S\u00e3o Paulo e Esp\u00edrito Santo, al\u00e9m das equipes Liga de Sports Marina (convidado) e Sport Club Alian\u00e7a (campe\u00e3o campista), eliminados na fase preliminar.<\/em><\/p>\n<p>Naquela \u00e9poca, a divis\u00e3o regional do Brasil era diferente. Minas, Rio de Janeiro, Esp\u00edrito Santo, Bahia e Sergipe formavam a \u201cRegi\u00e3o Oriental\u201d. J\u00e1 S\u00e3o Paulo, fazia parte da \u201cRegi\u00e3o Meridional\u201d. Foi o segundo torneio entre campe\u00f5es estaduais, organizado pela FBF, sendo precedido pelo \u201cTorneio dos Campe\u00f5es\u201d em 1920, quando o Club Athletico Paulistano foi o campe\u00e3o. Com quatro vit\u00f3rias, um empate e uma derrota, o Atl\u00e9tico-MG ficou com o t\u00edtulo e o Fluminense repetiu o 2\u00ba lugar de 1920. Voc\u00ea pode conferir todos os detalhes do\u00a0<strong>Torneio dos Campe\u00f5es<\/strong>\u00a0de 1937\u00a0<a href=\"https:\/\/pt.wikipedia.org\/wiki\/Campeonato_Brasileiro_de_Futebol_de_1937\" target=\"_blank\" rel=\"noopener\">aqui<\/a>.<\/p>\n<p>&nbsp;<\/p>\n<p><em>**<strong>Copa Uni\u00e3o | Copa Brasil \u2013 1987:<\/strong><\/em><\/p>\n<p><em>A\u00a0<strong>edi\u00e7\u00e3o de 1987<\/strong>\u00a0foi separada em duas competi\u00e7\u00f5es simult\u00e2neas: \u201cCopa Uni\u00e3o \u2013 Torneio Jo\u00e3o Havelange\u201d, realizada pelos clubes (M\u00f3dulo Verde) e \u201cCopa Brasil \u2013 Torneio Roberto Gomes Pedrosa\u201d, realizada pela CBF (M\u00f3dulo Amarelo).\u00a0<\/em><em>A ideia (proposta ap\u00f3s a defini\u00e7\u00e3o da Copa Uni\u00e3o como sendo a competi\u00e7\u00e3o nacional daquele ano, e que teve a aprova\u00e7\u00e3o da CBF para isso), era promover um quadrangular final entre os campe\u00f5es e vices de cada competi\u00e7\u00e3o: Flamengo e Inter (M\u00f3dulo Verde) e Sport e Guarani (M\u00f3dulo Amarelo). Dessa forma,\u00a0<strong>determinar os dois participantes brasileiros na Copa Libertadores da Am\u00e9rica de 1988<\/strong>, fato que n\u00e3o aconteceu na \u00e9poca e que gera muita pol\u00eamica at\u00e9 hoje, em rela\u00e7\u00e3o ao t\u00edtulo de \u201cCampe\u00e3o Brasileiro\u201d daquele ano. Na oportunidade,\u00a0<strong>Flamengo e Internacional se recusaram a disputar o quadrangular contra Sport e Guarani<\/strong>.<\/em><\/p>\n<p><em>Importante registrar tamb\u00e9m que a final do M\u00f3dulo Amarelo n\u00e3o terminou dentro de campo. Ap\u00f3s uma vit\u00f3ria para cada lado (Guarani 2\u00d70, em 6 de dezembro de 1987 e Sport 3\u00d70, sete dias depois) e um empate em 0x0 na prorroga\u00e7\u00e3o do segundo jogo,\u00a0<strong>Sport e Guarani decidiram encerrar a disputa de p\u00eanaltis, quando essa estava empatada em 11 a 11<\/strong>, e ambos, compartilharem o t\u00edtulo do M\u00f3dulo Amarelo.<\/em><\/p>\n<p><em>Em 22 de janeiro de 1988, o Guarani desistiu do t\u00edtulo e a CBF declarou o Sport como o campe\u00e3o do M\u00f3dulo Amarelo de 1987. (<a href=\"https:\/\/ge.globo.com\/programas\/esporte-espetacular\/noticia\/2013\/10\/campeoes-do-brasil-titulo-do-sport-em-87-teve-disputa-de-penalti-sem-fim.html\" target=\"_blank\" rel=\"noopener\">Mais detalhes aqui<\/a>).<\/em><\/p>\n<p>&nbsp;<\/p>\n<p><strong>No post abaixo, o trof\u00e9u oficial da CBF<\/strong>, oferecido aos dois campe\u00f5es e os <strong>trof\u00e9us da Revista Placar<\/strong> (Copa Uni\u00e3o | Torneio Jo\u00e3o Havelange &#8211; M\u00f3dulo Verde) e da <strong>Caixa Econ\u00f4mica Federal &#8220;Ta\u00e7a das Bolinhas&#8221;<\/strong> (Copa Brasil | Torneio Roberto Gomes Pedrosa &#8211; M\u00f3dulo Amarelo). <strong>Confira tamb\u00e9m no post a classifica\u00e7\u00e3o final nas duas competi\u00e7\u00f5es<\/strong>:<\/p>\n<p>&nbsp;<\/p>\n<blockquote class=\"instagram-media\" style=\"background: #FFF; border: 0; border-radius: 3px; box-shadow: 0 0 1px 0 rgba(0,0,0,0.5),0 1px 10px 0 rgba(0,0,0,0.15); margin: 1px; max-width: 540px; min-width: 326px; padding: 0; width: calc(100% - 2px);\" data-instgrm-captioned=\"\" data-instgrm-permalink=\"https:\/\/www.instagram.com\/p\/C6eNQWjumFq\/?utm_source=ig_embed&amp;utm_campaign=loading\" data-instgrm-version=\"14\">\n<div style=\"padding: 16px;\">\n<p>&nbsp;<\/p>\n<div style=\"display: flex; flex-direction: row; align-items: center;\">\n<div style=\"background-color: #f4f4f4; border-radius: 50%; flex-grow: 0; height: 40px; margin-right: 14px; width: 40px;\"><\/div>\n<div style=\"display: flex; flex-direction: column; flex-grow: 1; justify-content: center;\">\n<div style=\"background-color: #f4f4f4; border-radius: 4px; flex-grow: 0; height: 14px; margin-bottom: 6px; width: 100px;\"><\/div>\n<div style=\"background-color: #f4f4f4; border-radius: 4px; flex-grow: 0; height: 14px; width: 60px;\"><\/div>\n<\/div>\n<\/div>\n<div style=\"padding: 19% 0;\"><\/div>\n<div style=\"display: block; height: 50px; margin: 0 auto 12px; width: 50px;\"><\/div>\n<div style=\"padding-top: 8px;\">\n<div style=\"color: #3897f0; font-family: Arial,sans-serif; font-size: 14px; font-style: normal; font-weight: 550; line-height: 18px;\">View this post on Instagram<\/div>\n<\/div>\n<div style=\"padding: 12.5% 0;\"><\/div>\n<div style=\"display: flex; flex-direction: row; margin-bottom: 14px; align-items: center;\">\n<div>\n<div style=\"background-color: #f4f4f4; border-radius: 50%; height: 12.5px; width: 12.5px; transform: translateX(0px) translateY(7px);\"><\/div>\n<div style=\"background-color: #f4f4f4; height: 12.5px; transform: rotate(-45deg) translateX(3px) translateY(1px); width: 12.5px; flex-grow: 0; margin-right: 14px; margin-left: 2px;\"><\/div>\n<div style=\"background-color: #f4f4f4; border-radius: 50%; height: 12.5px; width: 12.5px; transform: translateX(9px) translateY(-18px);\"><\/div>\n<\/div>\n<div style=\"margin-left: 8px;\">\n<div style=\"background-color: #f4f4f4; border-radius: 50%; flex-grow: 0; height: 20px; width: 20px;\"><\/div>\n<div style=\"width: 0; height: 0; border-top: 2px solid transparent; border-left: 6px solid #f4f4f4; border-bottom: 2px solid transparent; transform: translateX(16px) translateY(-4px) rotate(30deg);\"><\/div>\n<\/div>\n<div style=\"margin-left: auto;\">\n<div style=\"width: 0px; border-top: 8px solid #F4F4F4; border-right: 8px solid transparent; transform: translateY(16px);\"><\/div>\n<div style=\"background-color: #f4f4f4; flex-grow: 0; height: 12px; width: 16px; transform: translateY(-4px);\"><\/div>\n<div style=\"width: 0; height: 0; border-top: 8px solid #F4F4F4; border-left: 8px solid transparent; transform: translateY(-4px) translateX(8px);\"><\/div>\n<\/div>\n<\/div>\n<div style=\"display: flex; flex-direction: column; flex-grow: 1; justify-content: center; margin-bottom: 24px;\">\n<div style=\"background-color: #f4f4f4; border-radius: 4px; flex-grow: 0; height: 14px; margin-bottom: 6px; width: 224px;\"><\/div>\n<div style=\"background-color: #f4f4f4; border-radius: 4px; flex-grow: 0; height: 14px; width: 144px;\"><\/div>\n<\/div>\n<p>&nbsp;<\/p>\n<p style=\"color: #c9c8cd; font-family: Arial,sans-serif; font-size: 14px; line-height: 17px; margin-bottom: 0; margin-top: 8px; overflow: hidden; padding: 8px 0 7px; text-align: center; text-overflow: ellipsis; white-space: nowrap;\"><a style=\"color: #c9c8cd; font-family: Arial,sans-serif; font-size: 14px; font-style: normal; font-weight: normal; line-height: 17px; text-decoration: none;\" href=\"https:\/\/www.instagram.com\/p\/C6eNQWjumFq\/?utm_source=ig_embed&amp;utm_campaign=loading\" target=\"_blank\" rel=\"noopener\">A post shared by #FUTBOX (@futbox.oficial)<\/a><\/p>\n<\/div>\n<\/blockquote>\n<p><script async src=\"\/\/www.instagram.com\/embed.js\"><\/script><\/p>\n<p>&nbsp;<\/p>\n<p>Confira no video abaixo: <strong>imagens e lances da final, o gol &#8220;legal&#8221; anulado do Guarani, a disputa por p\u00eanaltis, a cobran\u00e7a que daria o t\u00edtulo ao Bugre e a invas\u00e3o de campo por parte do presidente do Sport, Homero Lacerda:<\/strong><\/p>\n<p>&nbsp;<\/p>\n<p><iframe loading=\"lazy\" title=\"YouTube video player\" src=\"https:\/\/www.youtube.com\/embed\/oSpoHkHgQOU?si=0XXjQBCPg64AoViA&amp;start=1\" width=\"560\" height=\"315\" frameborder=\"0\" allowfullscreen=\"allowfullscreen\"><\/iframe><\/p>\n<p>&nbsp;<\/p>\n<p>&nbsp;<\/p>\n<h3>Todos os modelos de trof\u00e9us entregues aos Campe\u00f5es Brasileiros<\/h3>\n<div id=\"attachment_10625\" class=\"wp-caption aligncenter\">\n<div id=\"attachment_10625\" class=\"wp-caption aligncenter\" style=\"width: 909px\"><a class=\"zoomLink cboxElement\" href=\"https:\/\/www.futbox.com\/blog\/wp-content\/uploads\/2017\/05\/trofeus-BR-SerieA-2023-01.png\"><img loading=\"lazy\" decoding=\"async\" class=\"colorbox-4328 wp-image-10625 size-full\" src=\"https:\/\/www.futbox.com\/blog\/wp-content\/uploads\/2017\/05\/trofeus-BR-SerieA-2023-01.png\" sizes=\"auto, (max-width: 909px) 100vw, 909px\" srcset=\"https:\/\/www.futbox.com\/blog\/wp-content\/uploads\/2017\/05\/trofeus-BR-SerieA-2023-01.png 909w, https:\/\/www.futbox.com\/blog\/wp-content\/uploads\/2017\/05\/trofeus-BR-SerieA-2023-01-300x265.png 300w, https:\/\/www.futbox.com\/blog\/wp-content\/uploads\/2017\/05\/trofeus-BR-SerieA-2023-01-768x679.png 768w, https:\/\/www.futbox.com\/blog\/wp-content\/uploads\/2017\/05\/trofeus-BR-SerieA-2023-01-620x548.png 620w\" alt=\"Ilustra\u00e7\u00f5es dos trof\u00e9us: acervo Futbox\" width=\"909\" height=\"804\" \/><\/a><p class=\"wp-caption-text\">Ilustra\u00e7\u00f5es dos trof\u00e9us: acervo Futbox<\/p><\/div>\n<p class=\"wp-caption-text\">\n<\/div>\n<div id=\"attachment_11236\" class=\"wp-caption aligncenter\">\n<div id=\"attachment_11236\" class=\"wp-caption aligncenter\" style=\"width: 909px\"><a class=\"zoomLink cboxElement\" href=\"https:\/\/www.futbox.com\/blog\/wp-content\/uploads\/2017\/05\/1937-trofeu-Futbox.png\"><img loading=\"lazy\" decoding=\"async\" class=\"colorbox-4328 wp-image-11236 size-full\" src=\"https:\/\/www.futbox.com\/blog\/wp-content\/uploads\/2017\/05\/1937-trofeu-Futbox.png\" sizes=\"auto, (max-width: 909px) 100vw, 909px\" srcset=\"https:\/\/www.futbox.com\/blog\/wp-content\/uploads\/2017\/05\/1937-trofeu-Futbox.png 909w, https:\/\/www.futbox.com\/blog\/wp-content\/uploads\/2017\/05\/1937-trofeu-Futbox-300x189.png 300w, https:\/\/www.futbox.com\/blog\/wp-content\/uploads\/2017\/05\/1937-trofeu-Futbox-768x484.png 768w, https:\/\/www.futbox.com\/blog\/wp-content\/uploads\/2017\/05\/1937-trofeu-Futbox-620x391.png 620w\" alt=\"Ilustra\u00e7\u00f5es dos trof\u00e9us: acervo Futbox\" width=\"909\" height=\"573\" \/><\/a><p class=\"wp-caption-text\">Ilustra\u00e7\u00f5es dos trof\u00e9us: acervo Futbox<\/p><\/div>\n<p class=\"wp-caption-text\">\n<\/div>\n<p><em>(<a href=\"https:\/\/www.futbox.com\/pt\/trofeus\/clubes#!nacionais\/conmebol\/brasil\" target=\"_blank\" rel=\"noopener\">A\u00a0<strong>Galeria de Trof\u00e9us<\/strong>\u00a0completa do Brasileir\u00e3o \u2013 S\u00e9ries A, B, C e D e de todas as principais competi\u00e7\u00f5es de clubes e sele\u00e7\u00f5es de todo o mundo, atuais e extintas, aqui<\/a>)<\/em>.<\/p>\n<p>&nbsp;<\/p>\n<h3><em>&#8220;Resgatar o passado significa assegurar o nosso presente para as gera\u00e7\u00f5es futuras.&#8221;<\/em><\/h3>\n<p>&nbsp;<\/p>\n<p>Fotos de capa: divulga\u00e7\u00e3o | Montagem: Futbox<\/p>\n<p>&nbsp;<\/p>\n<p>&nbsp;<\/p>\n<h3>Dois videos sobre 1987<\/h3>\n<p>&nbsp;<\/p>\n<p><strong>1 &#8211; A Copa Uni\u00e3o:<\/strong><\/p>\n<p><iframe loading=\"lazy\" title=\"YouTube video player\" src=\"https:\/\/www.youtube.com\/embed\/37tAaBuVtU8?si=vaHRiT3cJ2lu9Sjd&amp;start=4\" width=\"560\" height=\"315\" frameborder=\"0\" allowfullscreen=\"allowfullscreen\"><\/iframe><\/p>\n<p>&nbsp;<\/p>\n<p><strong>2 &#8211; Regulamento de 1987<\/strong>:<\/p>\n<p><iframe loading=\"lazy\" src=\"https:\/\/www.youtube.com\/embed\/9TtR_jBdBPg\" width=\"560\" height=\"315\" frameborder=\"0\" allowfullscreen=\"allowfullscreen\" data-mce-fragment=\"1\"><\/iframe><\/p>\n<p>&nbsp;<\/p>\n<p>&nbsp;<\/p>\n<div id=\"divSpdInText\">\n<div id=\"divSpdInText\">\n<div id=\"divSpdInText\">\n<div id=\"divSpdInText\">\n<div id=\"divSpdInText\">\n<div id=\"divSpdInText\">\n<div id=\"divSpdInText\">\n<h3>Veja tamb\u00e9m:<\/h3>\n<p>&nbsp;<\/p>\n<\/div>\n<\/div>\n<\/div>\n<div id=\"divSpdInText\">\n<div id=\"divSpdInText\">\n<div id=\"divSpdInText\">\n<p><a href=\"https:\/\/www.futbox.com\/blog\/clubes\/super-mundial-a-diminuicao-do-valor-dos-clubes-pela-entrada-dos-seus-jogadores-em-campo\" target=\"_blank\" rel=\"noopener\">Super Mundial: a diminui\u00e7\u00e3o do valor dos clubes pela entrada dos seus jogadores em campo<\/a><\/p>\n<p><a href=\"https:\/\/www.futbox.com\/blog\/campeonatos\/mundial-de-clubes-menor-melhor-e-maior\" target=\"_blank\" rel=\"noopener\">Mundial de Clubes: menor, melhor e maior!<\/a><\/p>\n<p><a href=\"https:\/\/www.futbox.com\/blog\/selecoes\/a-selecao-favorita-para-a-copa-de-2026-pode-nem-se-classificar\" target=\"_blank\" rel=\"noopener\">A sele\u00e7\u00e3o favorita para a Copa de 2026 pode nem se classificar<\/a><\/p>\n<p><a href=\"https:\/\/www.futbox.com\/blog\/clubes\/o-paradoxo-de-1987\" target=\"_blank\" rel=\"noopener\">O Paradoxo de 1987<\/a><\/p>\n<\/div>\n<\/div>\n<\/div>\n<p><a href=\"https:\/\/www.futbox.com\/blog\/fora-das-4-linhas\/laboratory-rats\" target=\"_blank\" rel=\"noopener\">Laboratoty RATS<\/a><\/p>\n<\/div>\n<p><a href=\"https:\/\/www.futbox.com\/blog\/clubes\/intercontinental-cup\" target=\"_blank\" rel=\"noopener\">INTERCOLONIAL CUP<\/a><\/p>\n<p><a href=\"https:\/\/www.futbox.com\/blog\/clubes\/rapido-e-rasteiro-como-diniz-no-cruzeiro\" target=\"_blank\" rel=\"noopener\">R\u00e1pido e Rasteiro como Diniz no Cruzeiro<\/a><\/p>\n<p><a href=\"https:\/\/www.futbox.com\/blog\/futebol-outros\/vitoria-uma-cronica-sobre-o-futebol-de-varzea\" target=\"_blank\" rel=\"noopener\">Vit\u00f3ria. Uma cr\u00f4nica sobre o futebol de v\u00e1rzea<\/a><\/p>\n<p><a href=\"https:\/\/www.futbox.com\/blog\/futebol-outros\/a-desconstrucao-estetica-e-tatica-do-futebol-brasileiro\" target=\"_blank\" rel=\"noopener\">A desconstru\u00e7\u00e3o est\u00e9tica e t\u00e1tica do futebol brasileiro<\/a><\/p>\n<div id=\"divSpdInText\">\n<div id=\"divSpdInText\">\n<p><a href=\"https:\/\/www.futbox.com\/blog\/futebol-outros\/o-uniforme-da-selecao-brasileira-precisa-ser-do-tamanho-do-brasil-no-futebol\" target=\"_blank\" rel=\"noopener\">O uniforme da sele\u00e7\u00e3o brasileira precisa ser do tamanho do Brasil no futebol<\/a><\/p>\n<div id=\"divSpdInText\">\n<div id=\"divSpdInText\">\n<div data-scaffold-immersive-reader-content=\"\">\n<div class=\"reader-article-content reader-article-content--content-blocks\" dir=\"ltr\">\n<p id=\"ember407\" class=\"ember-view reader-content-blocks__paragraph\"><a href=\"https:\/\/www.futbox.com\/blog\/futebol-outros\/var-a-inovacao-nao-esta-na-tecnologia-mas-sim-no-comportamento\" target=\"_blank\" rel=\"noopener\">VAR: a inova\u00e7\u00e3o n\u00e3o est\u00e1 na tecnologia, mas sim, no comportamento<\/a><\/p>\n<p><a href=\"https:\/\/www.futbox.com\/blog\/futebol-outros\/a-naturalizacao-daquilo-que-nao-faz-parte\" target=\"_blank\" rel=\"noopener\">A naturaliza\u00e7\u00e3o daquilo que n\u00e3o faz parte<\/a><\/p>\n<p id=\"ember408\" class=\"ember-view reader-content-blocks__paragraph\"><a href=\"https:\/\/www.futbox.com\/blog\/futebol-outros\/cinema-streaming-jornalismo-e-a-inversao-total-de-sentido\" target=\"_blank\" rel=\"noopener\">Cinema, Streaming, Jornalismo e a invers\u00e3o total de sentido<\/a><\/p>\n<p id=\"ember409\" class=\"ember-view reader-content-blocks__paragraph\"><a href=\"https:\/\/www.linkedin.com\/pulse\/paradoxo-contempor%25C3%25A2neo-adriano-%25C3%25A1vila-alamy\/?trackingId=vDYq4zqDQpW9gjA251J3qw%3D%3D\" target=\"_blank\" rel=\"noopener\">Paradoxo Contempor\u00e2neo<\/a><\/p>\n<p><a href=\"https:\/\/www.futbox.com\/blog\/futebol-design\/logotipo-da-copa-do-mundo-de-2026-seguro-porem-incomodo\" target=\"_blank\" rel=\"noopener\">Logotipo da Copa do Mundo de 2026: seguro, por\u00e9m inc\u00f4modo<\/a><\/p>\n<p><a href=\"https:\/\/www.futbox.com\/blog\/fora-das-4-linhas\/a-selecao-que-incomoda\" target=\"_blank\" rel=\"noopener\">A sele\u00e7\u00e3o que incomoda<\/a><\/p>\n<p><a href=\"https:\/\/www.futbox.com\/blog\/fora-das-4-linhas\/perna-curta\" target=\"_blank\" rel=\"noopener\">Perna Curta<\/a><\/p>\n<p><a href=\"https:\/\/www.futbox.com\/blog\/fora-das-4-linhas\/tempo\" target=\"_blank\" rel=\"noopener\">Tempo<\/a><\/p>\n<\/div>\n<\/div>\n<p><a href=\"https:\/\/www.futbox.com\/blog\/futebol-outros\/ha-8-anos-acontecia-uma-partida-historica-de-futebol-na-palestina-equipes-de-gaza-e-cisjordania-se-encontravam-apos-15-anos-do-bloqueio-imposto-por-israel#google_vignette\" target=\"_blank\" rel=\"noopener\">H\u00e1 8 anos acontecia uma partida hist\u00f3rica de futebol na Palestina: equipes de Gaza e Cisjord\u00e2nia se encontravam ap\u00f3s 15 anos do bloqueio imposto por Israel<\/a><\/p>\n<p><a href=\"https:\/\/www.futbox.com\/blog\/clubes\/guia-do-mundo-arabe-fc-os-significados-dos-nomes-de-250-clubes-de-23-paises\" target=\"_blank\" rel=\"noopener\">Guia do Mundo \u00c1rabe FC: Os significados dos nomes de 250 clubes de 23 pa\u00edses<\/a><\/p>\n<p><a href=\"https:\/\/www.futbox.com\/blog\/opiniao\/futebol-e-politica\" target=\"_blank\" rel=\"noopener\">Pol\u00edtica FC: Futebol, Cinema e Hist\u00f3ria\u00a0<\/a><\/p>\n<p><a href=\"https:\/\/www.futbox.com\/blog\/fora-das-4-linhas\/para-mulheres-jogar-futebol-ja-foi-caso-de-policia-durante-a-ditadura\" target=\"_blank\" rel=\"noopener\">Para mulheres, jogar futebol j\u00e1 foi caso de pol\u00edcia durante a ditadura<\/a><\/p>\n<p><a href=\"https:\/\/www.futbox.com\/blog\/fora-das-4-linhas\/honduras-contra-el-salvador-a-partida-de-futebol-que-iniciou-uma-guerra\" target=\"_blank\" rel=\"noopener\">Honduras contra El Salvador: A partida de futebol que iniciou uma guerra<\/a><\/p>\n<p><a href=\"https:\/\/www.futbox.com\/blog\/campeonatos\/mundialito-a-copa-que-a-fifa-escondeu\" target=\"_blank\" rel=\"noopener\">Mundialito: a Copa que a Fifa escondeu<\/a><\/p>\n<p><a href=\"https:\/\/www.futbox.com\/blog\/futebol-outros\/fatos-historicos-e-reconhecimentos\" target=\"_blank\" rel=\"noopener\">Fatos Hist\u00f3ricos e Reconhecimentos<\/a><\/p>\n<p><a href=\"https:\/\/www.futbox.com\/blog\/campeonatos\/a-historia-do-campeonato-brasileiro\" target=\"_blank\" rel=\"noopener\">A hist\u00f3ria do Campeonato Brasileiro<\/a><\/p>\n<p><a href=\"https:\/\/www.futbox.com\/blog\/campeonatos\/campeonato-brasileiro-nomenclatura-e-significado-historico\" target=\"_blank\" rel=\"noopener\">Campeonato Brasileiro: nomenclatura e significado hist\u00f3rico<\/a><\/p>\n<p><a href=\"http:\/\/bit.ly\/Futbox3TS\" target=\"_blank\" rel=\"noopener\">Metodologia dos 3Ts: Tradi\u00e7\u00e3o, Torcida e Trof\u00e9us<\/a><\/p>\n<p><a href=\"https:\/\/www.futbox.com\/blog\/opiniao\/10-novas-regras-para-o-futebol\" target=\"_blank\" rel=\"noopener\">10 Novas Regras para o Futebol<\/a><\/p>\n<p><a href=\"https:\/\/www.futbox.com\/blog\/opiniao\/novas-demarcacoes-campo-de-futebol\" target=\"_blank\" rel=\"noopener\">As Novas Demarca\u00e7\u00f5es do Campo de Futebol<\/a><\/p>\n<p><a href=\"https:\/\/www.futbox.com\/blog\/clubes\/novo-calendario-do-futebol-brasileiro-a-partir-da-temporada-2023-24\" target=\"_blank\" rel=\"noopener\">O Novo Calend\u00e1rio do Futebol Brasileiro<\/a><\/p>\n<\/div>\n<p>&nbsp;<\/p>\n<div id=\"divSpdInText\">\n<div data-scaffold-immersive-reader-content=\"\">\n<div class=\"reader-article-content reader-article-content--content-blocks\" dir=\"ltr\"><\/div>\n<\/div>\n<h3>Podcast:<\/h3>\n<p>&nbsp;<\/p>\n<p><strong>Clique nas imagens abaixo<\/strong>\u00a0e confira os bate-papos no\u00a0<strong>Futeboteco (Tomando Uma Com)<\/strong>\u00a0e\u00a0<strong>Bora Pra Resenha Podcast<\/strong>\u00a0onde falamos sobre a revitaliza\u00e7\u00e3o das marcas dos clubes de futebol, sele\u00e7\u00e3o brasileira, calend\u00e1rio, VAR, regras atualizadas, as novas demarca\u00e7\u00f5es do campo e muitas outras curiosidades sobre a hist\u00f3ria do futebol brasileiro e mundial.<\/p>\n<p>&nbsp;<\/p>\n<h3>Futeboteco (Tomando Uma Com):<\/h3>\n<p>&nbsp;<\/p>\n<p><iframe loading=\"lazy\" title=\"YouTube video player\" src=\"https:\/\/www.youtube.com\/embed\/WzVxuF6ISYQ?si=V7wgmFQr_cLV1W-J&amp;start=474\" width=\"560\" height=\"315\" frameborder=\"0\" allowfullscreen=\"allowfullscreen\"><\/iframe><\/p>\n<p>&nbsp;<\/p>\n<h3>Bora Pra Resenha:<\/h3>\n<p>&nbsp;<\/p>\n<div id=\"attachment_11607\" class=\"wp-caption alignnone\">\n<div id=\"attachment_11607\" class=\"wp-caption alignnone\" style=\"width: 1920px\"><a href=\"https:\/\/www.youtube.com\/live\/cRa4qmL7bPc?si=cVg48ZR1I5yQkEf0&amp;t=200\" target=\"_blank\" rel=\"noopener\"><img loading=\"lazy\" decoding=\"async\" class=\"colorbox-11196 wp-image-11607 size-full\" title=\"Futbox no Bora Pra Resenha\" src=\"https:\/\/www.futbox.com\/blog\/wp-content\/uploads\/2023\/11\/Bora-pra-Resenha-Adr-Futbox-post.png\" sizes=\"auto, (max-width: 1920px) 100vw, 1920px\" srcset=\"https:\/\/www.futbox.com\/blog\/wp-content\/uploads\/2023\/11\/Bora-pra-Resenha-Adr-Futbox-post.png 1920w, https:\/\/www.futbox.com\/blog\/wp-content\/uploads\/2023\/11\/Bora-pra-Resenha-Adr-Futbox-post-300x300.png 300w, https:\/\/www.futbox.com\/blog\/wp-content\/uploads\/2023\/11\/Bora-pra-Resenha-Adr-Futbox-post-1024x1024.png 1024w, https:\/\/www.futbox.com\/blog\/wp-content\/uploads\/2023\/11\/Bora-pra-Resenha-Adr-Futbox-post-500x500.png 500w, https:\/\/www.futbox.com\/blog\/wp-content\/uploads\/2023\/11\/Bora-pra-Resenha-Adr-Futbox-post-768x768.png 768w, https:\/\/www.futbox.com\/blog\/wp-content\/uploads\/2023\/11\/Bora-pra-Resenha-Adr-Futbox-post-1536x1536.png 1536w, https:\/\/www.futbox.com\/blog\/wp-content\/uploads\/2023\/11\/Bora-pra-Resenha-Adr-Futbox-post-620x620.png 620w, https:\/\/www.futbox.com\/blog\/wp-content\/uploads\/2023\/11\/Bora-pra-Resenha-Adr-Futbox-post-70x70.png 70w\" alt=\"Futbox no Bora Pra Resenha\" width=\"1920\" height=\"1920\" \/><\/a><p class=\"wp-caption-text\">Futbox no Bora Pra Resenha<\/p><\/div>\n<p class=\"wp-caption-text\">\n<\/div>\n<\/div>\n<\/div>\n<\/div>\n<\/div>\n<div id=\"divSpdInText\">\n<div id=\"divSpdInText\">\n<div id=\"divSpdInText\">\n<p>&nbsp;<\/p>\n<h3>FUTBOX \u2013 Centro de Pesquisa Gr\u00e1fica Sobre Futebol:<\/h3>\n<\/div>\n<\/div>\n<div>\n<p>&nbsp;<\/p>\n<p><a href=\"https:\/\/linktr.ee\/FUTBOX_Projects\" target=\"_blank\" rel=\"noopener\">Projetos desenvolvidos para clubes de futebol, marcas esportivas, empresas e festivais de cinema<\/a><\/p>\n<p><a href=\"https:\/\/linktr.ee\/futbox_\" target=\"_blank\" rel=\"noopener\">Canais e Redes Sociais<\/a><\/p>\n<p class=\"sc-hKgILt ilsgNQ\"><a href=\"https:\/\/linktr.ee\/adrianoavila\" target=\"_blank\" rel=\"noopener\">Artigos sobre futebol e esporte a partir do equil\u00edbrio entre tradi\u00e7\u00e3o e inova\u00e7\u00e3o<\/a><\/p>\n<\/div>\n<p>&nbsp;<\/p>\n<\/div>\n<div><\/div>\n<\/div>\n<div><\/div>\n<\/div>\n<\/div>\n<div><\/div>\n","protected":false},"excerpt":{"rendered":"<p>Pesquisando todos os cen\u00e1rios em torno de 1987,\u00a0percebemos que, o que estava em jogo era o cumprimento das leis, a habilidade dos advogados, os interesses pol\u00edticos e n\u00e3o, o resgate do que aconteceu, de fato, em 1987.<\/p>\n","protected":false},"author":8,"featured_media":12957,"comment_status":"open","ping_status":"open","sticky":true,"template":"","format":"standard","meta":{"footnotes":""},"categories":[2],"tags":[616,227,543,1051,362,252,568,309,251,2803,259,191,2805,2804,1285,844,961,958,479,531],"class_list":["post-12952","post","type-post","status-publish","format-standard","has-post-thumbnail","hentry","category-clubes","tag-616","tag-brasileirao","tag-campeonato-brasileiro","tag-carioca","tag-cbf","tag-clube-dos-13","tag-conmebol","tag-copa-do-brasil","tag-copa-uniao","tag-eurico-miranda","tag-flamengo","tag-libertadores","tag-paradoxo","tag-pernambuco","tag-rede-globo","tag-rio-de-janeiro","tag-serie-a","tag-serie-b","tag-sport","tag-zico"],"_links":{"self":[{"href":"https:\/\/www.futbox.com\/blog\/wp-json\/wp\/v2\/posts\/12952","targetHints":{"allow":["GET"]}}],"collection":[{"href":"https:\/\/www.futbox.com\/blog\/wp-json\/wp\/v2\/posts"}],"about":[{"href":"https:\/\/www.futbox.com\/blog\/wp-json\/wp\/v2\/types\/post"}],"author":[{"embeddable":true,"href":"https:\/\/www.futbox.com\/blog\/wp-json\/wp\/v2\/users\/8"}],"replies":[{"embeddable":true,"href":"https:\/\/www.futbox.com\/blog\/wp-json\/wp\/v2\/comments?post=12952"}],"version-history":[{"count":72,"href":"https:\/\/www.futbox.com\/blog\/wp-json\/wp\/v2\/posts\/12952\/revisions"}],"predecessor-version":[{"id":13657,"href":"https:\/\/www.futbox.com\/blog\/wp-json\/wp\/v2\/posts\/12952\/revisions\/13657"}],"wp:featuredmedia":[{"embeddable":true,"href":"https:\/\/www.futbox.com\/blog\/wp-json\/wp\/v2\/media\/12957"}],"wp:attachment":[{"href":"https:\/\/www.futbox.com\/blog\/wp-json\/wp\/v2\/media?parent=12952"}],"wp:term":[{"taxonomy":"category","embeddable":true,"href":"https:\/\/www.futbox.com\/blog\/wp-json\/wp\/v2\/categories?post=12952"},{"taxonomy":"post_tag","embeddable":true,"href":"https:\/\/www.futbox.com\/blog\/wp-json\/wp\/v2\/tags?post=12952"}],"curies":[{"name":"wp","href":"https:\/\/api.w.org\/{rel}","templated":true}]}}