{"id":14021,"date":"2025-11-24T15:29:48","date_gmt":"2025-11-24T18:29:48","guid":{"rendered":"https:\/\/www.futbox.com\/blog\/?p=14021"},"modified":"2026-03-13T08:04:25","modified_gmt":"2026-03-13T11:04:25","slug":"novo-escudo-oficial-do-crac-clube-recreativo-e-atletico-catalano","status":"publish","type":"post","link":"https:\/\/www.futbox.com\/blog\/clubes\/novo-escudo-oficial-do-crac-clube-recreativo-e-atletico-catalano","title":{"rendered":"Novo Escudo Oficial do CRAC &#8211; Clube Recreativo e Atl\u00e9tico Catalano"},"content":{"rendered":"<p>O <strong>CRAC (Clube Recreativo e Atl\u00e9tico Catalano)<\/strong> divulgou o seu novo escudo oficial, que passar\u00e1 a ser utilizado a partir da temporada 2026, em todo o enxoval e nos produtos licenciados do clube.<\/p>\n<p>A revitaliza\u00e7\u00e3o visual do escudo foi assinada por<strong> Adriano \u00c1vila, fundador do Futbox \u2013 Centro de Pesquisa Gr\u00e1fica sobre Futebol,<\/strong> em parceria com a <strong>Diretoria do CRAC<\/strong>, a partir da Metodologia dos 3Ts \u2013 Tradi\u00e7\u00e3o, Torcida e Trof\u00e9us, aplicada em mais esse Projeto.<\/p>\n<p>&nbsp;<\/p>\n<div id=\"attachment_14035\" class=\"wp-caption aligncenter\" style=\"width: 1920px\"><a href=\"https:\/\/www.futbox.com\/blog\/wp-content\/uploads\/2025\/11\/release-CRAC-2025-26-Futbox-2.jpg\"><img loading=\"lazy\" decoding=\"async\" class=\"wp-image-14035 size-full colorbox-14021\" src=\"https:\/\/www.futbox.com\/blog\/wp-content\/uploads\/2025\/11\/release-CRAC-2025-26-Futbox-2.jpg\" alt=\"Comparativo escudos\" width=\"1920\" height=\"1080\" srcset=\"https:\/\/www.futbox.com\/blog\/wp-content\/uploads\/2025\/11\/release-CRAC-2025-26-Futbox-2.jpg 1920w, https:\/\/www.futbox.com\/blog\/wp-content\/uploads\/2025\/11\/release-CRAC-2025-26-Futbox-2-300x169.jpg 300w, https:\/\/www.futbox.com\/blog\/wp-content\/uploads\/2025\/11\/release-CRAC-2025-26-Futbox-2-1024x576.jpg 1024w, https:\/\/www.futbox.com\/blog\/wp-content\/uploads\/2025\/11\/release-CRAC-2025-26-Futbox-2-768x432.jpg 768w, https:\/\/www.futbox.com\/blog\/wp-content\/uploads\/2025\/11\/release-CRAC-2025-26-Futbox-2-1536x864.jpg 1536w, https:\/\/www.futbox.com\/blog\/wp-content\/uploads\/2025\/11\/release-CRAC-2025-26-Futbox-2-620x349.jpg 620w\" sizes=\"auto, (max-width: 1920px) 100vw, 1920px\" \/><\/a><p class=\"wp-caption-text\">Comparativo escudos<\/p><\/div>\n<p>&nbsp;<\/p>\n<p>A r<strong>evitaliza\u00e7\u00e3o contempla ainda, a cria\u00e7\u00e3o do monograma oficial e do selo comemorativo pelos 95 anos do CRAC<\/strong>, que ser\u00e1 divulgado no anivers\u00e1rio do clube, em 13 de julho do pr\u00f3ximo ano.<\/p>\n<p>&nbsp;<\/p>\n<h3>O resgate de 1967 + Selo 95 anos<\/h3>\n<p>&nbsp;<\/p>\n<p>Elemento fundamental para o desenvolvimento da nova identidade visual, <strong>o resgate do escudo hist\u00f3rico de 1967, ano do primeiro t\u00edtulo goiano do CRAC, serviu como base e inspira\u00e7\u00e3o para todo o processo de cria\u00e7\u00e3o<\/strong> envolvendo a nova simbologia do segundo clube mais antigo do estado de Goi\u00e1s.<\/p>\n<p>&nbsp;<\/p>\n<div id=\"attachment_14028\" class=\"wp-caption aligncenter\" style=\"width: 1920px\"><a href=\"https:\/\/www.futbox.com\/blog\/wp-content\/uploads\/2025\/11\/pre-Projeto-Crac-Futbox-4.jpg\"><img loading=\"lazy\" decoding=\"async\" class=\"wp-image-14028 size-full colorbox-14021\" src=\"https:\/\/www.futbox.com\/blog\/wp-content\/uploads\/2025\/11\/pre-Projeto-Crac-Futbox-4.jpg\" alt=\"Varia\u00e7\u00e3o do formato do escudo de 1967 durante as d\u00e9cadas\" width=\"1920\" height=\"1080\" srcset=\"https:\/\/www.futbox.com\/blog\/wp-content\/uploads\/2025\/11\/pre-Projeto-Crac-Futbox-4.jpg 1920w, https:\/\/www.futbox.com\/blog\/wp-content\/uploads\/2025\/11\/pre-Projeto-Crac-Futbox-4-300x169.jpg 300w, https:\/\/www.futbox.com\/blog\/wp-content\/uploads\/2025\/11\/pre-Projeto-Crac-Futbox-4-1024x576.jpg 1024w, https:\/\/www.futbox.com\/blog\/wp-content\/uploads\/2025\/11\/pre-Projeto-Crac-Futbox-4-768x432.jpg 768w, https:\/\/www.futbox.com\/blog\/wp-content\/uploads\/2025\/11\/pre-Projeto-Crac-Futbox-4-1536x864.jpg 1536w, https:\/\/www.futbox.com\/blog\/wp-content\/uploads\/2025\/11\/pre-Projeto-Crac-Futbox-4-620x349.jpg 620w\" sizes=\"auto, (max-width: 1920px) 100vw, 1920px\" \/><\/a><p class=\"wp-caption-text\">Varia\u00e7\u00e3o do formato do escudo de 1967 durante as d\u00e9cadas<\/p><\/div>\n<p>&nbsp;<\/p>\n<div id=\"attachment_14029\" class=\"wp-caption aligncenter\" style=\"width: 1920px\"><a href=\"https:\/\/www.futbox.com\/blog\/wp-content\/uploads\/2025\/11\/pre-Projeto-Crac-Futbox-8.jpg\"><img loading=\"lazy\" decoding=\"async\" class=\"wp-image-14029 size-full colorbox-14021\" src=\"https:\/\/www.futbox.com\/blog\/wp-content\/uploads\/2025\/11\/pre-Projeto-Crac-Futbox-8.jpg\" alt=\"Processo de vetoriza\u00e7\u00e3o do formato original do escudo hist\u00f3rico\" width=\"1920\" height=\"1080\" srcset=\"https:\/\/www.futbox.com\/blog\/wp-content\/uploads\/2025\/11\/pre-Projeto-Crac-Futbox-8.jpg 1920w, https:\/\/www.futbox.com\/blog\/wp-content\/uploads\/2025\/11\/pre-Projeto-Crac-Futbox-8-300x169.jpg 300w, https:\/\/www.futbox.com\/blog\/wp-content\/uploads\/2025\/11\/pre-Projeto-Crac-Futbox-8-1024x576.jpg 1024w, https:\/\/www.futbox.com\/blog\/wp-content\/uploads\/2025\/11\/pre-Projeto-Crac-Futbox-8-768x432.jpg 768w, https:\/\/www.futbox.com\/blog\/wp-content\/uploads\/2025\/11\/pre-Projeto-Crac-Futbox-8-1536x864.jpg 1536w, https:\/\/www.futbox.com\/blog\/wp-content\/uploads\/2025\/11\/pre-Projeto-Crac-Futbox-8-620x349.jpg 620w\" sizes=\"auto, (max-width: 1920px) 100vw, 1920px\" \/><\/a><p class=\"wp-caption-text\">Processo de vetoriza\u00e7\u00e3o do formato original do escudo hist\u00f3rico<\/p><\/div>\n<p>&nbsp;<\/p>\n<div id=\"attachment_14030\" class=\"wp-caption aligncenter\" style=\"width: 1920px\"><a href=\"https:\/\/www.futbox.com\/blog\/wp-content\/uploads\/2025\/11\/pre-Projeto-Crac-Futbox-9.jpg\"><img loading=\"lazy\" decoding=\"async\" class=\"wp-image-14030 size-full colorbox-14021\" src=\"https:\/\/www.futbox.com\/blog\/wp-content\/uploads\/2025\/11\/pre-Projeto-Crac-Futbox-9.jpg\" alt=\"Pesquisa hist\u00f3rica sobre o escudo de 1967\" width=\"1920\" height=\"1080\" srcset=\"https:\/\/www.futbox.com\/blog\/wp-content\/uploads\/2025\/11\/pre-Projeto-Crac-Futbox-9.jpg 1920w, https:\/\/www.futbox.com\/blog\/wp-content\/uploads\/2025\/11\/pre-Projeto-Crac-Futbox-9-300x169.jpg 300w, https:\/\/www.futbox.com\/blog\/wp-content\/uploads\/2025\/11\/pre-Projeto-Crac-Futbox-9-1024x576.jpg 1024w, https:\/\/www.futbox.com\/blog\/wp-content\/uploads\/2025\/11\/pre-Projeto-Crac-Futbox-9-768x432.jpg 768w, https:\/\/www.futbox.com\/blog\/wp-content\/uploads\/2025\/11\/pre-Projeto-Crac-Futbox-9-1536x864.jpg 1536w, https:\/\/www.futbox.com\/blog\/wp-content\/uploads\/2025\/11\/pre-Projeto-Crac-Futbox-9-620x349.jpg 620w\" sizes=\"auto, (max-width: 1920px) 100vw, 1920px\" \/><\/a><p class=\"wp-caption-text\">Pesquisa hist\u00f3rica sobre o escudo de 1967<\/p><\/div>\n<p>&nbsp;<\/p>\n<div id=\"attachment_14053\" class=\"wp-caption aligncenter\" style=\"width: 1920px\"><a href=\"https:\/\/www.futbox.com\/blog\/wp-content\/uploads\/2025\/11\/release-CRAC-2025-26-Futbox-9.jpg\"><img loading=\"lazy\" decoding=\"async\" class=\"wp-image-14053 size-full colorbox-14021\" src=\"https:\/\/www.futbox.com\/blog\/wp-content\/uploads\/2025\/11\/release-CRAC-2025-26-Futbox-9.jpg\" alt=\"Defini\u00e7\u00e3o dos tons oficiais de azuis: 1967 e atual (a partir de 2025)\" width=\"1920\" height=\"1080\" srcset=\"https:\/\/www.futbox.com\/blog\/wp-content\/uploads\/2025\/11\/release-CRAC-2025-26-Futbox-9.jpg 1920w, https:\/\/www.futbox.com\/blog\/wp-content\/uploads\/2025\/11\/release-CRAC-2025-26-Futbox-9-300x169.jpg 300w, https:\/\/www.futbox.com\/blog\/wp-content\/uploads\/2025\/11\/release-CRAC-2025-26-Futbox-9-1024x576.jpg 1024w, https:\/\/www.futbox.com\/blog\/wp-content\/uploads\/2025\/11\/release-CRAC-2025-26-Futbox-9-768x432.jpg 768w, https:\/\/www.futbox.com\/blog\/wp-content\/uploads\/2025\/11\/release-CRAC-2025-26-Futbox-9-1536x864.jpg 1536w, https:\/\/www.futbox.com\/blog\/wp-content\/uploads\/2025\/11\/release-CRAC-2025-26-Futbox-9-620x349.jpg 620w\" sizes=\"auto, (max-width: 1920px) 100vw, 1920px\" \/><\/a><p class=\"wp-caption-text\">Defini\u00e7\u00e3o dos tons oficiais de azuis: 1967 e atual (a partir de 2025)<\/p><\/div>\n<p>&nbsp;<\/p>\n<p>&nbsp;<\/p>\n<h3><a href=\"https:\/\/www.instagram.com\/p\/DQrhURTESs4\/?utm_source=ig_web_button_share_sheet&amp;igsh=MzRlODBiNWFlZA==\" target=\"_blank\" rel=\"noopener\">Confira nesse link os posts de divulga\u00e7\u00e3o do escudo de 1967<\/a><\/h3>\n<p>&nbsp;<\/p>\n<p>A partir do escudo de 1967 desenvolvemos o <strong>Selo Comemorativo aos 95 anos do CRAC<\/strong>, estabelecendo a comunica\u00e7\u00e3o com o passado como base para celebrar o presente e os objetivos futuros:<\/p>\n<p><a href=\"https:\/\/www.futbox.com\/blog\/wp-content\/uploads\/2025\/11\/apres-Crac-Futbox-49-51a.jpg\"><img loading=\"lazy\" decoding=\"async\" class=\"aligncenter wp-image-14096 size-full colorbox-14021\" src=\"https:\/\/www.futbox.com\/blog\/wp-content\/uploads\/2025\/11\/apres-Crac-Futbox-49-51a.jpg\" alt=\"\" width=\"1920\" height=\"1080\" srcset=\"https:\/\/www.futbox.com\/blog\/wp-content\/uploads\/2025\/11\/apres-Crac-Futbox-49-51a.jpg 1920w, https:\/\/www.futbox.com\/blog\/wp-content\/uploads\/2025\/11\/apres-Crac-Futbox-49-51a-300x169.jpg 300w, https:\/\/www.futbox.com\/blog\/wp-content\/uploads\/2025\/11\/apres-Crac-Futbox-49-51a-1024x576.jpg 1024w, https:\/\/www.futbox.com\/blog\/wp-content\/uploads\/2025\/11\/apres-Crac-Futbox-49-51a-768x432.jpg 768w, https:\/\/www.futbox.com\/blog\/wp-content\/uploads\/2025\/11\/apres-Crac-Futbox-49-51a-1536x864.jpg 1536w, https:\/\/www.futbox.com\/blog\/wp-content\/uploads\/2025\/11\/apres-Crac-Futbox-49-51a-620x349.jpg 620w\" sizes=\"auto, (max-width: 1920px) 100vw, 1920px\" \/><\/a><\/p>\n<p>&nbsp;<\/p>\n<div id=\"attachment_14088\" class=\"wp-caption aligncenter\" style=\"width: 1920px\"><a href=\"https:\/\/www.futbox.com\/blog\/wp-content\/uploads\/2025\/11\/apres-Crac-Futbox-54.jpg\"><img loading=\"lazy\" decoding=\"async\" class=\"wp-image-14088 size-full colorbox-14021\" src=\"https:\/\/www.futbox.com\/blog\/wp-content\/uploads\/2025\/11\/apres-Crac-Futbox-54.jpg\" alt=\"Selo Comemorativo: 95 anos\" width=\"1920\" height=\"1080\" srcset=\"https:\/\/www.futbox.com\/blog\/wp-content\/uploads\/2025\/11\/apres-Crac-Futbox-54.jpg 1920w, https:\/\/www.futbox.com\/blog\/wp-content\/uploads\/2025\/11\/apres-Crac-Futbox-54-300x169.jpg 300w, https:\/\/www.futbox.com\/blog\/wp-content\/uploads\/2025\/11\/apres-Crac-Futbox-54-1024x576.jpg 1024w, https:\/\/www.futbox.com\/blog\/wp-content\/uploads\/2025\/11\/apres-Crac-Futbox-54-768x432.jpg 768w, https:\/\/www.futbox.com\/blog\/wp-content\/uploads\/2025\/11\/apres-Crac-Futbox-54-1536x864.jpg 1536w, https:\/\/www.futbox.com\/blog\/wp-content\/uploads\/2025\/11\/apres-Crac-Futbox-54-620x349.jpg 620w\" sizes=\"auto, (max-width: 1920px) 100vw, 1920px\" \/><\/a><p class=\"wp-caption-text\">Selo Comemorativo: 95 anos<\/p><\/div>\n<p>&nbsp;<\/p>\n<div id=\"attachment_14087\" class=\"wp-caption aligncenter\" style=\"width: 1920px\"><a href=\"https:\/\/www.futbox.com\/blog\/wp-content\/uploads\/2025\/11\/apres-Crac-Futbox-57.jpg\"><img loading=\"lazy\" decoding=\"async\" class=\"wp-image-14087 size-full colorbox-14021\" src=\"https:\/\/www.futbox.com\/blog\/wp-content\/uploads\/2025\/11\/apres-Crac-Futbox-57.jpg\" alt=\"Selo Comemorativo: 95 anos\" width=\"1920\" height=\"1080\" srcset=\"https:\/\/www.futbox.com\/blog\/wp-content\/uploads\/2025\/11\/apres-Crac-Futbox-57.jpg 1920w, https:\/\/www.futbox.com\/blog\/wp-content\/uploads\/2025\/11\/apres-Crac-Futbox-57-300x169.jpg 300w, https:\/\/www.futbox.com\/blog\/wp-content\/uploads\/2025\/11\/apres-Crac-Futbox-57-1024x576.jpg 1024w, https:\/\/www.futbox.com\/blog\/wp-content\/uploads\/2025\/11\/apres-Crac-Futbox-57-768x432.jpg 768w, https:\/\/www.futbox.com\/blog\/wp-content\/uploads\/2025\/11\/apres-Crac-Futbox-57-1536x864.jpg 1536w, https:\/\/www.futbox.com\/blog\/wp-content\/uploads\/2025\/11\/apres-Crac-Futbox-57-620x349.jpg 620w\" sizes=\"auto, (max-width: 1920px) 100vw, 1920px\" \/><\/a><p class=\"wp-caption-text\">Selo Comemorativo: 95 anos<\/p><\/div>\n<p>&nbsp;<\/p>\n<p><a href=\"https:\/\/www.futbox.com\/blog\/wp-content\/uploads\/2025\/11\/release-CRAC-2025-26-Futbox-16-1.jpg\"><img loading=\"lazy\" decoding=\"async\" class=\"aligncenter wp-image-14101 size-full colorbox-14021\" src=\"https:\/\/www.futbox.com\/blog\/wp-content\/uploads\/2025\/11\/release-CRAC-2025-26-Futbox-16-1.jpg\" alt=\"\" width=\"1920\" height=\"1080\" srcset=\"https:\/\/www.futbox.com\/blog\/wp-content\/uploads\/2025\/11\/release-CRAC-2025-26-Futbox-16-1.jpg 1920w, https:\/\/www.futbox.com\/blog\/wp-content\/uploads\/2025\/11\/release-CRAC-2025-26-Futbox-16-1-300x169.jpg 300w, https:\/\/www.futbox.com\/blog\/wp-content\/uploads\/2025\/11\/release-CRAC-2025-26-Futbox-16-1-1024x576.jpg 1024w, https:\/\/www.futbox.com\/blog\/wp-content\/uploads\/2025\/11\/release-CRAC-2025-26-Futbox-16-1-768x432.jpg 768w, https:\/\/www.futbox.com\/blog\/wp-content\/uploads\/2025\/11\/release-CRAC-2025-26-Futbox-16-1-1536x864.jpg 1536w, https:\/\/www.futbox.com\/blog\/wp-content\/uploads\/2025\/11\/release-CRAC-2025-26-Futbox-16-1-620x349.jpg 620w\" sizes=\"auto, (max-width: 1920px) 100vw, 1920px\" \/><\/a><\/p>\n<p>&nbsp;<\/p>\n<p>&nbsp;<\/p>\n<h3>Constru\u00e7\u00e3o do Novo Escudo do CRAC<\/h3>\n<p>&nbsp;<\/p>\n<p><strong>Adriano \u00c1vila<\/strong> comenta sobre o <strong>processo criativo<\/strong> que resultou no novo escudo do CRAC:<\/p>\n<p><em>\u201cEra fundamental criar um s\u00edmbolo que se diferenciasse de outros modelos de escudos no Brasil, semelhantes ao do CRAC. Como ponto de partida, resgatamos o modelo de 1967, que desde ent\u00e3o, n\u00e3o era representado com fidelidade. <strong>O novo escudo do Le\u00e3o do Sul \u00e9 a fus\u00e3o dos formatos de 1967 e 2025<\/strong>, trazendo uma nova disposi\u00e7\u00e3o para as listras verticais, preservando os elementos gr\u00e1ficos que carregam a hist\u00f3ria e a simbologia do clube. Para o monograma oficial, destacamos as iniciais C, R, A e C, dentro do novo formato do escudo, enriquecendo a sua identidade visual.\u201d<\/em><\/p>\n<p>A seguir, alguns slides que fizeram parte da <strong>apresenta\u00e7\u00e3o do Novo Escudo do Le\u00e3o do Sul<\/strong>:<\/p>\n<p>&nbsp;<\/p>\n<div id=\"attachment_14036\" class=\"wp-caption aligncenter\" style=\"width: 1920px\"><a href=\"https:\/\/www.futbox.com\/blog\/wp-content\/uploads\/2025\/11\/release-CRAC-2025-26-Futbox-5.jpg\"><img loading=\"lazy\" decoding=\"async\" class=\"wp-image-14036 size-full colorbox-14021\" src=\"https:\/\/www.futbox.com\/blog\/wp-content\/uploads\/2025\/11\/release-CRAC-2025-26-Futbox-5.jpg\" alt=\"Constru\u00e7\u00e3o do novo Escudo do CRAC\" width=\"1920\" height=\"1080\" srcset=\"https:\/\/www.futbox.com\/blog\/wp-content\/uploads\/2025\/11\/release-CRAC-2025-26-Futbox-5.jpg 1920w, https:\/\/www.futbox.com\/blog\/wp-content\/uploads\/2025\/11\/release-CRAC-2025-26-Futbox-5-300x169.jpg 300w, https:\/\/www.futbox.com\/blog\/wp-content\/uploads\/2025\/11\/release-CRAC-2025-26-Futbox-5-1024x576.jpg 1024w, https:\/\/www.futbox.com\/blog\/wp-content\/uploads\/2025\/11\/release-CRAC-2025-26-Futbox-5-768x432.jpg 768w, https:\/\/www.futbox.com\/blog\/wp-content\/uploads\/2025\/11\/release-CRAC-2025-26-Futbox-5-1536x864.jpg 1536w, https:\/\/www.futbox.com\/blog\/wp-content\/uploads\/2025\/11\/release-CRAC-2025-26-Futbox-5-620x349.jpg 620w\" sizes=\"auto, (max-width: 1920px) 100vw, 1920px\" \/><\/a><p class=\"wp-caption-text\">Constru\u00e7\u00e3o do novo Escudo do CRAC<\/p><\/div>\n<p>&nbsp;<\/p>\n<div id=\"attachment_14037\" class=\"wp-caption aligncenter\" style=\"width: 1920px\"><a href=\"https:\/\/www.futbox.com\/blog\/wp-content\/uploads\/2025\/11\/release-CRAC-2025-26-Futbox-6.jpg\"><img loading=\"lazy\" decoding=\"async\" class=\"wp-image-14037 size-full colorbox-14021\" src=\"https:\/\/www.futbox.com\/blog\/wp-content\/uploads\/2025\/11\/release-CRAC-2025-26-Futbox-6.jpg\" alt=\"Constru\u00e7\u00e3o do novo Escudo do CRAC\" width=\"1920\" height=\"1080\" srcset=\"https:\/\/www.futbox.com\/blog\/wp-content\/uploads\/2025\/11\/release-CRAC-2025-26-Futbox-6.jpg 1920w, https:\/\/www.futbox.com\/blog\/wp-content\/uploads\/2025\/11\/release-CRAC-2025-26-Futbox-6-300x169.jpg 300w, https:\/\/www.futbox.com\/blog\/wp-content\/uploads\/2025\/11\/release-CRAC-2025-26-Futbox-6-1024x576.jpg 1024w, https:\/\/www.futbox.com\/blog\/wp-content\/uploads\/2025\/11\/release-CRAC-2025-26-Futbox-6-768x432.jpg 768w, https:\/\/www.futbox.com\/blog\/wp-content\/uploads\/2025\/11\/release-CRAC-2025-26-Futbox-6-1536x864.jpg 1536w, https:\/\/www.futbox.com\/blog\/wp-content\/uploads\/2025\/11\/release-CRAC-2025-26-Futbox-6-620x349.jpg 620w\" sizes=\"auto, (max-width: 1920px) 100vw, 1920px\" \/><\/a><p class=\"wp-caption-text\">Constru\u00e7\u00e3o do novo Escudo do CRAC<\/p><\/div>\n<p>&nbsp;<\/p>\n<div id=\"attachment_14038\" class=\"wp-caption aligncenter\" style=\"width: 1920px\"><a href=\"https:\/\/www.futbox.com\/blog\/wp-content\/uploads\/2025\/11\/release-CRAC-2025-26-Futbox-7.jpg\"><img loading=\"lazy\" decoding=\"async\" class=\"wp-image-14038 size-full colorbox-14021\" src=\"https:\/\/www.futbox.com\/blog\/wp-content\/uploads\/2025\/11\/release-CRAC-2025-26-Futbox-7.jpg\" alt=\"Constru\u00e7\u00e3o do novo Escudo do CRAC\" width=\"1920\" height=\"1080\" srcset=\"https:\/\/www.futbox.com\/blog\/wp-content\/uploads\/2025\/11\/release-CRAC-2025-26-Futbox-7.jpg 1920w, https:\/\/www.futbox.com\/blog\/wp-content\/uploads\/2025\/11\/release-CRAC-2025-26-Futbox-7-300x169.jpg 300w, https:\/\/www.futbox.com\/blog\/wp-content\/uploads\/2025\/11\/release-CRAC-2025-26-Futbox-7-1024x576.jpg 1024w, https:\/\/www.futbox.com\/blog\/wp-content\/uploads\/2025\/11\/release-CRAC-2025-26-Futbox-7-768x432.jpg 768w, https:\/\/www.futbox.com\/blog\/wp-content\/uploads\/2025\/11\/release-CRAC-2025-26-Futbox-7-1536x864.jpg 1536w, https:\/\/www.futbox.com\/blog\/wp-content\/uploads\/2025\/11\/release-CRAC-2025-26-Futbox-7-620x349.jpg 620w\" sizes=\"auto, (max-width: 1920px) 100vw, 1920px\" \/><\/a><p class=\"wp-caption-text\">Constru\u00e7\u00e3o do novo Escudo do CRAC<\/p><\/div>\n<p>&nbsp;<\/p>\n<div id=\"attachment_14039\" class=\"wp-caption aligncenter\" style=\"width: 1920px\"><a href=\"https:\/\/www.futbox.com\/blog\/wp-content\/uploads\/2025\/11\/release-CRAC-2025-26-Futbox-8.jpg\"><img loading=\"lazy\" decoding=\"async\" class=\"wp-image-14039 size-full colorbox-14021\" src=\"https:\/\/www.futbox.com\/blog\/wp-content\/uploads\/2025\/11\/release-CRAC-2025-26-Futbox-8.jpg\" alt=\"Constru\u00e7\u00e3o do novo Escudo do CRAC\" width=\"1920\" height=\"1080\" srcset=\"https:\/\/www.futbox.com\/blog\/wp-content\/uploads\/2025\/11\/release-CRAC-2025-26-Futbox-8.jpg 1920w, https:\/\/www.futbox.com\/blog\/wp-content\/uploads\/2025\/11\/release-CRAC-2025-26-Futbox-8-300x169.jpg 300w, https:\/\/www.futbox.com\/blog\/wp-content\/uploads\/2025\/11\/release-CRAC-2025-26-Futbox-8-1024x576.jpg 1024w, https:\/\/www.futbox.com\/blog\/wp-content\/uploads\/2025\/11\/release-CRAC-2025-26-Futbox-8-768x432.jpg 768w, https:\/\/www.futbox.com\/blog\/wp-content\/uploads\/2025\/11\/release-CRAC-2025-26-Futbox-8-1536x864.jpg 1536w, https:\/\/www.futbox.com\/blog\/wp-content\/uploads\/2025\/11\/release-CRAC-2025-26-Futbox-8-620x349.jpg 620w\" sizes=\"auto, (max-width: 1920px) 100vw, 1920px\" \/><\/a><p class=\"wp-caption-text\">Constru\u00e7\u00e3o do novo Escudo do CRAC<\/p><\/div>\n<p>&nbsp;<\/p>\n<div id=\"attachment_14041\" class=\"wp-caption aligncenter\" style=\"width: 1920px\"><a href=\"https:\/\/www.futbox.com\/blog\/wp-content\/uploads\/2025\/11\/release-CRAC-2025-26-Futbox-22.jpg\"><img loading=\"lazy\" decoding=\"async\" class=\"wp-image-14041 size-full colorbox-14021\" src=\"https:\/\/www.futbox.com\/blog\/wp-content\/uploads\/2025\/11\/release-CRAC-2025-26-Futbox-22.jpg\" alt=\"Evolu\u00e7\u00e3o dos Escudos Oficiais do CRAC\" width=\"1920\" height=\"1080\" srcset=\"https:\/\/www.futbox.com\/blog\/wp-content\/uploads\/2025\/11\/release-CRAC-2025-26-Futbox-22.jpg 1920w, https:\/\/www.futbox.com\/blog\/wp-content\/uploads\/2025\/11\/release-CRAC-2025-26-Futbox-22-300x169.jpg 300w, https:\/\/www.futbox.com\/blog\/wp-content\/uploads\/2025\/11\/release-CRAC-2025-26-Futbox-22-1024x576.jpg 1024w, https:\/\/www.futbox.com\/blog\/wp-content\/uploads\/2025\/11\/release-CRAC-2025-26-Futbox-22-768x432.jpg 768w, https:\/\/www.futbox.com\/blog\/wp-content\/uploads\/2025\/11\/release-CRAC-2025-26-Futbox-22-1536x864.jpg 1536w, https:\/\/www.futbox.com\/blog\/wp-content\/uploads\/2025\/11\/release-CRAC-2025-26-Futbox-22-620x349.jpg 620w\" sizes=\"auto, (max-width: 1920px) 100vw, 1920px\" \/><\/a><p class=\"wp-caption-text\">Evolu\u00e7\u00e3o dos Escudos Oficiais do CRAC<\/p><\/div>\n<p>&nbsp;<\/p>\n<p>&nbsp;<\/p>\n<h3>Aplica\u00e7\u00f5es do Novo Escudo Oficial<\/h3>\n<p>&nbsp;<\/p>\n<p>O <strong>Presidente do CRAC, Thadeu Aguiar<\/strong>, fala sobre a import\u00e2ncia do projeto: <em>\u201cA partir de agora o CRAC abre oficialmente um novo cap\u00edtulo em sua hist\u00f3ria com o seu novo escudo. Uma releitura moderna e imponente do s\u00edmbolo que nos guiou at\u00e9 a primeira conquista estadual, em 1967. <strong>Um escudo que honra nossas ra\u00edzes, respeita nossa trajet\u00f3ria e projeta a for\u00e7a do Le\u00e3o do Sul<\/strong> que nunca esqueceu de onde veio \u2014 e que sabe exatamente onde quer chegar.\u201d<\/em><\/p>\n<p>Abaixo mais slides mostrando as <strong>possibilidades de aplica\u00e7\u00e3o<\/strong> do Novo Escudo Oficial:<\/p>\n<div id=\"attachment_14042\" class=\"wp-caption aligncenter\" style=\"width: 1920px\"><a href=\"https:\/\/www.futbox.com\/blog\/wp-content\/uploads\/2025\/11\/release-CRAC-2025-26-Futbox-10.jpg\"><img loading=\"lazy\" decoding=\"async\" class=\"wp-image-14042 size-full colorbox-14021\" src=\"https:\/\/www.futbox.com\/blog\/wp-content\/uploads\/2025\/11\/release-CRAC-2025-26-Futbox-10.jpg\" alt=\"Escudo principal\" width=\"1920\" height=\"1080\" srcset=\"https:\/\/www.futbox.com\/blog\/wp-content\/uploads\/2025\/11\/release-CRAC-2025-26-Futbox-10.jpg 1920w, https:\/\/www.futbox.com\/blog\/wp-content\/uploads\/2025\/11\/release-CRAC-2025-26-Futbox-10-300x169.jpg 300w, https:\/\/www.futbox.com\/blog\/wp-content\/uploads\/2025\/11\/release-CRAC-2025-26-Futbox-10-1024x576.jpg 1024w, https:\/\/www.futbox.com\/blog\/wp-content\/uploads\/2025\/11\/release-CRAC-2025-26-Futbox-10-768x432.jpg 768w, https:\/\/www.futbox.com\/blog\/wp-content\/uploads\/2025\/11\/release-CRAC-2025-26-Futbox-10-1536x864.jpg 1536w, https:\/\/www.futbox.com\/blog\/wp-content\/uploads\/2025\/11\/release-CRAC-2025-26-Futbox-10-620x349.jpg 620w\" sizes=\"auto, (max-width: 1920px) 100vw, 1920px\" \/><\/a><p class=\"wp-caption-text\">Escudo principal<\/p><\/div>\n<p>&nbsp;<\/p>\n<div id=\"attachment_14043\" class=\"wp-caption aligncenter\" style=\"width: 1920px\"><a href=\"https:\/\/www.futbox.com\/blog\/wp-content\/uploads\/2025\/11\/release-CRAC-2025-26-Futbox-11.jpg\"><img loading=\"lazy\" decoding=\"async\" class=\"wp-image-14043 size-full colorbox-14021\" src=\"https:\/\/www.futbox.com\/blog\/wp-content\/uploads\/2025\/11\/release-CRAC-2025-26-Futbox-11.jpg\" alt=\"Escudo monocrom\u00e1tico\" width=\"1920\" height=\"1080\" srcset=\"https:\/\/www.futbox.com\/blog\/wp-content\/uploads\/2025\/11\/release-CRAC-2025-26-Futbox-11.jpg 1920w, https:\/\/www.futbox.com\/blog\/wp-content\/uploads\/2025\/11\/release-CRAC-2025-26-Futbox-11-300x169.jpg 300w, https:\/\/www.futbox.com\/blog\/wp-content\/uploads\/2025\/11\/release-CRAC-2025-26-Futbox-11-1024x576.jpg 1024w, https:\/\/www.futbox.com\/blog\/wp-content\/uploads\/2025\/11\/release-CRAC-2025-26-Futbox-11-768x432.jpg 768w, https:\/\/www.futbox.com\/blog\/wp-content\/uploads\/2025\/11\/release-CRAC-2025-26-Futbox-11-1536x864.jpg 1536w, https:\/\/www.futbox.com\/blog\/wp-content\/uploads\/2025\/11\/release-CRAC-2025-26-Futbox-11-620x349.jpg 620w\" sizes=\"auto, (max-width: 1920px) 100vw, 1920px\" \/><\/a><p class=\"wp-caption-text\">Escudo monocrom\u00e1tico<\/p><\/div>\n<p>&nbsp;<\/p>\n<div id=\"attachment_14044\" class=\"wp-caption aligncenter\" style=\"width: 1920px\"><a href=\"https:\/\/www.futbox.com\/blog\/wp-content\/uploads\/2025\/11\/release-CRAC-2025-26-Futbox-16.jpg\"><img loading=\"lazy\" decoding=\"async\" class=\"wp-image-14044 size-full colorbox-14021\" src=\"https:\/\/www.futbox.com\/blog\/wp-content\/uploads\/2025\/11\/release-CRAC-2025-26-Futbox-16.jpg\" alt=\"Monograma Oficial\" width=\"1920\" height=\"1080\" srcset=\"https:\/\/www.futbox.com\/blog\/wp-content\/uploads\/2025\/11\/release-CRAC-2025-26-Futbox-16.jpg 1920w, https:\/\/www.futbox.com\/blog\/wp-content\/uploads\/2025\/11\/release-CRAC-2025-26-Futbox-16-300x169.jpg 300w, https:\/\/www.futbox.com\/blog\/wp-content\/uploads\/2025\/11\/release-CRAC-2025-26-Futbox-16-1024x576.jpg 1024w, https:\/\/www.futbox.com\/blog\/wp-content\/uploads\/2025\/11\/release-CRAC-2025-26-Futbox-16-768x432.jpg 768w, https:\/\/www.futbox.com\/blog\/wp-content\/uploads\/2025\/11\/release-CRAC-2025-26-Futbox-16-1536x864.jpg 1536w, https:\/\/www.futbox.com\/blog\/wp-content\/uploads\/2025\/11\/release-CRAC-2025-26-Futbox-16-620x349.jpg 620w\" sizes=\"auto, (max-width: 1920px) 100vw, 1920px\" \/><\/a><p class=\"wp-caption-text\">Monograma Oficial<\/p><\/div>\n<p>&nbsp;<\/p>\n<p><a href=\"https:\/\/www.futbox.com\/blog\/wp-content\/uploads\/2025\/11\/apres-Crac-Futbox-65b.jpg\"><img loading=\"lazy\" decoding=\"async\" class=\"aligncenter wp-image-14094 size-full colorbox-14021\" src=\"https:\/\/www.futbox.com\/blog\/wp-content\/uploads\/2025\/11\/apres-Crac-Futbox-65b.jpg\" alt=\"\" width=\"1920\" height=\"1080\" srcset=\"https:\/\/www.futbox.com\/blog\/wp-content\/uploads\/2025\/11\/apres-Crac-Futbox-65b.jpg 1920w, https:\/\/www.futbox.com\/blog\/wp-content\/uploads\/2025\/11\/apres-Crac-Futbox-65b-300x169.jpg 300w, https:\/\/www.futbox.com\/blog\/wp-content\/uploads\/2025\/11\/apres-Crac-Futbox-65b-1024x576.jpg 1024w, https:\/\/www.futbox.com\/blog\/wp-content\/uploads\/2025\/11\/apres-Crac-Futbox-65b-768x432.jpg 768w, https:\/\/www.futbox.com\/blog\/wp-content\/uploads\/2025\/11\/apres-Crac-Futbox-65b-1536x864.jpg 1536w, https:\/\/www.futbox.com\/blog\/wp-content\/uploads\/2025\/11\/apres-Crac-Futbox-65b-620x349.jpg 620w\" sizes=\"auto, (max-width: 1920px) 100vw, 1920px\" \/><\/a><\/p>\n<p>&nbsp;<\/p>\n<div id=\"attachment_14046\" class=\"wp-caption aligncenter\" style=\"width: 1920px\"><a href=\"https:\/\/www.futbox.com\/blog\/wp-content\/uploads\/2025\/11\/release-CRAC-2025-26-Futbox-19.jpg\"><img loading=\"lazy\" decoding=\"async\" class=\"wp-image-14046 size-full colorbox-14021\" src=\"https:\/\/www.futbox.com\/blog\/wp-content\/uploads\/2025\/11\/release-CRAC-2025-26-Futbox-19.jpg\" alt=\"Aplica\u00e7\u00f5es em imagens\" width=\"1920\" height=\"1080\" srcset=\"https:\/\/www.futbox.com\/blog\/wp-content\/uploads\/2025\/11\/release-CRAC-2025-26-Futbox-19.jpg 1920w, https:\/\/www.futbox.com\/blog\/wp-content\/uploads\/2025\/11\/release-CRAC-2025-26-Futbox-19-300x169.jpg 300w, https:\/\/www.futbox.com\/blog\/wp-content\/uploads\/2025\/11\/release-CRAC-2025-26-Futbox-19-1024x576.jpg 1024w, https:\/\/www.futbox.com\/blog\/wp-content\/uploads\/2025\/11\/release-CRAC-2025-26-Futbox-19-768x432.jpg 768w, https:\/\/www.futbox.com\/blog\/wp-content\/uploads\/2025\/11\/release-CRAC-2025-26-Futbox-19-1536x864.jpg 1536w, https:\/\/www.futbox.com\/blog\/wp-content\/uploads\/2025\/11\/release-CRAC-2025-26-Futbox-19-620x349.jpg 620w\" sizes=\"auto, (max-width: 1920px) 100vw, 1920px\" \/><\/a><p class=\"wp-caption-text\">Aplica\u00e7\u00f5es em imagens<\/p><\/div>\n<p>&nbsp;<\/p>\n<div id=\"attachment_14047\" class=\"wp-caption aligncenter\" style=\"width: 1920px\"><a href=\"https:\/\/www.futbox.com\/blog\/wp-content\/uploads\/2025\/11\/release-CRAC-2025-26-Futbox-20.jpg\"><img loading=\"lazy\" decoding=\"async\" class=\"wp-image-14047 size-full colorbox-14021\" src=\"https:\/\/www.futbox.com\/blog\/wp-content\/uploads\/2025\/11\/release-CRAC-2025-26-Futbox-20.jpg\" alt=\"Aplica\u00e7\u00f5es em imagens\" width=\"1920\" height=\"1080\" srcset=\"https:\/\/www.futbox.com\/blog\/wp-content\/uploads\/2025\/11\/release-CRAC-2025-26-Futbox-20.jpg 1920w, https:\/\/www.futbox.com\/blog\/wp-content\/uploads\/2025\/11\/release-CRAC-2025-26-Futbox-20-300x169.jpg 300w, https:\/\/www.futbox.com\/blog\/wp-content\/uploads\/2025\/11\/release-CRAC-2025-26-Futbox-20-1024x576.jpg 1024w, https:\/\/www.futbox.com\/blog\/wp-content\/uploads\/2025\/11\/release-CRAC-2025-26-Futbox-20-768x432.jpg 768w, https:\/\/www.futbox.com\/blog\/wp-content\/uploads\/2025\/11\/release-CRAC-2025-26-Futbox-20-1536x864.jpg 1536w, https:\/\/www.futbox.com\/blog\/wp-content\/uploads\/2025\/11\/release-CRAC-2025-26-Futbox-20-620x349.jpg 620w\" sizes=\"auto, (max-width: 1920px) 100vw, 1920px\" \/><\/a><p class=\"wp-caption-text\">Aplica\u00e7\u00f5es em imagens<\/p><\/div>\n<p>&nbsp;<\/p>\n<div id=\"attachment_14050\" class=\"wp-caption aligncenter\" style=\"width: 1920px\"><a href=\"https:\/\/www.futbox.com\/blog\/wp-content\/uploads\/2025\/11\/release-CRAC-2025-26-Futbox-17.jpg\"><img loading=\"lazy\" decoding=\"async\" class=\"wp-image-14050 size-full colorbox-14021\" src=\"https:\/\/www.futbox.com\/blog\/wp-content\/uploads\/2025\/11\/release-CRAC-2025-26-Futbox-17.jpg\" alt=\"Aplica\u00e7\u00f5es Escudos e Monogramas Oficiais\" width=\"1920\" height=\"1080\" srcset=\"https:\/\/www.futbox.com\/blog\/wp-content\/uploads\/2025\/11\/release-CRAC-2025-26-Futbox-17.jpg 1920w, https:\/\/www.futbox.com\/blog\/wp-content\/uploads\/2025\/11\/release-CRAC-2025-26-Futbox-17-300x169.jpg 300w, https:\/\/www.futbox.com\/blog\/wp-content\/uploads\/2025\/11\/release-CRAC-2025-26-Futbox-17-1024x576.jpg 1024w, https:\/\/www.futbox.com\/blog\/wp-content\/uploads\/2025\/11\/release-CRAC-2025-26-Futbox-17-768x432.jpg 768w, https:\/\/www.futbox.com\/blog\/wp-content\/uploads\/2025\/11\/release-CRAC-2025-26-Futbox-17-1536x864.jpg 1536w, https:\/\/www.futbox.com\/blog\/wp-content\/uploads\/2025\/11\/release-CRAC-2025-26-Futbox-17-620x349.jpg 620w\" sizes=\"auto, (max-width: 1920px) 100vw, 1920px\" \/><\/a><p class=\"wp-caption-text\">Aplica\u00e7\u00f5es Escudos e Monogramas Oficiais<\/p><\/div>\n<p>&nbsp;<\/p>\n<div id=\"attachment_14085\" class=\"wp-caption aligncenter\" style=\"width: 1920px\"><a href=\"https:\/\/www.futbox.com\/blog\/wp-content\/uploads\/2025\/11\/release-CRAC-2025-26-Futbox-00.jpg\"><img loading=\"lazy\" decoding=\"async\" class=\"wp-image-14085 size-full colorbox-14021\" src=\"https:\/\/www.futbox.com\/blog\/wp-content\/uploads\/2025\/11\/release-CRAC-2025-26-Futbox-00.jpg\" alt=\"Nova Identidade Visual CRAC 2025\/26\" width=\"1920\" height=\"1080\" srcset=\"https:\/\/www.futbox.com\/blog\/wp-content\/uploads\/2025\/11\/release-CRAC-2025-26-Futbox-00.jpg 1920w, https:\/\/www.futbox.com\/blog\/wp-content\/uploads\/2025\/11\/release-CRAC-2025-26-Futbox-00-300x169.jpg 300w, https:\/\/www.futbox.com\/blog\/wp-content\/uploads\/2025\/11\/release-CRAC-2025-26-Futbox-00-1024x576.jpg 1024w, https:\/\/www.futbox.com\/blog\/wp-content\/uploads\/2025\/11\/release-CRAC-2025-26-Futbox-00-768x432.jpg 768w, https:\/\/www.futbox.com\/blog\/wp-content\/uploads\/2025\/11\/release-CRAC-2025-26-Futbox-00-1536x864.jpg 1536w, https:\/\/www.futbox.com\/blog\/wp-content\/uploads\/2025\/11\/release-CRAC-2025-26-Futbox-00-620x349.jpg 620w\" sizes=\"auto, (max-width: 1920px) 100vw, 1920px\" \/><\/a><p class=\"wp-caption-text\">Nova Identidade Visual CRAC 2025\/26<\/p><\/div>\n<p>&nbsp;<\/p>\n<p>O <strong>lan\u00e7amento dos uniformes para 2026<\/strong> acontecer\u00e1 no in\u00edcio do pr\u00f3ximo ano e contar\u00e1 com a presen\u00e7a de torcedores, jogadores, imprensa e convidados, refor\u00e7ando a <strong>import\u00e2ncia da comunidade de Catal\u00e3o na constru\u00e7\u00e3o e valoriza\u00e7\u00e3o da hist\u00f3ria do CRAC<\/strong>.<\/p>\n<p>&nbsp;<\/p>\n<h3>Confira a inaugura\u00e7\u00e3o da nova loja do Le\u00e3o do Sul!<\/h3>\n<p>&nbsp;<\/p>\n<blockquote class=\"instagram-media\" style=\"background: #FFF; border: 0; border-radius: 3px; box-shadow: 0 0 1px 0 rgba(0,0,0,0.5),0 1px 10px 0 rgba(0,0,0,0.15); margin: 1px; max-width: 540px; min-width: 326px; padding: 0; width: calc(100% - 2px);\" data-instgrm-captioned=\"\" data-instgrm-permalink=\"https:\/\/www.instagram.com\/reel\/DSlVYemicjs\/?utm_source=ig_embed&amp;utm_campaign=loading\" data-instgrm-version=\"14\">\n<div style=\"padding: 16px;\">\n<p>&nbsp;<\/p>\n<div style=\"display: flex; flex-direction: row; align-items: center;\">\n<div style=\"background-color: #f4f4f4; border-radius: 50%; flex-grow: 0; height: 40px; margin-right: 14px; width: 40px;\"><\/div>\n<div style=\"display: flex; flex-direction: column; flex-grow: 1; justify-content: center;\">\n<div style=\"background-color: #f4f4f4; border-radius: 4px; flex-grow: 0; height: 14px; margin-bottom: 6px; width: 100px;\"><\/div>\n<div style=\"background-color: #f4f4f4; border-radius: 4px; flex-grow: 0; height: 14px; width: 60px;\"><\/div>\n<\/div>\n<\/div>\n<div style=\"padding: 19% 0;\"><\/div>\n<div style=\"display: block; height: 50px; margin: 0 auto 12px; width: 50px;\"><\/div>\n<div style=\"padding-top: 8px;\">\n<div style=\"color: #3897f0; font-family: Arial,sans-serif; font-size: 14px; font-style: normal; font-weight: 550; line-height: 18px;\">Ver essa foto no Instagram<\/div>\n<\/div>\n<div style=\"padding: 12.5% 0;\"><\/div>\n<div style=\"display: flex; flex-direction: row; margin-bottom: 14px; align-items: center;\">\n<div>\n<div style=\"background-color: #f4f4f4; border-radius: 50%; height: 12.5px; width: 12.5px; transform: translateX(0px) translateY(7px);\"><\/div>\n<div style=\"background-color: #f4f4f4; height: 12.5px; transform: rotate(-45deg) translateX(3px) translateY(1px); width: 12.5px; flex-grow: 0; margin-right: 14px; margin-left: 2px;\"><\/div>\n<div style=\"background-color: #f4f4f4; border-radius: 50%; height: 12.5px; width: 12.5px; transform: translateX(9px) translateY(-18px);\"><\/div>\n<\/div>\n<div style=\"margin-left: 8px;\">\n<div style=\"background-color: #f4f4f4; border-radius: 50%; flex-grow: 0; height: 20px; width: 20px;\"><\/div>\n<div style=\"width: 0; height: 0; border-top: 2px solid transparent; border-left: 6px solid #f4f4f4; border-bottom: 2px solid transparent; transform: translateX(16px) translateY(-4px) rotate(30deg);\"><\/div>\n<\/div>\n<div style=\"margin-left: auto;\">\n<div style=\"width: 0px; border-top: 8px solid #F4F4F4; border-right: 8px solid transparent; transform: translateY(16px);\"><\/div>\n<div style=\"background-color: #f4f4f4; flex-grow: 0; height: 12px; width: 16px; transform: translateY(-4px);\"><\/div>\n<div style=\"width: 0; height: 0; border-top: 8px solid #F4F4F4; border-left: 8px solid transparent; transform: translateY(-4px) translateX(8px);\"><\/div>\n<\/div>\n<\/div>\n<div style=\"display: flex; flex-direction: column; flex-grow: 1; justify-content: center; margin-bottom: 24px;\">\n<div style=\"background-color: #f4f4f4; border-radius: 4px; flex-grow: 0; height: 14px; margin-bottom: 6px; width: 224px;\"><\/div>\n<div style=\"background-color: #f4f4f4; border-radius: 4px; flex-grow: 0; height: 14px; width: 144px;\"><\/div>\n<\/div>\n<p>&nbsp;<\/p>\n<p style=\"color: #c9c8cd; font-family: Arial,sans-serif; font-size: 14px; line-height: 17px; margin-bottom: 0; margin-top: 8px; overflow: hidden; padding: 8px 0 7px; text-align: center; text-overflow: ellipsis; white-space: nowrap;\"><a style=\"color: #c9c8cd; font-family: Arial,sans-serif; font-size: 14px; font-style: normal; font-weight: normal; line-height: 17px; text-decoration: none;\" href=\"https:\/\/www.instagram.com\/reel\/DSlVYemicjs\/?utm_source=ig_embed&amp;utm_campaign=loading\" target=\"_blank\" rel=\"noopener\">Um post compartilhado por Clube Recreativo e Atl\u00e9tico Catalano (CRAC) (@craccatalaooficial)<\/a><\/p>\n<\/div>\n<\/blockquote>\n<p><script async src=\"\/\/www.instagram.com\/embed.js\"><\/script><\/p>\n<p>&nbsp;<\/p>\n<h3>Repercuss\u00e3o na imprensa<\/h3>\n<p>&nbsp;<\/p>\n<p>Nos links abaixo mat\u00e9rias em sites e canais esportivos sobre o lan\u00e7amento do novo escudo do <strong>Clube Recreativo e Atl\u00e9tico Catalano<\/strong>:<\/p>\n<p><a href=\"https:\/\/mantosdofutebol.com.br\/2025\/11\/crac-apresenta-novo-escudo-oficial-2026\" target=\"_blank\" rel=\"noopener\">Mantos do Futebol<\/a><\/p>\n<p><a href=\"https:\/\/ataquemarketing.com\/marketing\/crac-lanca-novo-escudo-oficial\" target=\"_blank\" rel=\"noopener\">Ataque Marketing<\/a><\/p>\n<p><a href=\"https:\/\/portalcatalao.com.br\/noticias\/esporte\/crac-revela-novo-escudo-versao-moderna-e-marcante-do-simbolo.phtml\" target=\"_blank\" rel=\"noopener\">Portal Catal\u00e3o<\/a><\/p>\n<p><a href=\"https:\/\/esportegoiano.com.br\/crac-anuncia-mudanca-escudo-releitura-moderna-imponente-simbolo\" target=\"_blank\" rel=\"noopener\">Esporte Goiano<\/a><\/p>\n<p><a href=\"https:\/\/www.maisgoias.com.br\/esportes\/crac-anuncia-mudanca-no-escudo\/\" target=\"_blank\" rel=\"noopener\">Mais Goi\u00e1s<\/a><\/p>\n<p><a href=\"https:\/\/apitoesportivo.com.br\/crac-apresenta-novo-escudo-com-design-modernizado-e-homenagem-as-conquistas-historicas\/\" target=\"_blank\" rel=\"noopener\">Apito Esportivo<\/a><\/p>\n<p><a href=\"https:\/\/www1.jornalgoias.com.br\/crac-de-catalao-moderniza-escudo-e-apresenta-nova-identidade-visual-para-a-temporada-2026\/\" target=\"_blank\" rel=\"noopener\">Di\u00e1rio Goi\u00e1s<\/a><\/p>\n<p>&nbsp;<\/p>\n<p>&nbsp;<\/p>\n<div id=\"divSpdInText\">\n<div id=\"divSpdInText\"><\/div>\n<h3>Veja Tamb\u00e9m:<\/h3>\n<p>&nbsp;<\/p>\n<div id=\"divSpdInText\">\n<div id=\"divSpdInText\">\n<p><a href=\"https:\/\/www.futbox.com\/blog\/clubes\/nao-basta-ser-canarinho-e-preciso-transformar-se-em-jordan\" target=\"_blank\" rel=\"noopener\">N\u00e3o basta ser Canarinho, \u00e9 preciso transformar-se em Jordan<\/a><\/p>\n<p><a href=\"https:\/\/www.futbox.com\/blog\/clubes\/pele-imarcavel\" target=\"_blank\" rel=\"noopener\">Pel\u00e9, imarc\u00e1vel<\/a><\/p>\n<p><a href=\"https:\/\/www.futbox.com\/blog\/clubes\/metodologia-de-pesquisa-e-resgate-historico-fc\" target=\"_blank\" rel=\"noopener\">Metodologia de Pesquisa e Resgate Hist\u00f3rico FC<\/a><\/p>\n<p><a href=\"https:\/\/www.futbox.com\/blog\/clubes\/terceira-camisa-do-londrina-resgate-do-escudo-de-1980-e-versao-retro-da-marca-maxrun\" target=\"_blank\" rel=\"noopener\">Londrina: resgate do escudo de 1980 e vers\u00e3o retr\u00f4 da marca MaxRun<\/a><\/p>\n<p><a href=\"https:\/\/www.futbox.com\/blog\/clubes\/o-novo-escudo-oficial-do-goiatuba-esporte-clube\" target=\"_blank\" rel=\"noopener\">O novo escudo oficial do Goiatuba Esporte Clube<\/a><\/p>\n<p><a href=\"https:\/\/www.futbox.com\/blog\/clubes\/super-mundial-a-diminuicao-do-valor-dos-clubes-pela-entrada-dos-seus-jogadores-em-campo\" target=\"_blank\" rel=\"noopener\">Super Mundial: a diminui\u00e7\u00e3o do valor dos clubes pela entrada dos seus jogadores em campo<\/a><\/p>\n<\/div>\n<\/div>\n<\/div>\n<div id=\"divSpdInText\">\n<div id=\"divSpdInText\">\n<div id=\"divSpdInText\">\n<div id=\"divSpdInText\">\n<div id=\"divSpdInText\">\n<div id=\"divSpdInText\">\n<div id=\"divSpdInText\">\n<p><a href=\"https:\/\/www.futbox.com\/blog\/selecoes\/a-selecao-favorita-para-a-copa-de-2026-pode-nem-se-classificar\" target=\"_blank\" rel=\"noopener\">A sele\u00e7\u00e3o favorita para a Copa de 2026 pode nem se classificar<\/a><\/p>\n<\/div>\n<p><a href=\"https:\/\/www.futbox.com\/blog\/campeonatos\/mundial-de-clubes-menor-melhor-e-maior\" target=\"_blank\" rel=\"noopener\">Mundial de Clubes: menor, melhor e maior!<\/a><\/p>\n<p><a href=\"https:\/\/www.futbox.com\/blog\/clubes\/londrina-80-25-criacao-dos-uniformes-do-selo-e-da-marca-maxrun\" target=\"_blank\" rel=\"noopener\">Londrina 80\/25: Cria\u00e7\u00e3o dos Uniformes, do Selo e da Marca Maxrun<\/a><\/p>\n<p><a href=\"https:\/\/www.futbox.com\/blog\/clubes\/todos-os-detalhes-da-criacao-dos-uniformes-2025-do-crb\" target=\"_blank\" rel=\"noopener\">Cole\u00e7\u00e3o \u201cVelho Chico\u201d: Cria\u00e7\u00e3o dos Uniformes 2025 do CRB<\/a><\/p>\n<p><a href=\"https:\/\/www.futbox.com\/blog\/clubes\/o-paradoxo-de-1987\" target=\"_blank\" rel=\"noopener\">O Paradoxo de 1987<\/a><\/p>\n<\/div>\n<\/div>\n<p><a href=\"https:\/\/www.futbox.com\/blog\/fora-das-4-linhas\/laboratory-rats\" target=\"_blank\" rel=\"noopener\">Laboratoty RATS<\/a><\/p>\n<\/div>\n<p><a href=\"https:\/\/www.futbox.com\/blog\/clubes\/intercontinental-cup\" target=\"_blank\" rel=\"noopener\">INTERCOLONIAL CUP<\/a><\/p>\n<p><a href=\"https:\/\/www.futbox.com\/blog\/clubes\/rapido-e-rasteiro-como-diniz-no-cruzeiro\" target=\"_blank\" rel=\"noopener\">R\u00e1pido e Rasteiro como Diniz no Cruzeiro<\/a><\/p>\n<p><a href=\"https:\/\/www.futbox.com\/blog\/futebol-outros\/vitoria-uma-cronica-sobre-o-futebol-de-varzea\" target=\"_blank\" rel=\"noopener\">Vit\u00f3ria. Uma cr\u00f4nica sobre o futebol de v\u00e1rzea<\/a><\/p>\n<p><a href=\"https:\/\/www.futbox.com\/blog\/futebol-outros\/a-desconstrucao-estetica-e-tatica-do-futebol-brasileiro\" target=\"_blank\" rel=\"noopener\">A desconstru\u00e7\u00e3o est\u00e9tica e t\u00e1tica do futebol brasileiro<\/a><\/p>\n<div id=\"divSpdInText\">\n<div id=\"divSpdInText\">\n<p><a href=\"https:\/\/www.futbox.com\/blog\/futebol-outros\/o-uniforme-da-selecao-brasileira-precisa-ser-do-tamanho-do-brasil-no-futebol\" target=\"_blank\" rel=\"noopener\">O uniforme da sele\u00e7\u00e3o brasileira precisa ser do tamanho do Brasil no futebol<\/a><\/p>\n<div id=\"divSpdInText\">\n<div id=\"divSpdInText\">\n<div data-scaffold-immersive-reader-content=\"\">\n<div class=\"reader-article-content reader-article-content--content-blocks\" dir=\"ltr\">\n<p id=\"ember407\" class=\"ember-view reader-content-blocks__paragraph\"><a href=\"https:\/\/www.futbox.com\/blog\/futebol-outros\/var-a-inovacao-nao-esta-na-tecnologia-mas-sim-no-comportamento\" target=\"_blank\" rel=\"noopener\">VAR: a inova\u00e7\u00e3o n\u00e3o est\u00e1 na tecnologia, mas sim, no comportamento<\/a><\/p>\n<p><a href=\"https:\/\/www.futbox.com\/blog\/futebol-outros\/a-naturalizacao-daquilo-que-nao-faz-parte\" target=\"_blank\" rel=\"noopener\">A naturaliza\u00e7\u00e3o daquilo que n\u00e3o faz parte<\/a><\/p>\n<p id=\"ember408\" class=\"ember-view reader-content-blocks__paragraph\"><a href=\"https:\/\/www.futbox.com\/blog\/futebol-outros\/cinema-streaming-jornalismo-e-a-inversao-total-de-sentido\" target=\"_blank\" rel=\"noopener\">Cinema, Streaming, Jornalismo e a invers\u00e3o total de sentido<\/a><\/p>\n<p id=\"ember409\" class=\"ember-view reader-content-blocks__paragraph\"><a href=\"https:\/\/www.linkedin.com\/pulse\/paradoxo-contempor%25C3%25A2neo-adriano-%25C3%25A1vila-alamy\/?trackingId=vDYq4zqDQpW9gjA251J3qw%3D%3D\" target=\"_blank\" rel=\"noopener\">Paradoxo Contempor\u00e2neo<\/a><\/p>\n<p><a href=\"https:\/\/www.futbox.com\/blog\/futebol-design\/logotipo-da-copa-do-mundo-de-2026-seguro-porem-incomodo\" target=\"_blank\" rel=\"noopener\">Logotipo da Copa do Mundo de 2026: seguro, por\u00e9m inc\u00f4modo<\/a><\/p>\n<p><a href=\"https:\/\/www.futbox.com\/blog\/fora-das-4-linhas\/a-selecao-que-incomoda\" target=\"_blank\" rel=\"noopener\">A sele\u00e7\u00e3o que incomoda<\/a><\/p>\n<p><a href=\"https:\/\/www.futbox.com\/blog\/fora-das-4-linhas\/perna-curta\" target=\"_blank\" rel=\"noopener\">Perna Curta<\/a><\/p>\n<p><a href=\"https:\/\/www.futbox.com\/blog\/fora-das-4-linhas\/tempo\" target=\"_blank\" rel=\"noopener\">Tempo<\/a><\/p>\n<\/div>\n<\/div>\n<p><a href=\"https:\/\/www.futbox.com\/blog\/futebol-outros\/ha-8-anos-acontecia-uma-partida-historica-de-futebol-na-palestina-equipes-de-gaza-e-cisjordania-se-encontravam-apos-15-anos-do-bloqueio-imposto-por-israel#google_vignette\" target=\"_blank\" rel=\"noopener\">H\u00e1 8 anos acontecia uma partida hist\u00f3rica de futebol na Palestina: equipes de Gaza e Cisjord\u00e2nia se encontravam ap\u00f3s 15 anos do bloqueio imposto por Israel<\/a><\/p>\n<p><a href=\"https:\/\/www.futbox.com\/blog\/clubes\/guia-do-mundo-arabe-fc-os-significados-dos-nomes-de-250-clubes-de-23-paises\" target=\"_blank\" rel=\"noopener\">Guia do Mundo \u00c1rabe FC: Os significados dos nomes de 250 clubes de 23 pa\u00edses<\/a><\/p>\n<p><a href=\"https:\/\/www.futbox.com\/blog\/opiniao\/futebol-e-politica\" target=\"_blank\" rel=\"noopener\">Pol\u00edtica FC: Futebol, Cinema e Hist\u00f3ria\u00a0<\/a><\/p>\n<p><a href=\"https:\/\/www.futbox.com\/blog\/fora-das-4-linhas\/para-mulheres-jogar-futebol-ja-foi-caso-de-policia-durante-a-ditadura\" target=\"_blank\" rel=\"noopener\">Para mulheres, jogar futebol j\u00e1 foi caso de pol\u00edcia durante a ditadura<\/a><\/p>\n<p><a href=\"https:\/\/www.futbox.com\/blog\/fora-das-4-linhas\/honduras-contra-el-salvador-a-partida-de-futebol-que-iniciou-uma-guerra\" target=\"_blank\" rel=\"noopener\">Honduras contra El Salvador: A partida de futebol que iniciou uma guerra<\/a><\/p>\n<p><a href=\"https:\/\/www.futbox.com\/blog\/campeonatos\/mundialito-a-copa-que-a-fifa-escondeu\" target=\"_blank\" rel=\"noopener\">Mundialito: a Copa que a Fifa escondeu<\/a><\/p>\n<p><a href=\"https:\/\/www.futbox.com\/blog\/futebol-outros\/fatos-historicos-e-reconhecimentos\" target=\"_blank\" rel=\"noopener\">Fatos Hist\u00f3ricos e Reconhecimentos<\/a><\/p>\n<p><a href=\"https:\/\/www.futbox.com\/blog\/campeonatos\/a-historia-do-campeonato-brasileiro\" target=\"_blank\" rel=\"noopener\">A hist\u00f3ria do Campeonato Brasileiro<\/a><\/p>\n<p><a href=\"https:\/\/www.futbox.com\/blog\/campeonatos\/campeonato-brasileiro-nomenclatura-e-significado-historico\" target=\"_blank\" rel=\"noopener\">Campeonato Brasileiro: nomenclatura e significado hist\u00f3rico<\/a><\/p>\n<p><a href=\"http:\/\/bit.ly\/Futbox3TS\" target=\"_blank\" rel=\"noopener\">Metodologia dos 3Ts: Tradi\u00e7\u00e3o, Torcida e Trof\u00e9us<\/a><\/p>\n<p><a href=\"https:\/\/www.futbox.com\/blog\/opiniao\/10-novas-regras-para-o-futebol\" target=\"_blank\" rel=\"noopener\">10 Novas Regras para o Futebol<\/a><\/p>\n<p><a href=\"https:\/\/www.futbox.com\/blog\/opiniao\/novas-demarcacoes-campo-de-futebol\" target=\"_blank\" rel=\"noopener\">As Novas Demarca\u00e7\u00f5es do Campo de Futebol<\/a><\/p>\n<p><a href=\"https:\/\/www.futbox.com\/blog\/clubes\/novo-calendario-do-futebol-brasileiro-a-partir-da-temporada-2023-24\" target=\"_blank\" rel=\"noopener\">O Novo Calend\u00e1rio do Futebol Brasileiro<\/a><\/p>\n<p>&nbsp;<\/p>\n<\/div>\n<\/div>\n<div class=\"reader-article-content reader-article-content--content-blocks\" dir=\"ltr\">\n<div id=\"divSpdInText\">\n<div id=\"divSpdInText\">\n<div id=\"divSpdInText\"><\/div>\n<\/div>\n<\/div>\n<h3>Podcast:<\/h3>\n<p>&nbsp;<\/p>\n<p><strong>Clique nas imagens abaixo<\/strong>\u00a0e confira os bate-papos no\u00a0<strong>Futeboteco (Tomando Uma Com)<\/strong>\u00a0e\u00a0<strong>Bora Pra Resenha Podcast<\/strong>\u00a0onde falamos sobre a revitaliza\u00e7\u00e3o das marcas dos clubes de futebol, sele\u00e7\u00e3o brasileira, calend\u00e1rio, VAR, regras atualizadas, as novas demarca\u00e7\u00f5es do campo e muitas outras curiosidades sobre a hist\u00f3ria do futebol brasileiro e mundial.<\/p>\n<p>&nbsp;<\/p>\n<h3>Futeboteco (Tomando Uma Com):<\/h3>\n<p>&nbsp;<\/p>\n<p><iframe loading=\"lazy\" title=\"YouTube video player\" src=\"https:\/\/www.youtube.com\/embed\/WzVxuF6ISYQ?si=V7wgmFQr_cLV1W-J&amp;start=474\" width=\"560\" height=\"315\" frameborder=\"0\" allowfullscreen=\"allowfullscreen\" data-mce-fragment=\"1\"><\/iframe><\/p>\n<p>&nbsp;<\/p>\n<h3>Bora Pra Resenha:<\/h3>\n<p>&nbsp;<\/p>\n<div id=\"attachment_11607\" class=\"wp-caption alignnone\">\n<div id=\"attachment_11607\" class=\"wp-caption alignnone\">\n<p><a href=\"https:\/\/www.youtube.com\/live\/cRa4qmL7bPc?si=cVg48ZR1I5yQkEf0&amp;t=200\" target=\"_blank\" rel=\"noopener\"><img loading=\"lazy\" decoding=\"async\" class=\"colorbox-11196 wp-image-11607 size-full\" title=\"Futbox no Bora Pra Resenha\" src=\"https:\/\/www.futbox.com\/blog\/wp-content\/uploads\/2023\/11\/Bora-pra-Resenha-Adr-Futbox-post.png\" sizes=\"auto, (max-width: 1920px) 100vw, 1920px\" srcset=\"https:\/\/www.futbox.com\/blog\/wp-content\/uploads\/2023\/11\/Bora-pra-Resenha-Adr-Futbox-post.png 1920w, https:\/\/www.futbox.com\/blog\/wp-content\/uploads\/2023\/11\/Bora-pra-Resenha-Adr-Futbox-post-300x300.png 300w, https:\/\/www.futbox.com\/blog\/wp-content\/uploads\/2023\/11\/Bora-pra-Resenha-Adr-Futbox-post-1024x1024.png 1024w, https:\/\/www.futbox.com\/blog\/wp-content\/uploads\/2023\/11\/Bora-pra-Resenha-Adr-Futbox-post-500x500.png 500w, https:\/\/www.futbox.com\/blog\/wp-content\/uploads\/2023\/11\/Bora-pra-Resenha-Adr-Futbox-post-768x768.png 768w, https:\/\/www.futbox.com\/blog\/wp-content\/uploads\/2023\/11\/Bora-pra-Resenha-Adr-Futbox-post-1536x1536.png 1536w, https:\/\/www.futbox.com\/blog\/wp-content\/uploads\/2023\/11\/Bora-pra-Resenha-Adr-Futbox-post-620x620.png 620w, https:\/\/www.futbox.com\/blog\/wp-content\/uploads\/2023\/11\/Bora-pra-Resenha-Adr-Futbox-post-70x70.png 70w\" alt=\"Futbox no Bora Pra Resenha\" width=\"1920\" height=\"1920\" \/><\/a><\/p>\n<p class=\"wp-caption-text\">Futbox no Bora Pra Resenha<\/p>\n<\/div>\n<p class=\"wp-caption-text\">\n<\/div>\n<\/div>\n<div id=\"divSpdInText\">\n<div id=\"divSpdInText\">\n<p>&nbsp;<\/p>\n<\/div>\n<\/div>\n<h3>FUTBOX \u2013 Centro de Pesquisa Gr\u00e1fica Sobre Futebol:<\/h3>\n<p>&nbsp;<\/p>\n<\/div>\n<\/div>\n<p><a href=\"https:\/\/linktr.ee\/FUTBOX_Projects\" target=\"_blank\" rel=\"noopener\">Projetos desenvolvidos para clubes de futebol, marcas esportivas, empresas e festivais de cinema<\/a><\/p>\n<p><a href=\"https:\/\/linktr.ee\/futbox_\" target=\"_blank\" rel=\"noopener\">Canais e Redes Sociais<\/a><\/p>\n<p class=\"sc-hKgILt ilsgNQ\"><a href=\"https:\/\/linktr.ee\/adrianoavila\" target=\"_blank\" rel=\"noopener\">Artigos sobre futebol e esporte a partir do equil\u00edbrio entre tradi\u00e7\u00e3o e inova\u00e7\u00e3o<\/a><\/p>\n<p>&nbsp;<\/p>\n<\/div>\n<div><\/div>\n<\/div>\n<p>&nbsp;<\/p>\n<\/div>\n","protected":false},"excerpt":{"rendered":"<p>Resgate do escudo hist\u00f3rico de 1967 e revitaliza\u00e7\u00e3o de marca do &#8220;Le\u00e3o do Sul&#8221; para a temporada 2026.<\/p>\n","protected":false},"author":14,"featured_media":14084,"comment_status":"open","ping_status":"open","sticky":true,"template":"","format":"standard","meta":{"footnotes":""},"categories":[2],"tags":[1303,533,534,494,892,1209,254,1001,214,195,2786,543,2932,2787,614,761,238,2931,228,547,277,259,215,196,192,2934,231,2523,332,823,268,2933,1575,230,570,1879,2274,1154,768,952,1324,255,229,378,961,958,962,963,386,478,886],"class_list":["post-14021","post","type-post","status-publish","format-standard","has-post-thumbnail","hentry","category-clubes","tag-abel-ferreira","tag-america-mg","tag-america-mineiro","tag-argentina","tag-atletico-goianiense","tag-atletico-mineiro","tag-bahia","tag-boca","tag-botafogo","tag-brasil","tag-brasileirao-2025","tag-campeonato-brasileiro","tag-catalao","tag-copa-do-brasil-2025","tag-copa-libertadores","tag-copa-sudamericana","tag-corinthians","tag-crac","tag-cruzeiro","tag-design","tag-escudo","tag-flamengo","tag-fluminense","tag-futbox","tag-galo","tag-goianao-2026","tag-goias","tag-goiatuba","tag-gremio","tag-inter","tag-internacional","tag-leao-do-sul","tag-leila-pereira","tag-palmeiras","tag-paysandu","tag-rebrandig","tag-recopa","tag-remo","tag-river","tag-ronaldo-fenomeno","tag-saf","tag-santos","tag-sao-paulo","tag-selecao-brasileira","tag-serie-a","tag-serie-b","tag-serie-c","tag-serie-d","tag-sul-americana","tag-vasco","tag-vila-nova"],"_links":{"self":[{"href":"https:\/\/www.futbox.com\/blog\/wp-json\/wp\/v2\/posts\/14021","targetHints":{"allow":["GET"]}}],"collection":[{"href":"https:\/\/www.futbox.com\/blog\/wp-json\/wp\/v2\/posts"}],"about":[{"href":"https:\/\/www.futbox.com\/blog\/wp-json\/wp\/v2\/types\/post"}],"author":[{"embeddable":true,"href":"https:\/\/www.futbox.com\/blog\/wp-json\/wp\/v2\/users\/14"}],"replies":[{"embeddable":true,"href":"https:\/\/www.futbox.com\/blog\/wp-json\/wp\/v2\/comments?post=14021"}],"version-history":[{"count":32,"href":"https:\/\/www.futbox.com\/blog\/wp-json\/wp\/v2\/posts\/14021\/revisions"}],"predecessor-version":[{"id":14326,"href":"https:\/\/www.futbox.com\/blog\/wp-json\/wp\/v2\/posts\/14021\/revisions\/14326"}],"wp:featuredmedia":[{"embeddable":true,"href":"https:\/\/www.futbox.com\/blog\/wp-json\/wp\/v2\/media\/14084"}],"wp:attachment":[{"href":"https:\/\/www.futbox.com\/blog\/wp-json\/wp\/v2\/media?parent=14021"}],"wp:term":[{"taxonomy":"category","embeddable":true,"href":"https:\/\/www.futbox.com\/blog\/wp-json\/wp\/v2\/categories?post=14021"},{"taxonomy":"post_tag","embeddable":true,"href":"https:\/\/www.futbox.com\/blog\/wp-json\/wp\/v2\/tags?post=14021"}],"curies":[{"name":"wp","href":"https:\/\/api.w.org\/{rel}","templated":true}]}}