{"id":1726,"date":"2013-07-02T18:32:53","date_gmt":"2013-07-02T21:32:53","guid":{"rendered":"http:\/\/blog.futbox.com\/?p=1726"},"modified":"2022-07-06T13:35:48","modified_gmt":"2022-07-06T16:35:48","slug":"futebol-uma-vitrine","status":"publish","type":"post","link":"https:\/\/www.futbox.com\/blog\/selecoes\/futebol-uma-vitrine","title":{"rendered":"Futebol, uma vitrine"},"content":{"rendered":"<p>Junho de 2013. Entra em vigor o reajuste de R$0,20 nas tarifas dos \u00f4nibus de S\u00e3o Paulo. Manifestantes foram \u00e0s ruas protestar contra o aumento. Houve confronto com a pol\u00edcia. A not\u00edcia virou manchete nos principais jornais e adeptos do movimento surgiram em todo o pa\u00eds. N\u00e3o apenas pelos R$0,20, mas contra a repress\u00e3o da PM, contra a corrup\u00e7\u00e3o, contra a PEC 37&#8230; As manifesta\u00e7\u00f5es chegaram aos jornais estrangeiros: o Brasil estava a dias de sediar a <a href=\"https:\/\/www.futbox.com\/pt\/campeonatos#!copa-das-confederacoes\/campeoes\" target=\"_blank\" rel=\"noopener noreferrer\">Copa das Confedera\u00e7\u00f5es<\/a>, uma esp\u00e9cie de treino para o Mundial de 2014.<\/p>\n<div id=\"attachment_1732\" class=\"wp-caption alignright\" style=\"width: 300px\"><a href=\"https:\/\/www.futbox.com\/blog\/wp-content\/uploads\/2013\/07\/28_06_revolta_dos_bondes.png\"><img loading=\"lazy\" decoding=\"async\" class=\"wp-image-1732 size-medium colorbox-1726\" title=\"Revolta dos Bondes - S\u00e3o Paulo, 1947\" src=\"https:\/\/www.futbox.com\/blog\/wp-content\/uploads\/2013\/07\/28_06_revolta_dos_bondes-300x300.png\" alt=\"Revolta dos Bondes - S\u00e3o Paulo, 1947\" width=\"300\" height=\"300\" srcset=\"https:\/\/www.futbox.com\/blog\/wp-content\/uploads\/2013\/07\/28_06_revolta_dos_bondes-300x300.png 300w, https:\/\/www.futbox.com\/blog\/wp-content\/uploads\/2013\/07\/28_06_revolta_dos_bondes-500x500.png 500w, https:\/\/www.futbox.com\/blog\/wp-content\/uploads\/2013\/07\/28_06_revolta_dos_bondes-620x620.png 620w, https:\/\/www.futbox.com\/blog\/wp-content\/uploads\/2013\/07\/28_06_revolta_dos_bondes-70x70.png 70w, https:\/\/www.futbox.com\/blog\/wp-content\/uploads\/2013\/07\/28_06_revolta_dos_bondes.png 806w\" sizes=\"auto, (max-width: 300px) 100vw, 300px\" \/><\/a><p class=\"wp-caption-text\">Revolta dos Bondes &#8211; S\u00e3o Paulo, 1947<\/p><\/div>\n<p>Os protestos continuaram e cresceram durante a realiza\u00e7\u00e3o do torneio da FIFA, que tamb\u00e9m virou alvo dos manifestantes. O mundo todo olhava para o Brasil. Nos anos 40, o pa\u00eds viveu situa\u00e7\u00e3o parecida. Eurico Gaspar Dutra assumiu a presid\u00eancia em 1945 e j\u00e1 no ano seguinte o Brasil foi confirmado como sede da Copa\u00a0de 50. Em 1947, estourou em S\u00e3o Paulo a \u201cRevolta dos Bondes\u201d. O aumento no pre\u00e7o das passagens despertou a ira da popula\u00e7\u00e3o que foi \u00e0s ruas, pichou e incendiou bondes. Um clima de incerteza pairava sobre o Brasil.<\/p>\n<p>\u00c9 indiscut\u00edvel que o futebol \u00e9 uma grande vitrine. N\u00e3o \u00e0 toa, Benito Mussolini fez quest\u00e3o de que a It\u00e1lia sediasse o Mundial de 34. Era a oportunidade de se promover e promover o regime fascista que implementara no pa\u00eds. Em 1970, Em\u00edlio Garrastazu M\u00e9dici aproveitou o sucesso da sele\u00e7\u00e3o de Pel\u00e9, Tost\u00e3o e cia para fazer propaganda pol\u00edtica da ditadura militar.<\/p>\n<div id=\"attachment_1734\" class=\"wp-caption alignleft\" style=\"width: 300px\"><a href=\"https:\/\/www.futbox.com\/blog\/wp-content\/uploads\/2013\/07\/25_06_mundialito.png\"><img loading=\"lazy\" decoding=\"async\" class=\"wp-image-1734 size-medium colorbox-1726\" title=\"Mundialito - Uruguai 1980.\" src=\"https:\/\/www.futbox.com\/blog\/wp-content\/uploads\/2013\/07\/25_06_mundialito-300x300.png\" alt=\"Mundialito - Uruguai 1980. \" width=\"300\" height=\"300\" srcset=\"https:\/\/www.futbox.com\/blog\/wp-content\/uploads\/2013\/07\/25_06_mundialito-300x300.png 300w, https:\/\/www.futbox.com\/blog\/wp-content\/uploads\/2013\/07\/25_06_mundialito-500x500.png 500w, https:\/\/www.futbox.com\/blog\/wp-content\/uploads\/2013\/07\/25_06_mundialito-620x620.png 620w, https:\/\/www.futbox.com\/blog\/wp-content\/uploads\/2013\/07\/25_06_mundialito-70x70.png 70w, https:\/\/www.futbox.com\/blog\/wp-content\/uploads\/2013\/07\/25_06_mundialito.png 806w\" sizes=\"auto, (max-width: 300px) 100vw, 300px\" \/><\/a><p class=\"wp-caption-text\">Mundialito &#8211; Uruguai 1980.<\/p><\/div>\n<p>No entanto, algumas vezes o tiro sai pela culatra. Foi o caso do <a href=\"https:\/\/www.futbox.com\/blog\/campeonatos\/mundialito-a-copa-que-a-fifa-escondeu\" target=\"_blank\" rel=\"noopener noreferrer\">Mundialito de 1980 no Uruguai<\/a>, que celebrava os 50 anos da Copa do Mundo e reunia as sele\u00e7\u00f5es campe\u00e3s mundiais \u2013 a Holanda, vice-campe\u00e3 em 1974 e 1978, substituiu a Inglaterra. O pa\u00eds vivia um regime militar e nas v\u00e9speras do torneio, um plebiscito indicou o desejo da popula\u00e7\u00e3o para uma abertura democr\u00e1tica. Na final (Uruguai 2 x 1 Brasil), os uruguaios gritaram pela 1\u00aa vez: &#8220;vai acabar, vai acabar a ditadura militar&#8221;. O futebol mostrava ao mundo a insatisfa\u00e7\u00e3o do povo com a ditadura, extinguida em 1985, quando Julio Mar\u00eda Sanguinetti assumiu a presid\u00eancia do pa\u00eds.<\/p>\n<p>Conhe\u00e7a essa hist\u00f3ria no <a href=\"https:\/\/www.youtube.com\/watch?v=KU9rZdiYGbg\" target=\"_blank\" rel=\"noopener noreferrer\">document\u00e1rio Mem\u00f3rias de Chumbo<\/a>: o futebol nos tempos de Condor, dirigido e produzido pelo jornalista da ESPN Brasil, L\u00facio de Castro.\u00a0(ver entre 38&#8217;20&#8221; a 41&#8217;20&#8221;).<\/p>\n<p>&nbsp;<\/p>\n<p><iframe loading=\"lazy\" title=\"Mem\u00f3rias do Chumbo: O Futebol nos Tempos do Condor - 1: Argentina\" width=\"580\" height=\"326\" src=\"https:\/\/www.youtube.com\/embed\/KU9rZdiYGbg?feature=oembed\" frameborder=\"0\" allow=\"accelerometer; autoplay; clipboard-write; encrypted-media; gyroscope; picture-in-picture; web-share\" referrerpolicy=\"strict-origin-when-cross-origin\" allowfullscreen><\/iframe><\/p>\n<p>&nbsp;<\/p>\n<p>Em 2010, no \u00faltimo ano de seu mandato, o ent\u00e3o presidente Luiz In\u00e1cio Lula da Silva declarou: \u201cQueremos deixar um legado de melhoria nas condi\u00e7\u00f5es de vida do nosso povo\u201d. O Brasil deixou esse legado ou o tiro saiu pela culatra?<\/p>\n<p>&nbsp;<\/p>\n","protected":false},"excerpt":{"rendered":"<p>\u00d4nus e b\u00f4nus de sediar um grande evento esportivo.<\/p>\n","protected":false},"author":5,"featured_media":1729,"comment_status":"closed","ping_status":"open","sticky":false,"template":"","format":"standard","meta":{"footnotes":""},"categories":[224,24],"tags":[207,208,205,206],"class_list":["post-1726","post","type-post","status-publish","format-standard","has-post-thumbnail","hentry","category-fora-das-4-linhas","category-selecoes","tag-copa-das-confederacoes","tag-manifestacoes-populares","tag-mundialito","tag-revolta-dos-bondes"],"_links":{"self":[{"href":"https:\/\/www.futbox.com\/blog\/wp-json\/wp\/v2\/posts\/1726","targetHints":{"allow":["GET"]}}],"collection":[{"href":"https:\/\/www.futbox.com\/blog\/wp-json\/wp\/v2\/posts"}],"about":[{"href":"https:\/\/www.futbox.com\/blog\/wp-json\/wp\/v2\/types\/post"}],"author":[{"embeddable":true,"href":"https:\/\/www.futbox.com\/blog\/wp-json\/wp\/v2\/users\/5"}],"replies":[{"embeddable":true,"href":"https:\/\/www.futbox.com\/blog\/wp-json\/wp\/v2\/comments?post=1726"}],"version-history":[{"count":18,"href":"https:\/\/www.futbox.com\/blog\/wp-json\/wp\/v2\/posts\/1726\/revisions"}],"predecessor-version":[{"id":9931,"href":"https:\/\/www.futbox.com\/blog\/wp-json\/wp\/v2\/posts\/1726\/revisions\/9931"}],"wp:featuredmedia":[{"embeddable":true,"href":"https:\/\/www.futbox.com\/blog\/wp-json\/wp\/v2\/media\/1729"}],"wp:attachment":[{"href":"https:\/\/www.futbox.com\/blog\/wp-json\/wp\/v2\/media?parent=1726"}],"wp:term":[{"taxonomy":"category","embeddable":true,"href":"https:\/\/www.futbox.com\/blog\/wp-json\/wp\/v2\/categories?post=1726"},{"taxonomy":"post_tag","embeddable":true,"href":"https:\/\/www.futbox.com\/blog\/wp-json\/wp\/v2\/tags?post=1726"}],"curies":[{"name":"wp","href":"https:\/\/api.w.org\/{rel}","templated":true}]}}