{"id":1744,"date":"2017-05-26T07:34:40","date_gmt":"2017-05-26T10:34:40","guid":{"rendered":"http:\/\/blog.futbox.com\/?p=1744"},"modified":"2025-09-07T16:11:00","modified_gmt":"2025-09-07T19:11:00","slug":"futebol-e-politica","status":"publish","type":"post","link":"https:\/\/www.futbox.com\/blog\/fora-das-4-linhas\/futebol-e-politica","title":{"rendered":"POL\u00cdTICA FC &#8211; FUTEBOL, CINEMA E HIST\u00d3RIA"},"content":{"rendered":"<p>A rela\u00e7\u00e3o entre pol\u00edtica e futebol sempre foi cercada de pol\u00eamicas e mitos. Resgatamos a mat\u00e9ria do <strong>Blog do Futbox<\/strong>, publicada em 2 de junho de 2013, onde foram selecionados alguns epis\u00f3dios envolvendo pol\u00edtica e futebol, no Brasil e no mundo, por meio da s\u00e9tima arte, o cinema.<\/p>\n<p>Como essa rela\u00e7\u00e3o nunca deixou de existir, atualizamos algumas partes do texto e inserimos novos links e imagens nessa reedi\u00e7\u00e3o, <strong>al\u00e9m de tr\u00eas preciosidades no final para quem gosta de cinema, hist\u00f3ria, pol\u00edtica e futebol<\/strong>. Imperd\u00edveis.<\/p>\n<p>N\u00e3o podemos deixar de citar o epis\u00f3dio acorrido no dia 04 de maio de 2020, envolvendo os <a href=\"https:\/\/www.lance.com.br\/fora-de-campo\/casagrande-caio-ribeiro-estranham-bem-amigos-veja-linha-tempo-treta.html\" target=\"_blank\" rel=\"noopener noreferrer\">comentaristas Walter Casagrande e Caio Ribeiro<\/a>, no programa, j\u00e1 extinto, Bem Amigos!, onde ficou evidente <strong>a import\u00e2ncia de inserirmos a pol\u00edtica em todos os setores da sociedade, principalmente no esporte, que possui uma fun\u00e7\u00e3o clara e transparente de inclus\u00e3o social<\/strong>, fundamental na hist\u00f3ria da humanidade para tentar aproximar, j\u00e1 que igualar ainda \u00e9 uma utopia, as oportunidades que cada cidad\u00e3o teve ou tem ao longo de sua vida.<\/p>\n<p>&nbsp;<\/p>\n<h3>2013, mas poderia ser hoje<\/h3>\n<p>&nbsp;<\/p>\n<p>O Brasil vive um clima de efervesc\u00eancia pol\u00edtica. Durante a <a title=\"Copa das Confedera\u00e7\u00f5es\" href=\"http:\/\/www.futbox.com\/pt\/campeonatos#!copa-das-confederacoes\/campeoes\" target=\"_blank\" rel=\"noopener noreferrer\">Copa das Confedera\u00e7\u00f5es<\/a>, at\u00e9 mesmo os jogadores resolveram dar os seus pitacos sobre as manifesta\u00e7\u00f5es populares. <strong>Hulk<\/strong>, por exemplo, disse que sentiu vontade de se juntar aos manifestantes. <strong>Juninho Pernambucano<\/strong>, (na \u00e9poca) no New York Red Bulls, dos Estados Unidos, sugeriu que antes dos jogos todos cantassem o hino de costas para a bandeira em sinal de protesto.<strong><br \/>\n<\/strong><\/p>\n<p>&nbsp;<\/p>\n<div id=\"attachment_5455\" class=\"wp-caption aligncenter\" style=\"width: 580px\"><a href=\"https:\/\/www.futbox.com\/blog\/wp-content\/uploads\/2017\/05\/170157237.jpg\"><img loading=\"lazy\" decoding=\"async\" class=\"wp-image-5455 size-large colorbox-1744\" title=\"Rio, 7 de junho de 2013: o espet\u00e1culo cada vez mais longe do artista.\" src=\"https:\/\/www.futbox.com\/blog\/wp-content\/uploads\/2017\/05\/170157237-1024x679.jpg\" alt=\"Rio, 7 de junho de 2013: o espet\u00e1culo cada vez mais longe do artista.\" width=\"580\" height=\"385\" srcset=\"https:\/\/www.futbox.com\/blog\/wp-content\/uploads\/2017\/05\/170157237-1024x679.jpg 1024w, https:\/\/www.futbox.com\/blog\/wp-content\/uploads\/2017\/05\/170157237-300x198.jpg 300w, https:\/\/www.futbox.com\/blog\/wp-content\/uploads\/2017\/05\/170157237-620x411.jpg 620w\" sizes=\"auto, (max-width: 580px) 100vw, 580px\" \/><\/a><p class=\"wp-caption-text\">Rio, 7 de junho de 2013: o espet\u00e1culo cada vez mais longe do artista.<\/p><\/div>\n<p>&nbsp;<\/p>\n<h3 style=\"text-align: left;\">Democracia Corinthiana<\/h3>\n<p>&nbsp;<\/p>\n<p style=\"text-align: left;\">Futebol e pol\u00edtica j\u00e1 se relacionam h\u00e1 muito tempo. Entre 1982 e 1984, o <a title=\"Corinthinas\" href=\"http:\/\/www.futbox.com\/pt\/timao#!uniformes\" target=\"_blank\" rel=\"noopener noreferrer\">Corinthians<\/a> viveu a <a href=\"https:\/\/midianinja.org\/os-70-anos-de-socrates-e-a-democracia-corinthiana\/\" target=\"_blank\" rel=\"noopener noreferrer\">Democracia Corinthiana<\/a>, <strong>iniciada em 82, quando o soci\u00f3logo Adilson Monteiro Alves foi escolhido como diretor de futebol do clube, junto com os jogadores: <\/strong><strong>S\u00f3crates, Casagrande, Wladimir e Zenon. O movimento previa que as decis\u00f5es importantes como contrata\u00e7\u00f5es, demiss\u00f5es e regras da concentra\u00e7\u00e3o seriam decididas pela maioria dos envolvidos<\/strong>. O aspecto mais importante era que os votos dos jogadores, funcion\u00e1rios e presidente tinham o mesmo peso. Nesse per\u00edodo, o Tim\u00e3o estampava em suas camisas frases de cunho pol\u00edtico, como <a title=\"Dia 15 Vote\" href=\"https:\/\/www.uol.com.br\/esporte\/futebol\/ultimas-noticias\/2015\/03\/15\/em-1982-o-dia-15-levou-brasileiros-as-urnas-com-a-ajuda-do-corinthians.htm\" target=\"_blank\" rel=\"noopener noreferrer\">&#8220;Dia 15 Vote&#8221;<\/a>, convidando os cidad\u00e3os a votarem para governador, gerando desconforto entre os militares que comandavam o pa\u00eds e que pediram modera\u00e7\u00e3o nas mensagens.<\/p>\n<p>&nbsp;<\/p>\n<div id=\"attachment_5444\" class=\"wp-caption alignnone\" style=\"width: 2047px\"><a href=\"https:\/\/www.futbox.com\/blog\/wp-content\/uploads\/2013\/07\/socrates.png\"><img loading=\"lazy\" decoding=\"async\" class=\"wp-image-5444 size-full colorbox-1744\" title=\"S\u00f3crates e o logo &quot;Democracia Corinthiana&quot;. (ilustra\u00e7\u00e3o Futbox)\" src=\"https:\/\/www.futbox.com\/blog\/wp-content\/uploads\/2013\/07\/socrates.png\" alt=\"S\u00f3crates e o logo &quot;Democracia Corinthiana&quot;. (ilustra\u00e7\u00e3o Futbox)\" width=\"2047\" height=\"1368\" srcset=\"https:\/\/www.futbox.com\/blog\/wp-content\/uploads\/2013\/07\/socrates.png 2047w, https:\/\/www.futbox.com\/blog\/wp-content\/uploads\/2013\/07\/socrates-300x200.png 300w, https:\/\/www.futbox.com\/blog\/wp-content\/uploads\/2013\/07\/socrates-1024x684.png 1024w, https:\/\/www.futbox.com\/blog\/wp-content\/uploads\/2013\/07\/socrates-620x414.png 620w\" sizes=\"auto, (max-width: 2047px) 100vw, 2047px\" \/><\/a><p class=\"wp-caption-text\">S\u00f3crates e o logo &#8220;Democracia Corinthiana&#8221;. (ilustra\u00e7\u00e3o Futbox)<\/p><\/div>\n<p>&nbsp;<\/p>\n<div id=\"attachment_5461\" class=\"wp-caption aligncenter\" style=\"width: 970px\"><a href=\"https:\/\/www.futbox.com\/blog\/wp-content\/uploads\/2017\/05\/Democracia-Corinthiana.jpg\"><img loading=\"lazy\" decoding=\"async\" class=\"wp-image-5461 size-full colorbox-1744\" title=\"15 de novembro de 1982: camisa do Tim\u00e3o &quot;Dia 15 Vote&quot;.\" src=\"https:\/\/www.futbox.com\/blog\/wp-content\/uploads\/2017\/05\/Democracia-Corinthiana.jpg\" alt=\"15 de novembro de 1982: camisa do Tim\u00e3o &quot;Dia 15 Vote&quot;.\" width=\"970\" height=\"600\" srcset=\"https:\/\/www.futbox.com\/blog\/wp-content\/uploads\/2017\/05\/Democracia-Corinthiana.jpg 970w, https:\/\/www.futbox.com\/blog\/wp-content\/uploads\/2017\/05\/Democracia-Corinthiana-300x185.jpg 300w, https:\/\/www.futbox.com\/blog\/wp-content\/uploads\/2017\/05\/Democracia-Corinthiana-620x383.jpg 620w\" sizes=\"auto, (max-width: 970px) 100vw, 970px\" \/><\/a><p class=\"wp-caption-text\">15 de novembro de 1982: camisa do Tim\u00e3o &#8220;Dia 15 Vote&#8221;.<\/p><\/div>\n<p>&nbsp;<\/p>\n<h3 style=\"text-align: left;\">Resist\u00eancia Uruguaia<\/h3>\n<p>&nbsp;<\/p>\n<p style=\"text-align: left;\">No Uruguai, o <a title=\"Defensor Sporting Club\" href=\"http:\/\/www.futbox.com\/defensor\" target=\"_blank\" rel=\"noopener noreferrer\">Defensor Sporting Club<\/a> foi um s\u00edmbolo da resist\u00eancia \u00e0 ditadura. Em 1976, Jos\u00e9 Ricardo De Le\u00f3n estava no comando t\u00e9cnico do clube. Dois anos antes, foi preterido como t\u00e9cnico da sele\u00e7\u00e3o por ser considerado um homem de esquerda. Seu irm\u00e3o estava preso, assim como familiares de muitos outros jogadores que faziam parte da equipe.<\/p>\n<p style=\"text-align: left;\"><strong>Ir aos jogos do Defensor era tamb\u00e9m uma forma de contesta\u00e7\u00e3o.<\/strong> No final da temporada, o clube foi campe\u00e3o uruguaio, colocando fim \u00e0 hegemonia de 44 anos da dupla <a title=\"Pe\u00f1arol\" href=\"http:\/\/www.futbox.com\/pt\/Penarol#!uniformes\" target=\"_blank\" rel=\"noopener noreferrer\">Pe\u00f1arol<\/a> e <a title=\"Nacional\" href=\"http:\/\/www.futbox.com\/pt\/Nacional#!uniformes\" target=\"_blank\" rel=\"noopener noreferrer\">Nacional<\/a>. Na comemora\u00e7\u00e3o, o time deu a volta ol\u00edmpica ao contr\u00e1rio, da esquerda para a direita, por decis\u00e3o dos jogadores que encontravam ali um meio de express\u00e3o de liberdade.<\/p>\n<p>&nbsp;<\/p>\n<div id=\"attachment_4566\" class=\"wp-caption aligncenter\" style=\"width: 500px\"><a href=\"https:\/\/www.futbox.com\/blog\/wp-content\/uploads\/2016\/01\/8-defensor-color.png\"><img loading=\"lazy\" decoding=\"async\" class=\"wp-image-4566 size-full colorbox-1744\" title=\"Defensor SC (La Violeta), campe\u00e3o uruguaio de 1976.\" src=\"https:\/\/www.futbox.com\/blog\/wp-content\/uploads\/2016\/01\/8-defensor-color.png\" alt=\"Defensor SC\" width=\"500\" height=\"339\" srcset=\"https:\/\/www.futbox.com\/blog\/wp-content\/uploads\/2016\/01\/8-defensor-color.png 500w, https:\/\/www.futbox.com\/blog\/wp-content\/uploads\/2016\/01\/8-defensor-color-300x203.png 300w\" sizes=\"auto, (max-width: 500px) 100vw, 500px\" \/><\/a><p class=\"wp-caption-text\">Defensor SC (La Violeta), campe\u00e3o uruguaio de 1976.<\/p><\/div>\n<p>&nbsp;<\/p>\n<h3 style=\"text-align: left;\">Desafiando Hitler<\/h3>\n<p>&nbsp;<\/p>\n<p style=\"text-align: left;\">N\u00e3o podia ficar de fora dessa lista o FC Start. Em 1941, a cidade de Kiev, na Ucr\u00e2nia, foi ocupada por tropas nazistas. Nikolai Trusevich foi goleiro do D\u00ednamo de Kiev e, ap\u00f3s ser libertado do Campo Darnitsa, local transit\u00f3rio para prisioneiros de guerra, conseguiu emprego na padaria de Josef Kordik, torcedor fan\u00e1tico do antigo clube.<\/p>\n<p>N\u00e3o demorou para que patr\u00e3o e empregado se juntassem em uma nova empreitada: Trusevich foi atr\u00e1s de seus antigos companheiros e convenceu um a um de trabalhar na padaria. O goleiro reuniu sete jogadores do Dinamo de Kiev e tr\u00eas do Lokomotiv de Kiev.<\/p>\n<p>Nascia em 1942 o <a title=\"FC Start\" href=\"https:\/\/sites.duke.edu\/wcwp\/2016\/04\/25\/defiance\/#_ftnref1\" target=\"_blank\" rel=\"noopener noreferrer\">FC Start<\/a>, com camisa vermelha e short branco. O clube realizou sete amistosos, com 100% de aproveitamento. A cada jogo, a torcida aumentava. <strong>Os nazistas, preocupados com o sucesso do novo clube, marcaram um amistoso contra o Flakelf, equipe da for\u00e7a a\u00e9rea alem\u00e3 que era usada como instrumento de propaganda de Hitler.<\/strong><\/p>\n<p>O FC Start n\u00e3o deu chances e goleou mais uma vez: 5&#215;1. Hitler, obcecado em mostrar a &#8220;superioridade&#8221; ariana, marcou a revanche. O jogo teve cen\u00e1rio de guerra, com muitos soldados dentro e fora do est\u00e1dio. Trusevich e seus companheiros sa\u00edram vitoriosos no 1\u00ba tempo, mas no intervalo, os nazistas amea\u00e7aram os ucranianos de morte caso n\u00e3o entregassem a partida. <strong>Apesar da intimida\u00e7\u00e3o, o FC Start venceu por 5&#215;3. Muitos jogadores foram torturados, outros foram mortos (inclusive, o padeiro). Trusevich antes de ser fuzilado, teria gritado: &#8220;o time de vermelho nunca vai morrer&#8221;.<\/strong><\/p>\n<p>&nbsp;<\/p>\n<div id=\"attachment_5467\" class=\"wp-caption aligncenter\" style=\"width: 927px\"><a href=\"https:\/\/www.futbox.com\/blog\/wp-content\/uploads\/2017\/05\/fc-start-les-joueurs.png\"><img loading=\"lazy\" decoding=\"async\" class=\"wp-image-5467 size-full colorbox-1744\" title=\"Jogadores do FC Start.\" src=\"https:\/\/www.futbox.com\/blog\/wp-content\/uploads\/2017\/05\/fc-start-les-joueurs.png\" alt=\"Jogadores do FC Start.\" width=\"927\" height=\"597\" srcset=\"https:\/\/www.futbox.com\/blog\/wp-content\/uploads\/2017\/05\/fc-start-les-joueurs.png 927w, https:\/\/www.futbox.com\/blog\/wp-content\/uploads\/2017\/05\/fc-start-les-joueurs-300x193.png 300w, https:\/\/www.futbox.com\/blog\/wp-content\/uploads\/2017\/05\/fc-start-les-joueurs-620x399.png 620w\" sizes=\"auto, (max-width: 927px) 100vw, 927px\" \/><\/a><p class=\"wp-caption-text\">Jogadores do FC Start.<\/p><\/div>\n<p>&nbsp;<\/p>\n<h3>Pel\u00e9 e Sylvester Stallone<\/h3>\n<p>&nbsp;<\/p>\n<p>A hist\u00f3ria virou tema de filmes como &#8220;Escape to Victory&#8221; (Fuga para a Vit\u00f3ria) de 1981, com dire\u00e7\u00e3o de John Huston. <strong>No elenco astros do campo e das telas como Pel\u00e9, Osvaldo Ardiles, Bobby Moore, Sylvester Stallone (goleiro, vejam s\u00f3) e Michael Caine.<\/strong> Outro filme, esse bem mais pol\u00eamico, foi o ucraniano &#8220;Mat4&#8221; ou &#8220;Death Macth&#8221; (Jogo da Morte) que foi retirado do ar em 2012 \u00e0s v\u00e9speras da Eurocopa.<\/p>\n<p><em>(<a href=\"http:\/\/www.bbc.com\/news\/av\/world-europe-17674222\/death-match-movie-delayed-ahead-of-euro-2012\" target=\"_blank\" rel=\"noopener\">Mat\u00e9rida da BBC sobre o filme &#8220;Mat4&#8221;<\/a>).<\/em><\/p>\n<p>&nbsp;<\/p>\n<div id=\"attachment_5437\" class=\"wp-caption aligncenter\" style=\"width: 1024px\"><a href=\"https:\/\/www.futbox.com\/blog\/wp-content\/uploads\/2013\/07\/fuga-para-a-vitoria-filme.jpg\"><img loading=\"lazy\" decoding=\"async\" class=\"wp-image-5437 size-full colorbox-1744\" title=\"Elenco de &quot;Victory&quot; (Fuga para a Vit\u00f3ria).\" src=\"https:\/\/www.futbox.com\/blog\/wp-content\/uploads\/2013\/07\/fuga-para-a-vitoria-filme.jpg\" alt=\"fuga para a vitoria filme\" width=\"1024\" height=\"768\" srcset=\"https:\/\/www.futbox.com\/blog\/wp-content\/uploads\/2013\/07\/fuga-para-a-vitoria-filme.jpg 1024w, https:\/\/www.futbox.com\/blog\/wp-content\/uploads\/2013\/07\/fuga-para-a-vitoria-filme-300x225.jpg 300w, https:\/\/www.futbox.com\/blog\/wp-content\/uploads\/2013\/07\/fuga-para-a-vitoria-filme-620x465.jpg 620w\" sizes=\"auto, (max-width: 1024px) 100vw, 1024px\" \/><\/a><p class=\"wp-caption-text\">Elenco de &#8220;Victory&#8221; (Fuga para a Vit\u00f3ria).<\/p><\/div>\n<p>&nbsp;<\/p>\n<p style=\"text-align: left;\"><strong>A paix\u00e3o pelo futebol foi sempre motivo de muita aten\u00e7\u00e3o e porque n\u00e3o, preocupa\u00e7\u00e3o, por parte dos pol\u00edticos. Basta acessar o site da FIFA e constatar que n\u00e3o h\u00e1 nenhuma men\u00e7\u00e3o \u00e0 Copa de Oro de 1980-81, ou Mundialito.<\/strong> Uma competi\u00e7\u00e3o promovida pelo governo militar do Uruguai, durante um per\u00edodo terr\u00edvel para a popula\u00e7\u00e3o do pa\u00eds, mas mesmo assim, contou com o aval da entidade.<\/p>\n<p>Hoje o MUndialito \u00e9 motivo de constrangimento para os cartolas da FIFA, entretanto, faz parte da hist\u00f3ria do futebol e \u00e9 motivo de orgulho para o torcedor uruguaio.<\/p>\n<p><em>(<a href=\"http:\/\/blog.futbox.com\/campeonatos\/mundialito-a-copa-que-a-fifa-escondeu\" target=\"_blank\" rel=\"noopener\">Confira a mat\u00e9ria completa sobre o &#8220;Mundialito, a Copa que a FIFA escondeu&#8221;<\/a>).<\/em><\/p>\n<p>&nbsp;<\/p>\n<h3>Abaixo quatro preciosidades sobre cinema, futebol e pol\u00edtica:<\/h3>\n<p>&nbsp;<\/p>\n<p>\u2022 Document\u00e1rio &#8220;Ser Campe\u00e3o \u00e9 Detalhe: Democracia Corinthiana&#8221;, de 2011. Dire\u00e7\u00e3o\u00a0de Gustavo Forti Le\u00e3o e Caetano Biasi:<\/p>\n<p><iframe loading=\"lazy\" src=\"https:\/\/www.youtube.com\/embed\/MNyRGt95cWw\" width=\"560\" height=\"315\" frameborder=\"0\" allowfullscreen=\"allowfullscreen\"><\/iframe><\/p>\n<p>&nbsp;<\/p>\n<p>\u2022 &#8220;Democracia em Preto e Branco&#8221;, de 2014. Dire\u00e7\u00e3o de Pedro Asbeg. Assista ao document\u00e1rio completo:<\/p>\n<p><iframe loading=\"lazy\" src=\"https:\/\/www.youtube.com\/embed\/QvXnkTRB8Tg\" width=\"560\" height=\"315\" frameborder=\"0\" allowfullscreen=\"allowfullscreen\"><\/iframe><\/p>\n<p>&nbsp;<\/p>\n<p>\u2022 &#8220;Victory&#8221; (Fuga para a Vit\u00f3ria), de 1980. Dire\u00e7\u00e3o de John Huston. Com Pel\u00e9, Sylvester Stallone, Michael Caine, Bobby Moore, Osvaldo Ardiles. Trailler legendado em portugu\u00eas:<\/p>\n<p><iframe loading=\"lazy\" title=\"YouTube video player\" src=\"https:\/\/www.youtube.com\/embed\/uJGBUZ1DZSk?si=6aVp7ljWIhf09IY4\" width=\"560\" height=\"315\" frameborder=\"0\" allowfullscreen=\"allowfullscreen\"><\/iframe><\/p>\n<p>&nbsp;<\/p>\n<p>\u2022 Filme &#8220;Mat4&#8221;, de 2012. Dire\u00e7\u00e3o de Andrej Malyukov. Na \u00edntegra, finalmente legendado:<\/p>\n<p><iframe loading=\"lazy\" src=\"https:\/\/www.youtube.com\/embed\/8LR2HFhBoTI\" width=\"560\" height=\"315\" frameborder=\"0\" allowfullscreen=\"allowfullscreen\"><\/iframe><\/p>\n<p>&nbsp;<\/p>\n<p>&nbsp;<\/p>\n<p><strong>Fontes:<\/strong><\/p>\n<p>\u2022 Futbox.com<br \/>\n\u2022 Getty Imagens<br \/>\n\u2022 BBC<br \/>\n\u2022 Nostalgia FC<br \/>\n\u2022 UOL Esporte<\/p>\n<p>&nbsp;<\/p>\n<div id=\"divSpdInText\">\n<div data-scaffold-immersive-reader-content=\"\">\n<div class=\"reader-article-content reader-article-content--content-blocks\" dir=\"ltr\">\n<div id=\"attachment_11607\" class=\"wp-caption aligncenter\"><\/div>\n<\/div>\n<\/div>\n<\/div>\n<div id=\"divSpdInText\">\n<div id=\"divSpdInText\">\n<div id=\"divSpdInText\">\n<div id=\"divSpdInText\">\n<h3>Veja tamb\u00e9m:<\/h3>\n<p>&nbsp;<\/p>\n<\/div>\n<p>&nbsp;<\/p>\n<p><a href=\"https:\/\/www.futbox.com\/blog\/clubes\/o-paradoxo-de-1987\" target=\"_blank\" rel=\"noopener\">O Paradoxo de 1987<\/a><\/p>\n<p><a href=\"https:\/\/www.futbox.com\/blog\/fora-das-4-linhas\/laboratory-rats\" target=\"_blank\" rel=\"noopener\">Laboratoty RATS<\/a><\/p>\n<p><a href=\"https:\/\/www.futbox.com\/blog\/clubes\/intercontinental-cup\" target=\"_blank\" rel=\"noopener\">INTERCOLONIAL Cup<\/a><\/p>\n<\/div>\n<\/div>\n<\/div>\n<p><a href=\"https:\/\/www.futbox.com\/blog\/clubes\/rapido-e-rasteiro-como-diniz-no-cruzeiro\" target=\"_blank\" rel=\"noopener\">R\u00e1pido e Rasteiro como Diniz no Cruzeiro<\/a><\/p>\n<p><a href=\"https:\/\/www.futbox.com\/blog\/futebol-outros\/vitoria-uma-cronica-sobre-o-futebol-de-varzea\" target=\"_blank\" rel=\"noopener\">Vit\u00f3ria. Uma cr\u00f4nica sobre o futebol de v\u00e1rzea<\/a><\/p>\n<p><a href=\"https:\/\/www.futbox.com\/blog\/futebol-outros\/a-desconstrucao-estetica-e-tatica-do-futebol-brasileiro\" target=\"_blank\" rel=\"noopener\">A desconstru\u00e7\u00e3o est\u00e9tica e t\u00e1tica do futebol brasileiro<\/a><\/p>\n<div id=\"divSpdInText\">\n<div id=\"divSpdInText\">\n<p><a href=\"https:\/\/www.futbox.com\/blog\/futebol-outros\/o-uniforme-da-selecao-brasileira-precisa-ser-do-tamanho-do-brasil-no-futebol\" target=\"_blank\" rel=\"noopener\">O uniforme da sele\u00e7\u00e3o brasileira precisa ser do tamanho do Brasil no futebol<\/a><\/p>\n<div id=\"divSpdInText\">\n<div id=\"divSpdInText\">\n<div data-scaffold-immersive-reader-content=\"\">\n<div class=\"reader-article-content reader-article-content--content-blocks\" dir=\"ltr\">\n<p id=\"ember407\" class=\"ember-view reader-content-blocks__paragraph\"><a href=\"https:\/\/www.futbox.com\/blog\/futebol-outros\/var-a-inovacao-nao-esta-na-tecnologia-mas-sim-no-comportamento\" target=\"_blank\" rel=\"noopener\">VAR: a inova\u00e7\u00e3o n\u00e3o est\u00e1 na tecnologia, mas sim, no comportamento<\/a><\/p>\n<p id=\"ember408\" class=\"ember-view reader-content-blocks__paragraph\"><a href=\"https:\/\/www.futbox.com\/blog\/futebol-outros\/cinema-streaming-jornalismo-e-a-inversao-total-de-sentido\" target=\"_blank\" rel=\"noopener\">Cinema, Streaming, Jornalismo e a invers\u00e3o total de sentido<\/a><\/p>\n<p id=\"ember409\" class=\"ember-view reader-content-blocks__paragraph\"><a href=\"https:\/\/www.linkedin.com\/pulse\/paradoxo-contempor%25C3%25A2neo-adriano-%25C3%25A1vila-alamy\/?trackingId=vDYq4zqDQpW9gjA251J3qw%3D%3D\" target=\"_blank\" rel=\"noopener\">Paradoxo Contempor\u00e2neo<\/a><\/p>\n<p><a href=\"https:\/\/www.futbox.com\/blog\/fora-das-4-linhas\/a-selecao-que-incomoda\" target=\"_blank\" rel=\"noopener\">A sele\u00e7\u00e3o que incomoda<\/a><\/p>\n<p><a href=\"https:\/\/www.futbox.com\/blog\/fora-das-4-linhas\/perna-curta\" target=\"_blank\" rel=\"noopener\">Perna Curta<\/a><\/p>\n<p><a href=\"https:\/\/www.futbox.com\/blog\/fora-das-4-linhas\/tempo\" target=\"_blank\" rel=\"noopener\">Tempo<\/a><\/p>\n<\/div>\n<\/div>\n<p><a href=\"https:\/\/www.futbox.com\/blog\/futebol-outros\/ha-8-anos-acontecia-uma-partida-historica-de-futebol-na-palestina-equipes-de-gaza-e-cisjordania-se-encontravam-apos-15-anos-do-bloqueio-imposto-por-israel#google_vignette\" target=\"_blank\" rel=\"noopener\">H\u00e1 8 anos acontecia uma partida hist\u00f3rica de futebol na Palestina: equipes de Gaza e Cisjord\u00e2nia se encontravam ap\u00f3s 15 anos do bloqueio imposto por Israel<\/a><\/p>\n<p><a href=\"https:\/\/www.futbox.com\/blog\/clubes\/guia-do-mundo-arabe-fc-os-significados-dos-nomes-de-250-clubes-de-23-paises\" target=\"_blank\" rel=\"noopener\">Guia do Mundo \u00c1rabe FC: Os significados dos nomes de 250 clubes de 23 pa\u00edses<\/a><\/p>\n<p><a href=\"https:\/\/www.futbox.com\/blog\/opiniao\/futebol-e-politica\" target=\"_blank\" rel=\"noopener\">Pol\u00edtica FC: Futebol, Cinema e Hist\u00f3ria\u00a0<\/a><\/p>\n<p><a href=\"https:\/\/www.futbox.com\/blog\/fora-das-4-linhas\/para-mulheres-jogar-futebol-ja-foi-caso-de-policia-durante-a-ditadura\" target=\"_blank\" rel=\"noopener\">Para mulheres, jogar futebol j\u00e1 foi caso de pol\u00edcia durante a ditadura<\/a><\/p>\n<p><a href=\"https:\/\/www.futbox.com\/blog\/fora-das-4-linhas\/honduras-contra-el-salvador-a-partida-de-futebol-que-iniciou-uma-guerra\" target=\"_blank\" rel=\"noopener\">Honduras contra El Salvador: A partida de futebol que iniciou uma guerra<\/a><\/p>\n<p><a href=\"https:\/\/www.futbox.com\/blog\/campeonatos\/mundialito-a-copa-que-a-fifa-escondeu\" target=\"_blank\" rel=\"noopener\">Mundialito: a Copa que a Fifa escondeu<\/a><\/p>\n<p><a href=\"https:\/\/www.futbox.com\/blog\/futebol-outros\/fatos-historicos-e-reconhecimentos\" target=\"_blank\" rel=\"noopener\">Fatos Hist\u00f3ricos e Reconhecimentos<\/a><\/p>\n<p><a href=\"https:\/\/www.futbox.com\/blog\/campeonatos\/a-historia-do-campeonato-brasileiro\" target=\"_blank\" rel=\"noopener\">A hist\u00f3ria do Campeonato Brasileiro<\/a><\/p>\n<p><a href=\"https:\/\/www.futbox.com\/blog\/campeonatos\/campeonato-brasileiro-nomenclatura-e-significado-historico\" target=\"_blank\" rel=\"noopener\">Campeonato Brasileiro: nomenclatura e significado hist\u00f3rico<\/a><\/p>\n<p><a href=\"http:\/\/bit.ly\/Futbox3TS\" target=\"_blank\" rel=\"noopener\">Metodologia dos 3Ts: Tradi\u00e7\u00e3o, Torcida e Trof\u00e9us<\/a><\/p>\n<p><a href=\"https:\/\/www.futbox.com\/blog\/opiniao\/10-novas-regras-para-o-futebol\" target=\"_blank\" rel=\"noopener\">10 Novas Regras para o Futebol<\/a><\/p>\n<p><a href=\"https:\/\/www.futbox.com\/blog\/opiniao\/novas-demarcacoes-campo-de-futebol\" target=\"_blank\" rel=\"noopener\">As Novas Demarca\u00e7\u00f5es do Campo de Futebol<\/a><\/p>\n<p><a href=\"https:\/\/www.futbox.com\/blog\/clubes\/novo-calendario-do-futebol-brasileiro-a-partir-da-temporada-2023-24\" target=\"_blank\" rel=\"noopener\">O Novo Calend\u00e1rio do Futebol Brasileiro<\/a><\/p>\n<p>&nbsp;<\/p>\n<div data-scaffold-immersive-reader-content=\"\">\n<div class=\"reader-article-content reader-article-content--content-blocks\" dir=\"ltr\"><\/div>\n<\/div>\n<div id=\"divSpdInText\">\n<div id=\"divSpdInText\">\n<div class=\"reader-article-content reader-article-content--content-blocks\" dir=\"ltr\">\n<div id=\"divSpdInText\">\n<div id=\"divSpdInText\">\n<div id=\"divSpdInText\">\n<h3>Podcast:<\/h3>\n<p>&nbsp;<\/p>\n<p><strong>Clique nas imagens abaixo<\/strong>\u00a0e confira os bate-papos no\u00a0<strong>Futeboteco (Tomando Uma Com)<\/strong>\u00a0e\u00a0<strong>Bora Pra Resenha Podcast<\/strong>\u00a0onde falamos sobre a revitaliza\u00e7\u00e3o das marcas dos clubes de futebol, sele\u00e7\u00e3o brasileira, calend\u00e1rio, VAR, regras atualizadas, as novas demarca\u00e7\u00f5es do campo e muitas outras curiosidades sobre a hist\u00f3ria do futebol brasileiro e mundial.<\/p>\n<p>&nbsp;<\/p>\n<h3>Futeboteco (Tomando Uma Com):<\/h3>\n<p>&nbsp;<\/p>\n<p><iframe loading=\"lazy\" title=\"YouTube video player\" src=\"https:\/\/www.youtube.com\/embed\/WzVxuF6ISYQ?si=V7wgmFQr_cLV1W-J&amp;start=474\" width=\"560\" height=\"315\" frameborder=\"0\" allowfullscreen=\"allowfullscreen\" data-mce-fragment=\"1\"><\/iframe><\/p>\n<p>&nbsp;<\/p>\n<h3>Bora Pra Resenha:<\/h3>\n<p>&nbsp;<\/p>\n<div id=\"attachment_11607\" class=\"wp-caption alignnone\">\n<div id=\"attachment_11607\" class=\"wp-caption alignnone\" style=\"width: 1920px\"><a href=\"https:\/\/www.youtube.com\/live\/cRa4qmL7bPc?si=cVg48ZR1I5yQkEf0&amp;t=200\" target=\"_blank\" rel=\"noopener\"><img loading=\"lazy\" decoding=\"async\" class=\"colorbox-11196 wp-image-11607 size-full\" title=\"Futbox no Bora Pra Resenha\" src=\"https:\/\/www.futbox.com\/blog\/wp-content\/uploads\/2023\/11\/Bora-pra-Resenha-Adr-Futbox-post.png\" sizes=\"auto, (max-width: 1920px) 100vw, 1920px\" srcset=\"https:\/\/www.futbox.com\/blog\/wp-content\/uploads\/2023\/11\/Bora-pra-Resenha-Adr-Futbox-post.png 1920w, https:\/\/www.futbox.com\/blog\/wp-content\/uploads\/2023\/11\/Bora-pra-Resenha-Adr-Futbox-post-300x300.png 300w, https:\/\/www.futbox.com\/blog\/wp-content\/uploads\/2023\/11\/Bora-pra-Resenha-Adr-Futbox-post-1024x1024.png 1024w, https:\/\/www.futbox.com\/blog\/wp-content\/uploads\/2023\/11\/Bora-pra-Resenha-Adr-Futbox-post-500x500.png 500w, https:\/\/www.futbox.com\/blog\/wp-content\/uploads\/2023\/11\/Bora-pra-Resenha-Adr-Futbox-post-768x768.png 768w, https:\/\/www.futbox.com\/blog\/wp-content\/uploads\/2023\/11\/Bora-pra-Resenha-Adr-Futbox-post-1536x1536.png 1536w, https:\/\/www.futbox.com\/blog\/wp-content\/uploads\/2023\/11\/Bora-pra-Resenha-Adr-Futbox-post-620x620.png 620w, https:\/\/www.futbox.com\/blog\/wp-content\/uploads\/2023\/11\/Bora-pra-Resenha-Adr-Futbox-post-70x70.png 70w\" alt=\"Futbox no Bora Pra Resenha\" width=\"1920\" height=\"1920\" \/><\/a><p class=\"wp-caption-text\">Futbox no Bora Pra Resenha<\/p><\/div>\n<p class=\"wp-caption-text\">\n<\/div>\n<\/div>\n<\/div>\n<\/div>\n<\/div>\n<div id=\"divSpdInText\">\n<div id=\"divSpdInText\">\n<p>&nbsp;<\/p>\n<\/div>\n<\/div>\n<h3>FUTBOX \u2013 Centro de Pesquisa Gr\u00e1fica Sobre Futebol:<\/h3>\n<p>&nbsp;<\/p>\n<\/div>\n<\/div>\n<p><a href=\"https:\/\/linktr.ee\/FUTBOX_Projects\" target=\"_blank\" rel=\"noopener\">Projetos desenvolvidos para clubes de futebol, marcas esportivas, empresas e festivais de cinema<\/a><\/p>\n<p><a href=\"https:\/\/linktr.ee\/futbox_\" target=\"_blank\" rel=\"noopener\">Canais e Redes Sociais<\/a><\/p>\n<p class=\"sc-hKgILt ilsgNQ\"><a href=\"https:\/\/linktr.ee\/adrianoavila\" target=\"_blank\" rel=\"noopener\">Artigos sobre futebol e esporte a partir do equil\u00edbrio entre tradi\u00e7\u00e3o e inova\u00e7\u00e3o<\/a><\/p>\n<p>&nbsp;<\/p>\n<\/div>\n<\/div>\n<\/div>\n<\/div>\n","protected":false},"excerpt":{"rendered":"<p>A import\u00e2ncia de inserirmos a pol\u00edtica em todos os setores da sociedade, principalmente no esporte, que possui uma fun\u00e7\u00e3o de inclus\u00e3o social fundamental na hist\u00f3ria da humanidade.<\/p>\n","protected":false},"author":8,"featured_media":12605,"comment_status":"open","ping_status":"closed","sticky":false,"template":"","format":"standard","meta":{"footnotes":""},"categories":[224],"tags":[931,636,930,630,595,628,633,631,238,639,221,596,219,222,632,220,629,624,640,638,635,205,625,637,391,303,466,634,539,641,626,627],"class_list":["post-1744","post","type-post","status-publish","format-standard","has-post-thumbnail","hentry","category-fora-das-4-linhas","tag-bem-amigos","tag-bobby-moore","tag-caio-ribeiro","tag-campeonato-paulista","tag-campeonato-uruguaio","tag-casagrande","tag-club-nacional-de-futbol","tag-copa-do-oro","tag-corinthians","tag-death-macth","tag-defensor","tag-defensor-sc","tag-democracia-corinthiana","tag-dinamo-de-kiev","tag-ditadura","tag-fc-start","tag-fiel","tag-hitler","tag-jogo-da-morte","tag-mat4","tag-michael-caine","tag-mundialito","tag-nazismo","tag-osvaldo-ardiles","tag-pele","tag-penarol","tag-socrates","tag-sylvester-stallone","tag-timao","tag-victory","tag-wladimir","tag-zenon"],"_links":{"self":[{"href":"https:\/\/www.futbox.com\/blog\/wp-json\/wp\/v2\/posts\/1744","targetHints":{"allow":["GET"]}}],"collection":[{"href":"https:\/\/www.futbox.com\/blog\/wp-json\/wp\/v2\/posts"}],"about":[{"href":"https:\/\/www.futbox.com\/blog\/wp-json\/wp\/v2\/types\/post"}],"author":[{"embeddable":true,"href":"https:\/\/www.futbox.com\/blog\/wp-json\/wp\/v2\/users\/8"}],"replies":[{"embeddable":true,"href":"https:\/\/www.futbox.com\/blog\/wp-json\/wp\/v2\/comments?post=1744"}],"version-history":[{"count":80,"href":"https:\/\/www.futbox.com\/blog\/wp-json\/wp\/v2\/posts\/1744\/revisions"}],"predecessor-version":[{"id":13715,"href":"https:\/\/www.futbox.com\/blog\/wp-json\/wp\/v2\/posts\/1744\/revisions\/13715"}],"wp:featuredmedia":[{"embeddable":true,"href":"https:\/\/www.futbox.com\/blog\/wp-json\/wp\/v2\/media\/12605"}],"wp:attachment":[{"href":"https:\/\/www.futbox.com\/blog\/wp-json\/wp\/v2\/media?parent=1744"}],"wp:term":[{"taxonomy":"category","embeddable":true,"href":"https:\/\/www.futbox.com\/blog\/wp-json\/wp\/v2\/categories?post=1744"},{"taxonomy":"post_tag","embeddable":true,"href":"https:\/\/www.futbox.com\/blog\/wp-json\/wp\/v2\/tags?post=1744"}],"curies":[{"name":"wp","href":"https:\/\/api.w.org\/{rel}","templated":true}]}}