{"id":1765,"date":"2013-07-03T12:16:15","date_gmt":"2013-07-03T15:16:15","guid":{"rendered":"http:\/\/blog.futbox.com\/?p=1765"},"modified":"2013-07-12T13:30:58","modified_gmt":"2013-07-12T16:30:58","slug":"tempo-de-ajustes","status":"publish","type":"post","link":"https:\/\/www.futbox.com\/blog\/clubes\/tempo-de-ajustes","title":{"rendered":"Tempo de ajustes"},"content":{"rendered":"<p>No dia 12 de junho, o Campeonato Brasileiro\u00a0foi paralisado para a disputa da <a href=\"http:\/\/www.futbox.com\/pt\/copas-das-confederacoes\/edicoes\/2013#!jogos\/1\">Copa das Confedera\u00e7\u00f5es<\/a>. Quase um m\u00eas depois, volta \u00e0 cena nesse final de semana. A intertemporada foi movimentada, com jogadores recuperados, lesionados, negociados, campe\u00f5es.<\/p>\n<p>O <a href=\"http:\/\/www.futbox.com\/pt\/clubes\/conmebol\/brasil\/gremio#!uniformes\">Gr\u00eamio<\/a>, confesso que n\u00e3o entendi, demitiu Luxemburgo e anunciou Renato Ga\u00facho a uma semana do rein\u00edcio do <a href=\"http:\/\/www.futbox.com\/pt\/brasileirao-2013#!classificacao\/tabela\/5\" target=\"_blank\">Brasileir\u00e3o<\/a>. O <a href=\"http:\/\/www.futbox.com\/pt\/clubes\/conmebol\/brasil\/atletico-mg#!uniformes\">Atl\u00e9tico-MG<\/a>, \u00fanico representante do pa\u00eds na Libertadores, treinou duro na Cidade do Galo, mas perdeu Leonardo Silva por les\u00e3o e vai com a zaga reserva para os dois jogos das semifinais, j\u00e1 que R\u00e9ver est\u00e1 suspenso.<\/p>\n<p>Para n\u00e3o prolongar demais, eis um resumo de como os clubes do G-4 se prepararam e voltam para a sequ\u00eancia do Brasileir\u00e3o.<\/p>\n<div id=\"attachment_1766\" class=\"wp-caption alignright\" style=\"width: 300px\"><a href=\"http:\/\/blog.futbox.com\/wp-content\/uploads\/2013\/07\/Screen-Shot-2013-07-03-at-12.07.06-PM.png\" target=\"_blank\"><img loading=\"lazy\" decoding=\"async\" class=\"size-medium wp-image-1766    colorbox-1765\" title=\"Brasileir\u00e3o 2013 \u00e9 no FUTBOX.com\" alt=\"Brasileir\u00e3o 2013 \u00e9 no FUTBOX.com\" src=\"http:\/\/blog.futbox.com\/wp-content\/uploads\/2013\/07\/Screen-Shot-2013-07-03-at-12.07.06-PM-300x183.png\" width=\"300\" height=\"183\" srcset=\"https:\/\/www.futbox.com\/blog\/wp-content\/uploads\/2013\/07\/Screen-Shot-2013-07-03-at-12.07.06-PM-300x183.png 300w, https:\/\/www.futbox.com\/blog\/wp-content\/uploads\/2013\/07\/Screen-Shot-2013-07-03-at-12.07.06-PM-620x378.png 620w, https:\/\/www.futbox.com\/blog\/wp-content\/uploads\/2013\/07\/Screen-Shot-2013-07-03-at-12.07.06-PM.png 914w\" sizes=\"auto, (max-width: 300px) 100vw, 300px\" \/><\/a><p class=\"wp-caption-text\">Brasileir\u00e3o 2013 \u00e9 no FUTBOX.com<\/p><\/div>\n<p><a href=\"http:\/\/www.futbox.com\/pt\/clubes\/conmebol\/brasil\/coritiba#!uniformes\">Coritiba<\/a>: Ap\u00f3s vencer o N\u00e1utico por 1&#215;0 no Couto Pereira, os jogadores folgaram por nove dias e seguiram para Foz do Igua\u00e7u. Depois de uma semana, voltaram para Curitiba, onde fazem a prepara\u00e7\u00e3o para o restante da temporada. Nesse per\u00edodo, jogaram dois amistosos: 1&#215;0, contra o Taubat\u00e9 e 2&#215;2, contra o Figueirense. O zagueiro Pereira deixou o clube, assim como os laterais Eltinho e Patric. Rafinha pode sair. Em compensa\u00e7\u00e3o, o lateral-esquerdo argentino Raul Ib\u00e9rbia, do Estudiantes, foi contratado.<\/p>\n<p><a href=\"http:\/\/www.futbox.com\/pt\/clubes\/conmebol\/brasil\/vitoria#!uniformes\">Vit\u00f3ria<\/a>: os jogadores em recupera\u00e7\u00e3o de les\u00e3o e em fase de recondicionamento f\u00edsico n\u00e3o tiveram folga. Ap\u00f3s uma semana, os demais se reapresentaram ao t\u00e9cnico Caio Junior, que comandou a intertemporada no CT Manoel Pontes Tanajura. No \u00faltimo s\u00e1bado, o clube venceu por 2&#215;0 um amistoso contra o Sergipe, em Carm\u00f3polis, a 47km de Aracaju. O lateral-direito Marcos foi emprestado ao Cear\u00e1. Daniel Borges, do Botafogo-SP, pode chegar para seu lugar. Pela esquerda, Jo\u00e3o Paulo do Mogi Mirim, pode ser o novo refor\u00e7o.<\/p>\n<p><a href=\"http:\/\/www.futbox.com\/pt\/clubes\/conmebol\/brasil\/botafogo#!uniformes\">Botafogo<\/a>: Jefferson e Lodeiro defenderam suas sele\u00e7\u00f5es na Copa das Confedera\u00e7\u00f5es. Insatisfeitos com atrasos nos pagamentos dos sal\u00e1rios, os demais jogadores se reuniram com a diretoria e foi cancelada a intertemporada em Pinheiral-RJ, que come\u00e7aria no dia 18 de junho. Dessa maneira, a prepara\u00e7\u00e3o foi em General Severiano e no Engenh\u00e3o. Antes de voltar a campo pelo Brasileir\u00e3o, o Botafogo joga hoje, em Volta Redonda, contra o Figueirense pela Copa do Brasil. Oswaldo Oliveira perdeu duas pe\u00e7as importantes para o restante da temporada: Fellype Gabriel e Andrezinho foram negociados para Emirados \u00c1rabes e China.<\/p>\n<p><a href=\"http:\/\/www.futbox.com\/pt\/clubes\/conmebol\/brasil\/fluminense#!uniformes\">Fluminense<\/a>: Pouco antes da paralisa\u00e7\u00e3o, Wellington Nem se transferiu para o futebol da Ucr\u00e2nia. Diego Cavalieri, Fred e Jean venceram a Copa das Confedera\u00e7\u00f5es pelo Brasil. Al\u00e9m dos convocados por Felip\u00e3o, alguns jogadores, entre eles Thiago Neves, ficaram no Brasil para tratar les\u00f5es e recuperar a forma f\u00edsica. O restante da delega\u00e7\u00e3o seguiu para Orlando, onde foram realizados tr\u00eas jogos-treino e um amistoso (vit\u00f3ria de 4&#215;3 sobre o Orlando City). Al\u00e9m da parte t\u00e9cnica, o Fluminense aproveitou a estadia nos Estados Unidos para realizar a a\u00e7\u00e3o de marketing \u201cTricolor em Toda Terra\u201d, com a presen\u00e7a de 50 torcedores vindo de todas as partes do pa\u00eds.<\/p>\n<p>An\u00e1lise: o Coritiba tem um bom time, mas com a poss\u00edvel venda de Rafinha, Alex pode ficar sobrecarregado. O elenco do Vit\u00f3ria \u00e9 limitado e o clube deve brigar no meio da tabela. Se n\u00e3o contratar, o Botafogo parece que vai repetir a sina dos \u00faltimos anos. Come\u00e7a bem, mas com a sa\u00edda de jogadores, perde o f\u00f4lego na reta final. O Fluminense mais uma vez \u00e9 um dos favoritos ao t\u00edtulo. A boa fase de Fred, a base de 2012 e o comando de Abel Braga podem ser decisivos.<\/p>\n","protected":false},"excerpt":{"rendered":"<p>Clubes voltam da intertemporada de olho nas primeiras posi\u00e7\u00f5es do Brasileir\u00e3o<\/p>\n","protected":false},"author":5,"featured_media":1846,"comment_status":"closed","ping_status":"open","sticky":false,"template":"","format":"standard","meta":{"footnotes":""},"categories":[12,2],"tags":[214,212,215,211,213],"class_list":["post-1765","post","type-post","status-publish","format-standard","has-post-thumbnail","hentry","category-campeonatos","category-clubes","tag-botafogo","tag-coritiba","tag-fluminense","tag-intertemporada","tag-vitoria"],"_links":{"self":[{"href":"https:\/\/www.futbox.com\/blog\/wp-json\/wp\/v2\/posts\/1765","targetHints":{"allow":["GET"]}}],"collection":[{"href":"https:\/\/www.futbox.com\/blog\/wp-json\/wp\/v2\/posts"}],"about":[{"href":"https:\/\/www.futbox.com\/blog\/wp-json\/wp\/v2\/types\/post"}],"author":[{"embeddable":true,"href":"https:\/\/www.futbox.com\/blog\/wp-json\/wp\/v2\/users\/5"}],"replies":[{"embeddable":true,"href":"https:\/\/www.futbox.com\/blog\/wp-json\/wp\/v2\/comments?post=1765"}],"version-history":[{"count":23,"href":"https:\/\/www.futbox.com\/blog\/wp-json\/wp\/v2\/posts\/1765\/revisions"}],"predecessor-version":[{"id":2154,"href":"https:\/\/www.futbox.com\/blog\/wp-json\/wp\/v2\/posts\/1765\/revisions\/2154"}],"wp:featuredmedia":[{"embeddable":true,"href":"https:\/\/www.futbox.com\/blog\/wp-json\/wp\/v2\/media\/1846"}],"wp:attachment":[{"href":"https:\/\/www.futbox.com\/blog\/wp-json\/wp\/v2\/media?parent=1765"}],"wp:term":[{"taxonomy":"category","embeddable":true,"href":"https:\/\/www.futbox.com\/blog\/wp-json\/wp\/v2\/categories?post=1765"},{"taxonomy":"post_tag","embeddable":true,"href":"https:\/\/www.futbox.com\/blog\/wp-json\/wp\/v2\/tags?post=1765"}],"curies":[{"name":"wp","href":"https:\/\/api.w.org\/{rel}","templated":true}]}}