{"id":2783,"date":"2013-09-25T12:15:01","date_gmt":"2013-09-25T15:15:01","guid":{"rendered":"http:\/\/blog.futbox.com\/?p=2783"},"modified":"2020-05-02T10:58:24","modified_gmt":"2020-05-02T13:58:24","slug":"jogadores-se-unem-e-eu-apoio","status":"publish","type":"post","link":"https:\/\/www.futbox.com\/blog\/parceiros\/jogadores-se-unem-e-eu-apoio","title":{"rendered":"Jogadores se unem e eu apoio"},"content":{"rendered":"<p>Voc\u00ea j\u00e1 imaginou o quanto voc\u00ea renderia mais no seu trabalho se tivesse melhores condi\u00e7\u00f5es?<br \/>\nSe fosse poss\u00edvel dormir sossegado e se tivesse todas as ferramentas necess\u00e1rias para produzir mais, sua vida profissional n\u00e3o poderia ser melhor?<br \/>\nN\u00e3o \u00e9 meio l\u00f3gico que trabalhando sem parar voc\u00ea perde a chance de se atualizar e corre mais riscos de ficar doente ou aborrecido?<br \/>\nEstou certo de que \u00e9 poss\u00edvel render\/produzir mais se n\u00e3o me sentir esfolado.<br \/>\nO movimento pela dignidade do calend\u00e1rio brasileiro deve ser visto com a mesma l\u00f3gica da usada na sua condi\u00e7\u00e3o de trabalho.<br \/>\n\u00c9 certo que mesmo submetidos a um calend\u00e1rio insens\u00edvel os times brasileiros ainda conquistam a Libertadores e d\u00e3o espa\u00e7o para jovens jogadores, mas a pergunta que me incomoda \u00e9: por quanto tempo? A que pre\u00e7o?<br \/>\nSe o calend\u00e1rio oferecesse qualidade de pr\u00e9-temporada o que nossos clubes poderiam fazer?<br \/>\nSe todos os jogadores conseguissem ter boas prepara\u00e7\u00f5es?<br \/>\nE se a todos os t\u00e9cnicos fosse dado o direito de concluirem seus planejamentos?<br \/>\nN\u00e3o seria interessante para os clubes se eles tivessem pr\u00e9-temporada nas mesmas datas dos gigantes europeus?<br \/>\nOs torneios de ver\u00e3o (ver\u00e3o europeu) n\u00e3o poderiam ter a participa\u00e7\u00e3o de brasileiros, argentinos, ingleses e por a\u00ed vai?<br \/>\nRepito o velho serm\u00e3o de muitos companheiros comentaristas: n\u00e3o sou contra os estaduais, mas \u00e9 preciso repensar o n\u00famero de datas destinadas a eles.<br \/>\nE o que falar sobre a CBF?<br \/>\n\u00c9 certo ver os clubes perdendo jogos importantes do <a href=\"http:\/\/www.futbox.com\/pt\/campeonatos#!brasileirao-serie-a\" target=\"_blank\" rel=\"noopener noreferrer\">Brasileiro <\/a>enquanto seus \u00eddolos est\u00e3o em amistosos pelo mundo?<br \/>\nSer\u00e1 mesmo imposs\u00edvel paralisar o campeonato brasileiro nas datas FIFA?<br \/>\nMas a CBF al\u00e9m de n\u00e3o parar o Brasileir\u00e3o ainda marca o Supercl\u00e1ssico&#8230;<br \/>\nOs atletas que tiveram a coragem de se manifestar n\u00e3o precisam da fama de revolucion\u00e1rios.<br \/>\nO que dizer a respeito de um Alex, um Paulo Andr\u00e9, de Diego Cavalieri, Victor, Ded\u00e9, J\u00e1dson, L\u00e9o Moura e tantos outros?<br \/>\nS\u00e3o jogadores campe\u00f5es do mundo como Rog\u00e9rio Ceni e Gilberto Silva.<br \/>\nJogadores com reputa\u00e7\u00e3o, com respeito.<br \/>\nSe eles pedem a palavra, eu quero ouvir.<br \/>\n\u00c9 chegada a hora de a CBF ceder, a televis\u00e3o ceder e de as federa\u00e7\u00f5es cederem<br \/>\nA quest\u00e3o ainda n\u00e3o \u00e9 de sobreviv\u00eancia do nosso futebol, mas sim pela possibilidade de um futebol bem melhor.<br \/>\nSe eles falam, eu respeito.<\/p>\n<p>Texto originalmente publicado em 24\/09\/13 no <a href=\"http:\/\/www.blogdomarra.com\/\" target=\"_blank\" rel=\"noopener noreferrer\">Blog do Marra<\/a> (veja aqui o <a href=\"http:\/\/www.blogdomarra.com\/jogadores-se-unem-e-eu-apoio\/\" target=\"_blank\" rel=\"noopener noreferrer\">post original<\/a>).<\/p>\n","protected":false},"excerpt":{"rendered":"<p>O movimento pela dignidade do calend\u00e1rio brasileiro deve ser visto com a mesma l\u00f3gica da usada na sua condi\u00e7\u00e3o de trabalho.<\/p>\n","protected":false},"author":10,"featured_media":2800,"comment_status":"closed","ping_status":"open","sticky":false,"template":"","format":"standard","meta":{"footnotes":""},"categories":[343],"tags":[316,362,363],"class_list":["post-2783","post","type-post","status-publish","format-standard","has-post-thumbnail","hentry","category-parceiros","tag-calendario","tag-cbf","tag-datas-fifa"],"_links":{"self":[{"href":"https:\/\/www.futbox.com\/blog\/wp-json\/wp\/v2\/posts\/2783","targetHints":{"allow":["GET"]}}],"collection":[{"href":"https:\/\/www.futbox.com\/blog\/wp-json\/wp\/v2\/posts"}],"about":[{"href":"https:\/\/www.futbox.com\/blog\/wp-json\/wp\/v2\/types\/post"}],"author":[{"embeddable":true,"href":"https:\/\/www.futbox.com\/blog\/wp-json\/wp\/v2\/users\/10"}],"replies":[{"embeddable":true,"href":"https:\/\/www.futbox.com\/blog\/wp-json\/wp\/v2\/comments?post=2783"}],"version-history":[{"count":15,"href":"https:\/\/www.futbox.com\/blog\/wp-json\/wp\/v2\/posts\/2783\/revisions"}],"predecessor-version":[{"id":7902,"href":"https:\/\/www.futbox.com\/blog\/wp-json\/wp\/v2\/posts\/2783\/revisions\/7902"}],"wp:featuredmedia":[{"embeddable":true,"href":"https:\/\/www.futbox.com\/blog\/wp-json\/wp\/v2\/media\/2800"}],"wp:attachment":[{"href":"https:\/\/www.futbox.com\/blog\/wp-json\/wp\/v2\/media?parent=2783"}],"wp:term":[{"taxonomy":"category","embeddable":true,"href":"https:\/\/www.futbox.com\/blog\/wp-json\/wp\/v2\/categories?post=2783"},{"taxonomy":"post_tag","embeddable":true,"href":"https:\/\/www.futbox.com\/blog\/wp-json\/wp\/v2\/tags?post=2783"}],"curies":[{"name":"wp","href":"https:\/\/api.w.org\/{rel}","templated":true}]}}