{"id":2992,"date":"2013-10-28T12:08:55","date_gmt":"2013-10-28T15:08:55","guid":{"rendered":"http:\/\/blog.futbox.com\/?p=2992"},"modified":"2013-11-01T10:51:26","modified_gmt":"2013-11-01T13:51:26","slug":"saudade","status":"publish","type":"post","link":"https:\/\/www.futbox.com\/blog\/opiniao\/saudade","title":{"rendered":"Saudade"},"content":{"rendered":"<p>Tenho saudade quando, no gol a gol, algu\u00e9m gritava: &#8220;Pegar de p\u00e9 \u00e9 dibra!&#8221;.<\/p>\n<p>Tenho saudade quando, na pelada, algu\u00e9m ia pro gol e berrava: &#8220;N\u00e3o vale bicudo!&#8221;.<\/p>\n<p>Tenho saudade quando, no cruzinho, um falava: &#8220;T\u00f4 no cruzo!&#8221;.<\/p>\n<p>Tenho saudade quando errava-se uma jogada e algu\u00e9m gritava: &#8220;\u00f4 pereba!&#8221;.<\/p>\n<p>Tenho saudade quando algu\u00e9m gritava: &#8220;Paulistinha, dentro!&#8221;.<\/p>\n<p>Tenho saudade quando, antes de ir para o trabalho, meu pai batia p\u00eanaltis para eu defender.<\/p>\n<p>Tenho saudade do tempo que n\u00e3o valia gol dentro da \u00e1rea no futebol de sal\u00e3o.<\/p>\n<p>Tenho saudade do gol de placa que fiz no Campeonato interno do Col\u00e9gio Santo Ant\u00f4nio em 1992.<\/p>\n<p>Tenho saudade do tempo em que as comemora\u00e7\u00f5es de gol n\u00e3o eram dancinhas.<\/p>\n<p>Tenho saudade quando o chute saia torto e algu\u00e9m se desculpava: &#8220;Foi de rosca!&#8221;.<\/p>\n<p>Tenho saudade das camisas sem patroc\u00ednios.<\/p>\n<p>Tenho saudade de quando meu pai me levantou na janela comemorando o gol de cobertura do \u00c9der contra a Esc\u00f3cia em 82.<\/p>\n<p>Tenho saudade de jogar &#8220;dibrinha&#8221; no alpendre da casa da minha v\u00f3.<\/p>\n<p>Tenho saudade do \u00e1lbum da Copa Uni\u00e3o de 87.<\/p>\n<p>Tenho saudade do tempo em que minha brincadeira preferida era &#8220;um no gol de dois times de dois&#8221;.<\/p>\n<p>Tenho saudade do kichute amarrado na canela.<\/p>\n<p>Tenho saudade das partidas de jogo de bot\u00e3o narradas por mim mesmo.<\/p>\n<p>Tenho saudade de quando a gente ouvia o hino nacional no futebol do video game e colocava a m\u00e3o no peito.<\/p>\n<p>Tenho tanta saudade, que \u00e9 melhor parar por aqui antes que eu inunde o teclado.<\/p>\n","protected":false},"excerpt":{"rendered":"<p>Tenho saudade quando, no gol a gol, algu\u00e9m gritava: &#8220;Pegar de p\u00e9 \u00e9 dibra!&#8221;.<\/p>\n","protected":false},"author":6,"featured_media":2993,"comment_status":"closed","ping_status":"open","sticky":false,"template":"","format":"standard","meta":{"footnotes":""},"categories":[223],"tags":[203,342,196,194,397],"class_list":["post-2992","post","type-post","status-publish","format-standard","has-post-thumbnail","hentry","category-opiniao","tag-cronica","tag-fidusi","tag-futbox","tag-futebol","tag-saudade"],"_links":{"self":[{"href":"https:\/\/www.futbox.com\/blog\/wp-json\/wp\/v2\/posts\/2992","targetHints":{"allow":["GET"]}}],"collection":[{"href":"https:\/\/www.futbox.com\/blog\/wp-json\/wp\/v2\/posts"}],"about":[{"href":"https:\/\/www.futbox.com\/blog\/wp-json\/wp\/v2\/types\/post"}],"author":[{"embeddable":true,"href":"https:\/\/www.futbox.com\/blog\/wp-json\/wp\/v2\/users\/6"}],"replies":[{"embeddable":true,"href":"https:\/\/www.futbox.com\/blog\/wp-json\/wp\/v2\/comments?post=2992"}],"version-history":[{"count":1,"href":"https:\/\/www.futbox.com\/blog\/wp-json\/wp\/v2\/posts\/2992\/revisions"}],"predecessor-version":[{"id":2994,"href":"https:\/\/www.futbox.com\/blog\/wp-json\/wp\/v2\/posts\/2992\/revisions\/2994"}],"wp:featuredmedia":[{"embeddable":true,"href":"https:\/\/www.futbox.com\/blog\/wp-json\/wp\/v2\/media\/2993"}],"wp:attachment":[{"href":"https:\/\/www.futbox.com\/blog\/wp-json\/wp\/v2\/media?parent=2992"}],"wp:term":[{"taxonomy":"category","embeddable":true,"href":"https:\/\/www.futbox.com\/blog\/wp-json\/wp\/v2\/categories?post=2992"},{"taxonomy":"post_tag","embeddable":true,"href":"https:\/\/www.futbox.com\/blog\/wp-json\/wp\/v2\/tags?post=2992"}],"curies":[{"name":"wp","href":"https:\/\/api.w.org\/{rel}","templated":true}]}}