{"id":3004,"date":"2013-11-29T10:05:09","date_gmt":"2013-11-29T13:05:09","guid":{"rendered":"http:\/\/blog.futbox.com\/?p=3004"},"modified":"2014-01-20T15:11:42","modified_gmt":"2014-01-20T18:11:42","slug":"os-jogadores-de-futebol-e-seus-cortes-de-cabelo-parte-5","status":"publish","type":"post","link":"https:\/\/www.futbox.com\/blog\/opiniao\/os-jogadores-de-futebol-e-seus-cortes-de-cabelo-parte-5","title":{"rendered":"Os jogadores de futebol e seus cortes de cabelo \u2013 parte 5"},"content":{"rendered":"<p>A s\u00e9rie chega ao fim. Mas n\u00e3o sem antes trazer os jogadores e seus visuais dos anos 90 at\u00e9 2003. Dif\u00edcil \u00e9 achar um padr\u00e3o de cortes e estilos de cabelos. Moicanos, tran\u00e7as, dreads: \u00e9 a era do vale-tudo (veja aqui o <a href=\"http:\/\/blog.futbox.com\/opiniao\/os-jogadores-de-futebol-e-seus-cortes-de-cabelo\" target=\"_blank\">1\u00ba<\/a>, <a href=\"http:\/\/blog.futbox.com\/opiniao\/os-jogadores-de-futebol-e-seus-cortes-de-cabelo-parte-2\" target=\"_blank\">2\u00ba<\/a>, <a href=\"http:\/\/blog.futbox.com\/opiniao\/os-jogadores-de-futebol-e-seus-cortes-de-cabelo-parte-3\" target=\"_blank\">3\u00ba<\/a> e <a href=\"http:\/\/blog.futbox.com\/opiniao\/os-jogadores-de-futebol-e-seus-cortes-de-cabelo-parte-4\" target=\"_blank\">4\u00ba<\/a> posts da s\u00e9rie).<\/p>\n<p>1994 \u2013 O atacante Jason Lee atuou por diversos clubes modestos da Inglaterra. Ao participar de um programa de TV, o jogador foi satirizado com o canto &#8220;He&#8217;s a got a pineapple, on his head, he&#8217;s got a pinnaple, on his head&#8221; (em portugu\u00eas, &#8220;ele tem um abacaxi na cabe\u00e7a, ele tem um abacaxi na cabe\u00e7a). Ningu\u00e9m mais o levava a s\u00e9rio e sua carreira entrou em decl\u00ednio.<\/p>\n<div id=\"attachment_3148\" class=\"wp-caption aligncenter\" style=\"width: 300px\"><a href=\"http:\/\/blog.futbox.com\/wp-content\/uploads\/2013\/10\/jason_lee.png\"><img loading=\"lazy\" decoding=\"async\" class=\"size-medium wp-image-3148  colorbox-3004\" alt=\"Jason Lee\" src=\"http:\/\/blog.futbox.com\/wp-content\/uploads\/2013\/10\/jason_lee-300x239.png\" width=\"300\" height=\"239\" srcset=\"https:\/\/www.futbox.com\/blog\/wp-content\/uploads\/2013\/10\/jason_lee-300x239.png 300w, https:\/\/www.futbox.com\/blog\/wp-content\/uploads\/2013\/10\/jason_lee-1024x816.png 1024w, https:\/\/www.futbox.com\/blog\/wp-content\/uploads\/2013\/10\/jason_lee-620x494.png 620w, https:\/\/www.futbox.com\/blog\/wp-content\/uploads\/2013\/10\/jason_lee.png 1350w\" sizes=\"auto, (max-width: 300px) 100vw, 300px\" \/><\/a><p class=\"wp-caption-text\">Jason Lee<\/p><\/div>\n<p>1996 \u2013 Dois \u00eddolos do futebol colombiano. Valderrama foi capit\u00e3o da sele\u00e7\u00e3o nas Copas de 90, 94 e 98 e se destacava por sua t\u00e9cnica refinada. Huguita foi o goleiro na Copa de 90 e era famoso por seu estilo arrojado dentro de campo que \u00e0s vezes interferia no resultado da partida: pr\u00f3, como a lend\u00e1ria defesa do escorpi\u00e3o em um amistoso contra a Inglaterra; ou contra, quando tentou sair jogando e perdeu a bola para Roger Milla que marcou o gol da classifica\u00e7\u00e3o de Camar\u00f5es para as quartas-de-final daquele Mundial. Ambos eram famosos tamb\u00e9m por suas vastas cabeleiras.<\/p>\n<div class=\"column-group columns-2\"><br \/>\n<div class=\"column column-number-1 column-span-1\"><\/p>\n<div id=\"attachment_3155\" class=\"wp-caption aligncenter\" style=\"width: 294px\"><a href=\"http:\/\/blog.futbox.com\/wp-content\/uploads\/2013\/11\/valderrama.png\"><img loading=\"lazy\" decoding=\"async\" class=\"size-medium wp-image-3155  colorbox-3004\" alt=\"Valderrama\" src=\"http:\/\/blog.futbox.com\/wp-content\/uploads\/2013\/11\/valderrama-294x300.png\" width=\"294\" height=\"300\" srcset=\"https:\/\/www.futbox.com\/blog\/wp-content\/uploads\/2013\/11\/valderrama-294x300.png 294w, https:\/\/www.futbox.com\/blog\/wp-content\/uploads\/2013\/11\/valderrama-1003x1024.png 1003w, https:\/\/www.futbox.com\/blog\/wp-content\/uploads\/2013\/11\/valderrama-620x632.png 620w, https:\/\/www.futbox.com\/blog\/wp-content\/uploads\/2013\/11\/valderrama-70x70.png 70w, https:\/\/www.futbox.com\/blog\/wp-content\/uploads\/2013\/11\/valderrama.png 1344w\" sizes=\"auto, (max-width: 294px) 100vw, 294px\" \/><\/a><p class=\"wp-caption-text\">Valderrama<\/p><\/div>\n<p>\n<\/div><br \/>\n<div class=\"column column-number-2 last column-span-1\"><\/p>\n<div id=\"attachment_3156\" class=\"wp-caption aligncenter\" style=\"width: 284px\"><a href=\"http:\/\/blog.futbox.com\/wp-content\/uploads\/2013\/11\/higuita.png\"><img loading=\"lazy\" decoding=\"async\" class=\"size-medium wp-image-3156  colorbox-3004\" alt=\"Higuita\" src=\"http:\/\/blog.futbox.com\/wp-content\/uploads\/2013\/11\/higuita-284x300.png\" width=\"284\" height=\"300\" srcset=\"https:\/\/www.futbox.com\/blog\/wp-content\/uploads\/2013\/11\/higuita-284x300.png 284w, https:\/\/www.futbox.com\/blog\/wp-content\/uploads\/2013\/11\/higuita-970x1024.png 970w, https:\/\/www.futbox.com\/blog\/wp-content\/uploads\/2013\/11\/higuita-620x653.png 620w, https:\/\/www.futbox.com\/blog\/wp-content\/uploads\/2013\/11\/higuita.png 1368w\" sizes=\"auto, (max-width: 284px) 100vw, 284px\" \/><\/a><p class=\"wp-caption-text\">Higuita<\/p><\/div>\n<p>\n<\/div><br \/>\n<\/div>\n<p>1998 \u2013 A Rom\u00eania classificou-se como l\u00edder do Grupo G na Copa de 98, \u00e0 frente, inclusive da Inglaterra. A empolga\u00e7\u00e3o era tanta que para a partida contra a Cro\u00e1cia pelas oitavas-de-final, todos os jogadores romenos entraram com os cabelos pintados de loiros. Mesmo com a derrota de 1&#215;0, a sele\u00e7\u00e3o romena entrou para a hist\u00f3ria dos mundiais.<\/p>\n<div id=\"attachment_3149\" class=\"wp-caption aligncenter\" style=\"width: 300px\"><a href=\"http:\/\/blog.futbox.com\/wp-content\/uploads\/2013\/11\/romenia.png\"><img loading=\"lazy\" decoding=\"async\" class=\"size-medium wp-image-3149  colorbox-3004\" alt=\"Rom\u00eania na Copa dos EUA\" src=\"http:\/\/blog.futbox.com\/wp-content\/uploads\/2013\/11\/romenia-300x167.png\" width=\"300\" height=\"167\" srcset=\"https:\/\/www.futbox.com\/blog\/wp-content\/uploads\/2013\/11\/romenia-300x167.png 300w, https:\/\/www.futbox.com\/blog\/wp-content\/uploads\/2013\/11\/romenia-1024x572.png 1024w, https:\/\/www.futbox.com\/blog\/wp-content\/uploads\/2013\/11\/romenia-620x346.png 620w, https:\/\/www.futbox.com\/blog\/wp-content\/uploads\/2013\/11\/romenia.png 1338w\" sizes=\"auto, (max-width: 300px) 100vw, 300px\" \/><\/a><p class=\"wp-caption-text\">Rom\u00eania na Copa da Fran\u00e7a<\/p><\/div>\n<p>2003 \u2013 David Beckham herdou o t\u00edtulo de George Best como o maior sex symbol do futebol. Durante sua carreira, o craque ingl\u00eas adotou diferentes visuais. Em 2003, apelou para um ousado moicano. Em 2013, ano em que pendurou as chuteiras, David Beckham foi eleito por uma pesquisa da marca de tinturas &#8220;Fudge&#8221; como o homem que tem o cabelo mais copiado do Reino Unido.<\/p>\n<div id=\"attachment_3150\" class=\"wp-caption aligncenter\" style=\"width: 199px\"><a href=\"http:\/\/blog.futbox.com\/wp-content\/uploads\/2013\/11\/beckham.png\"><img loading=\"lazy\" decoding=\"async\" class=\"size-medium wp-image-3150  colorbox-3004\" alt=\"David Beckham\" src=\"http:\/\/blog.futbox.com\/wp-content\/uploads\/2013\/11\/beckham-199x300.png\" width=\"199\" height=\"300\" srcset=\"https:\/\/www.futbox.com\/blog\/wp-content\/uploads\/2013\/11\/beckham-199x300.png 199w, https:\/\/www.futbox.com\/blog\/wp-content\/uploads\/2013\/11\/beckham-620x932.png 620w, https:\/\/www.futbox.com\/blog\/wp-content\/uploads\/2013\/11\/beckham.png 651w\" sizes=\"auto, (max-width: 199px) 100vw, 199px\" \/><\/a><p class=\"wp-caption-text\">David Beckham<\/p><\/div>\n<p>Ronaldo e seu corte &#8220;Casc\u00e3o&#8221; na Copa de 2002, F\u00e1bio Ferreira, Neymar: que outros jogadores brasileiros e estrangeiros mereciam entrar nessa seleta lista?<\/p>\n","protected":false},"excerpt":{"rendered":"<p>Lista foi inspirada no livro \u201cFootballers\u2019 Haircuts\u201d de Cris Freddi.<\/p>\n","protected":false},"author":5,"featured_media":3019,"comment_status":"closed","ping_status":"open","sticky":false,"template":"","format":"standard","meta":{"footnotes":""},"categories":[223],"tags":[401,398,403,399,400],"class_list":["post-3004","post","type-post","status-publish","format-standard","has-post-thumbnail","hentry","category-opiniao","tag-cabelos","tag-corte-de-cabelo","tag-david-beckham","tag-estilo","tag-visual"],"_links":{"self":[{"href":"https:\/\/www.futbox.com\/blog\/wp-json\/wp\/v2\/posts\/3004","targetHints":{"allow":["GET"]}}],"collection":[{"href":"https:\/\/www.futbox.com\/blog\/wp-json\/wp\/v2\/posts"}],"about":[{"href":"https:\/\/www.futbox.com\/blog\/wp-json\/wp\/v2\/types\/post"}],"author":[{"embeddable":true,"href":"https:\/\/www.futbox.com\/blog\/wp-json\/wp\/v2\/users\/5"}],"replies":[{"embeddable":true,"href":"https:\/\/www.futbox.com\/blog\/wp-json\/wp\/v2\/comments?post=3004"}],"version-history":[{"count":7,"href":"https:\/\/www.futbox.com\/blog\/wp-json\/wp\/v2\/posts\/3004\/revisions"}],"predecessor-version":[{"id":3308,"href":"https:\/\/www.futbox.com\/blog\/wp-json\/wp\/v2\/posts\/3004\/revisions\/3308"}],"wp:featuredmedia":[{"embeddable":true,"href":"https:\/\/www.futbox.com\/blog\/wp-json\/wp\/v2\/media\/3019"}],"wp:attachment":[{"href":"https:\/\/www.futbox.com\/blog\/wp-json\/wp\/v2\/media?parent=3004"}],"wp:term":[{"taxonomy":"category","embeddable":true,"href":"https:\/\/www.futbox.com\/blog\/wp-json\/wp\/v2\/categories?post=3004"},{"taxonomy":"post_tag","embeddable":true,"href":"https:\/\/www.futbox.com\/blog\/wp-json\/wp\/v2\/tags?post=3004"}],"curies":[{"name":"wp","href":"https:\/\/api.w.org\/{rel}","templated":true}]}}