{"id":3371,"date":"2014-01-29T10:11:59","date_gmt":"2014-01-29T13:11:59","guid":{"rendered":"http:\/\/blog.futbox.com\/?p=3371"},"modified":"2014-02-03T18:52:04","modified_gmt":"2014-02-03T21:52:04","slug":"movimento-por-um-futebol-melhor-os-socios-da-dupla-grenal","status":"publish","type":"post","link":"https:\/\/www.futbox.com\/blog\/clubes\/movimento-por-um-futebol-melhor-os-socios-da-dupla-grenal","title":{"rendered":"Movimento por um Futebol Melhor: os s\u00f3cios da dupla Grenal"},"content":{"rendered":"<p>O Blog do FUTBOX traz hoje uma an\u00e1lise dos programas de s\u00f3cios de <a href=\"http:\/\/www.futbox.com\/pt\/gremio#!uniformes\" target=\"_blank\">Gr\u00eamio<\/a> e <a href=\"http:\/\/www.futbox.com\/pt\/internacional#!uniformes\" target=\"_blank\">Internacional<\/a>. Falar do tema e n\u00e3o falar da dupla <a href=\"http:\/\/www.futbox.com\/pt\/derbies#!conmebol.brasil.gremio&amp;conmebol.brasil.internacional\" target=\"_blank\">Grenal<\/a> seria um pecado. Basta ver a lista dos clubes com mais s\u00f3cios do Brasil no <a href=\"http:\/\/www.futebolmelhor.com.br\/\" target=\"_blank\">site do &#8220;Movimento por um Futebol Melhor&#8221;.<\/a><\/p>\n<p>Conhe\u00e7a os principais programas de s\u00f3cios disponibilizados pelo Colorado e pelo Tricolor e conhe\u00e7a as vantagens de cada modalidade. \u00c9 v\u00e1lido lembrar que os s\u00f3cios dos grandes clubes do Brasil j\u00e1 t\u00eam direito a uma s\u00e9rie de descontos garantido pelo &#8220;Movimento por um Futebol Melhor&#8221;.<\/p>\n<p><strong>Internacional<\/strong><\/p>\n<p>Total de s\u00f3cios: 111.976<br \/>\n1\u00ba lugar no ranking &#8220;Movimento por um Futebol Melhor&#8221;<br \/>\n<em>* dados do site <a href=\"http:\/\/www.futebolmelhor.com.br\/\" target=\"_blank\">www.futebolmelhor.com.br <\/a>de 28\/01\/14.<\/em><\/p>\n<p>Fernando Carvalho, presidente do Internacional entre 2002 e 2006, foi um vision\u00e1rio no que refere-se aos programas de s\u00f3cios-torcedores no Brasil. No in\u00edcio de sua gest\u00e3o, j\u00e1 lan\u00e7ou as primeiras modalidades de s\u00f3cios. Em 2008, j\u00e1 na gest\u00e3o de Vittorio Piffero, o Colorado lotou o Beira-Rio na final da <a href=\"http:\/\/www.futbox.com\/pt\/campeonatos#!copa-sul-americana\/campeoes\" target=\"_blank\">Copa Sul-Americana<\/a> apenas com s\u00f3cios, algo in\u00e9dito no futebol brasileiro.<\/p>\n<div id=\"attachment_3375\" class=\"wp-caption aligncenter\" style=\"width: 580px\"><a href=\"http:\/\/blog.futbox.com\/wp-content\/uploads\/2014\/01\/int_2006_72839794.jpg\"><img loading=\"lazy\" decoding=\"async\" class=\"size-large wp-image-3375   colorbox-3371\" title=\"Movimento por um Futebol Melhor: Internacional\" alt=\"Internacional: torcedor acompanha o time no Jap\u00e3o. Um dos milhares de colorados espalhados pelo mundo\" src=\"http:\/\/blog.futbox.com\/wp-content\/uploads\/2014\/01\/int_2006_72839794-1024x682.jpg\" width=\"580\" height=\"386\" srcset=\"https:\/\/www.futbox.com\/blog\/wp-content\/uploads\/2014\/01\/int_2006_72839794-1024x682.jpg 1024w, https:\/\/www.futbox.com\/blog\/wp-content\/uploads\/2014\/01\/int_2006_72839794-300x200.jpg 300w, https:\/\/www.futbox.com\/blog\/wp-content\/uploads\/2014\/01\/int_2006_72839794-620x413.jpg 620w\" sizes=\"auto, (max-width: 580px) 100vw, 580px\" \/><\/a><p class=\"wp-caption-text\">Internacional: torcedor acompanha o time no Jap\u00e3o. Um dos milhares de colorados espalhados pelo mundo<\/p><\/div>\n<p>&nbsp;<\/p>\n<p>Uma das estrat\u00e9gias do clube \u00e9 alcan\u00e7ar a fam\u00edlia colorada. Para isso, criou a rela\u00e7\u00e3o titular-dependentes. Um pai, por exemplo, pode ter at\u00e9 quatro dependentes. Ou seja, uma fam\u00edlia inteira de s\u00f3cios: pai, m\u00e3e e tr\u00eas filhos. O pacote custa entre R$65 e R$85 mensais por pessoa com acesso garantido e ingressos gratuitos.<\/p>\n<p>O pre\u00e7o varia conforme a cidade do s\u00f3cio. Se ele mora num raio de 150km da capital ga\u00facha, paga R$85. Entre 151km e 300km, R$75. 301km a 450km, R$70. 451km ou mais, R$65. Uma maneira muito inteligente de conquistar o torcedor do interior.<\/p>\n<p>Para o colorado que reside fora do pa\u00eds, a op\u00e7\u00e3o mais indicada \u00e9 ser um S\u00f3cio Contribuinte Campe\u00e3o do Mundo. Com mensalidades que variam entre R$26 e R$35, esse torcedor tem prefer\u00eancia na compra de ingressos, direito a voto nas elei\u00e7\u00f5es para o Conselho Deliberativo e presid\u00eancia, recebimento de materiais promocionais, al\u00e9m de participar de sorteios e promo\u00e7\u00f5es entre s\u00f3cios.<\/p>\n<p>Atento ao futuro de sua torcida, o Inter criou ainda o S\u00f3cio Coloradinho para crian\u00e7as de at\u00e9 11 anos. Por R$5 mensais, esse torcedor-mirim pode participar de uma s\u00e9rie de a\u00e7\u00f5es desenvolvidas pelo clube. Al\u00e9m disso, somente os menores cadastrados t\u00eam acesso ao Beira-Rio em jogos de lota\u00e7\u00e3o m\u00e1xima.<\/p>\n<p>Pacote completo n\u00e3o \u00e9 mesmo? Al\u00e9m de largar na frente, o Inter tem programas espec\u00edficos para crian\u00e7as, fam\u00edlias, colorados do interior e exterior. Confira o <a href=\"http:\/\/www.internacional.com.br\/socios\/\" target=\"_blank\">site oficial<\/a> com mais informa\u00e7\u00f5es sobre essas e outras modalidades.<\/p>\n<p><strong>Gr\u00eamio<\/strong><\/p>\n<p>Total de s\u00f3cios: 74.636<br \/>\n2\u00ba lugar no ranking &#8220;Movimento por um Futebol Melhor&#8221;<br \/>\n<em>* dados do site <a href=\"http:\/\/www.futebolmelhor.com.br\/\" target=\"_blank\">www.futebolmelhor.com.br<\/a> de 28\/01\/14.<\/em><\/p>\n<p>Assim como seu arquirrival, o Gr\u00eamio tamb\u00e9m conta com um grande quadro de s\u00f3cios-torcedores, o 2\u00ba maior do Brasil. S\u00e3o 74 mil s\u00f3cios contra 55 mil espectadores da nova Arena do Gr\u00eamio.<\/p>\n<div id=\"attachment_3374\" class=\"wp-caption aligncenter\" style=\"width: 580px\"><a href=\"http:\/\/blog.futbox.com\/wp-content\/uploads\/2014\/01\/450229089.jpg\"><img loading=\"lazy\" decoding=\"async\" class=\"size-large wp-image-3374   colorbox-3371\" title=\"Movimento por um Futebol Melhor: Gr\u00eamio\" alt=\"N\u00famero de s\u00f3cios j\u00e1 \u00e9 maior que a capacidade da nova Arena do Gr\u00eamio\" src=\"http:\/\/blog.futbox.com\/wp-content\/uploads\/2014\/01\/450229089-1024x682.jpg\" width=\"580\" height=\"386\" srcset=\"https:\/\/www.futbox.com\/blog\/wp-content\/uploads\/2014\/01\/450229089-1024x682.jpg 1024w, https:\/\/www.futbox.com\/blog\/wp-content\/uploads\/2014\/01\/450229089-300x200.jpg 300w, https:\/\/www.futbox.com\/blog\/wp-content\/uploads\/2014\/01\/450229089-620x413.jpg 620w\" sizes=\"auto, (max-width: 580px) 100vw, 580px\" \/><\/a><p class=\"wp-caption-text\">N\u00famero de s\u00f3cios j\u00e1 \u00e9 maior que a capacidade da nova Arena do Gr\u00eamio<\/p><\/div>\n<p>&nbsp;<\/p>\n<p>S\u00e3o duas grandes modalidades, a \u00faltima delas lan\u00e7ada em janeiro de 2011: o S\u00f3cio-Torcedor Ouro, por R$26. Por um pouco mais caro, R$45, o clube oferece o S\u00f3cio-Torcedor Diamante.<\/p>\n<p>As categorias s\u00e3o bem semelhantes, nas quais o gremista conta com programa de fidelidade, descontos (varia conforme o plano) e prefer\u00eancia na compra de ingressos para jogos na Arena, descontos em lojas conveniadas do clube, direito a voto em elei\u00e7\u00f5es e participa\u00e7\u00e3o em promo\u00e7\u00f5es e sorteios.<\/p>\n<p>Uma outra op\u00e7\u00e3o para os torcedores do Gr\u00eamio \u00e9 se tornar um locat\u00e1rio de cadeira especial. Essa modalidade \u00e9 indicada para os gremistas que v\u00e3o muito ao est\u00e1dio e que n\u00e3o abrem m\u00e3o do conforto. O gremista pode optar em ser um locat\u00e1rio da &#8220;Cadeira Alta Central&#8221; \u2013 R$500 de ades\u00e3o + R$169 mensais \u2013 ou da &#8220;Cadeira Alta Corner&#8221; \u2013 R$ 1.000 de ades\u00e3o + R$ 120 mensais.<\/p>\n<p>Confira mais no <a href=\"http:\/\/www.gremio.net\/user\/NewPlan.aspx?language=0&amp;i=associe_se \" target=\"_blank\">site oficial do Gr\u00eamio<\/a>.<\/p>\n<p>Como voc\u00ea pode perceber, o Internacional oferece mais alternativas para o seu torcedor. A torcida do Gr\u00eamio comprova sua for\u00e7a e mostra pra diretoria que se investir mais em outras modalidades, rapidamente, passa da faixa dos 100 mil s\u00f3cios. Criatividade \u00e9 a chave do neg\u00f3cio!<\/p>\n","protected":false},"excerpt":{"rendered":"<p>Como Internacional e Gr\u00eamio chegaram ao topo da lista de s\u00f3cios do Movimento por um Futebol Melhor<\/p>\n","protected":false},"author":5,"featured_media":3380,"comment_status":"closed","ping_status":"open","sticky":false,"template":"","format":"standard","meta":{"footnotes":""},"categories":[2,224],"tags":[332,475,268,473,474],"class_list":["post-3371","post","type-post","status-publish","format-standard","has-post-thumbnail","hentry","category-clubes","category-fora-das-4-linhas","tag-gremio","tag-grenal","tag-internacional","tag-movimento-por-um-futebol-melhor","tag-socio-torcedor"],"_links":{"self":[{"href":"https:\/\/www.futbox.com\/blog\/wp-json\/wp\/v2\/posts\/3371","targetHints":{"allow":["GET"]}}],"collection":[{"href":"https:\/\/www.futbox.com\/blog\/wp-json\/wp\/v2\/posts"}],"about":[{"href":"https:\/\/www.futbox.com\/blog\/wp-json\/wp\/v2\/types\/post"}],"author":[{"embeddable":true,"href":"https:\/\/www.futbox.com\/blog\/wp-json\/wp\/v2\/users\/5"}],"replies":[{"embeddable":true,"href":"https:\/\/www.futbox.com\/blog\/wp-json\/wp\/v2\/comments?post=3371"}],"version-history":[{"count":6,"href":"https:\/\/www.futbox.com\/blog\/wp-json\/wp\/v2\/posts\/3371\/revisions"}],"predecessor-version":[{"id":3381,"href":"https:\/\/www.futbox.com\/blog\/wp-json\/wp\/v2\/posts\/3371\/revisions\/3381"}],"wp:featuredmedia":[{"embeddable":true,"href":"https:\/\/www.futbox.com\/blog\/wp-json\/wp\/v2\/media\/3380"}],"wp:attachment":[{"href":"https:\/\/www.futbox.com\/blog\/wp-json\/wp\/v2\/media?parent=3371"}],"wp:term":[{"taxonomy":"category","embeddable":true,"href":"https:\/\/www.futbox.com\/blog\/wp-json\/wp\/v2\/categories?post=3371"},{"taxonomy":"post_tag","embeddable":true,"href":"https:\/\/www.futbox.com\/blog\/wp-json\/wp\/v2\/tags?post=3371"}],"curies":[{"name":"wp","href":"https:\/\/api.w.org\/{rel}","templated":true}]}}