{"id":3557,"date":"2014-02-14T10:06:56","date_gmt":"2014-02-14T13:06:56","guid":{"rendered":"http:\/\/blog.futbox.com\/?p=3557"},"modified":"2014-02-19T10:46:33","modified_gmt":"2014-02-19T13:46:33","slug":"top-5-curiosidades-da-copa-do-mundo-de-1938","status":"publish","type":"post","link":"https:\/\/www.futbox.com\/blog\/opiniao\/top-5-curiosidades-da-copa-do-mundo-de-1938","title":{"rendered":"Top 5 Curiosidades da Copa do Mundo de 1938"},"content":{"rendered":"<p>A <a href=\"http:\/\/www.futbox.com\/pt\/copas\" target=\"_blank\">Copa do Mundo<\/a> extrapola a esfera do campo, das quatro linhas. Quest\u00f5es pol\u00edticas, sociais, econ\u00f4micas e at\u00e9 art\u00edsticas, inevitavelmente, se misturam ao futebol.<\/p>\n<p>Duvida? Confira no Top 5 Curiosidades da Copa do Mundo de 1938. Veja tamb\u00e9m, os posts com as Copas do Mundo de <a href=\"http:\/\/blog.futbox.com\/futebol-outros\/top-5-curiosidades-da-copa-do-mundo-de-1930\" target=\"_blank\">1930<\/a> e <a href=\"http:\/\/blog.futbox.com\/opiniao\/top-5-curiosidades-da-copa-do-mundo-de-1934\" target=\"_blank\">1934<\/a>.<\/p>\n<p>&nbsp;<\/p>\n<p><strong>1) Pa\u00eds-sede, pa\u00eds-natal<\/strong><\/p>\n<p>O presidente da FIFA Jules Rimet foi talvez o principal idealizador da Copa do Mundo. Seu nome, inclusive, ficou eternizado na ta\u00e7a entregue aos campe\u00f5es mundiais de 1930 a 1970 (at\u00e9 1946, o trof\u00e9u era conhecido como &#8220;Ta\u00e7a Vit\u00f3ria das Asas de Ouro&#8221;).<\/p>\n<p>A Alemanha, que recebeu as Olimp\u00edadas de 36, pleiteava sediar a Copa do Mundo de 38. A Argentina tamb\u00e9m se candidatou \u2013 pensava que a FIFA ia seguir o revezamento entre os continentes: Am\u00e9rica do Sul 1930, Europa 1934. Mas o franc\u00eas Jules Rimet queria a Copa em seu pa\u00eds-natal. Pensou at\u00e9 mesmo em antecipar o torneio para 1937, simultaneamente \u00e0 exposi\u00e7\u00e3o de arte moderna.<\/p>\n<p>A ideia de mudar o ano foi descartada. Mas, com 19 votos, a Fran\u00e7a foi eleita a sede da Copa do Mundo de 1938. A Argentina teve tr\u00eas votos e a Alemanha apenas um (o dela mesmo).<\/p>\n<p>&nbsp;<\/p>\n<p><strong>2) Sele\u00e7\u00e3o inativa<\/strong><\/p>\n<p>O Brasil foi eliminado logo no 1\u00ba jogo da Copa do Mundo de 34. Depois excursionou pela Europa e fez amistosos contra clubes do Velho Continente. Quando voltou ao pa\u00eds, a sele\u00e7\u00e3o ficou ociosa.<\/p>\n<p>A Argentina, insatisfeita por n\u00e3o ter sido escolhida como sede, decidiu boicotar o Mundial. Todos os pa\u00edses sul-americanos aderiram ao boicote e o Brasil n\u00e3o precisou disputar as Eliminat\u00f3rias.<\/p>\n<p>Sendo assim, de 1935 a 1937, a sele\u00e7\u00e3o fez apenas tr\u00eas partidas. Um amistoso contra o River Plate (2&#215;1 Brasil) e dois jogos pelo Sul-Americano, com vit\u00f3ria de 3&#215;2 sobre o Peru e derrota por 2&#215;0 para a Argentina.<\/p>\n<p>Obs: apesar do tempo inativo, o Brasil fez um bom papel na Copa do Mundo de 1938, terminando em 3\u00ba lugar. Nas oitavas-de-final, a sele\u00e7\u00e3o venceu a Pol\u00f4nia por incr\u00edveis 6&#215;5. O 5\u00ba gol brasileiro foi formado por Le\u00f4nidas da Silva. Um gol de pelada. O p\u00e9-direito de sua chuteira havia estragado e enquanto consertavam a costura, o atacante, descal\u00e7o, fuzilou a rede do goleiro polon\u00eas. O pr\u00f3prio Le\u00f4nidas conta essa hist\u00f3ria.<\/p>\n<p><iframe loading=\"lazy\" title=\"Le\u00f4nidas da Silva - O gol de p\u00e9 descal\u00e7o - Mundial 1938\" width=\"580\" height=\"435\" src=\"https:\/\/www.youtube.com\/embed\/ezEKeMjzcNU?feature=oembed\" frameborder=\"0\" allow=\"accelerometer; autoplay; clipboard-write; encrypted-media; gyroscope; picture-in-picture; web-share\" referrerpolicy=\"strict-origin-when-cross-origin\" allowfullscreen><\/iframe><\/p>\n<p>&nbsp;<\/p>\n<p><strong>3) Meia-lua e nova bola<\/strong><\/p>\n<p>A Copa do Mundo de 1938 trazia duas grandes novidades. Os gramados passaram a demarcar a meia-lua \u00e0 frente da grande \u00e1rea, artif\u00edcio para manter os jogadores a 9,15m da marca do p\u00eanalti.<\/p>\n<p>Outra inova\u00e7\u00e3o foi a bola sem o tiento externo \u2013 uma tira de couro que amarrava dentro do corpo da bola, o bico para ench\u00ea-la. O bico da bola passou a ser encaixado entre os gomos e a aus\u00eancia do tiento permitia ao jogador cabecear a bola sem se machucar.<\/p>\n<p>&nbsp;<\/p>\n<p><strong>4) Nazismo<\/strong><\/p>\n<p>Na imin\u00eancia da II Guerra Mundial, a Europa vivia um clima de tens\u00e3o pol\u00edtica. A \u00c1ustria que havia se classificado para a Copa do Mundo foi anexada \u00e0 Alemanha \u00e0s v\u00e9speras da estreia e por isso, a Su\u00e9cia se classificou automaticamente \u00e0s quartas-de-final. Esse \u00e9 at\u00e9 hoje, o \u00fanico W.O. na hist\u00f3ria das Copas.<\/p>\n<p>Antes dos jogos das oitavas-de-final (houve um jogo-desempate), jogadores alem\u00e3es fizeram gestos fascistas e foram vaiados pela torcida que compareceu ao Est\u00e1dio Parc de Princes, em Paris. A Alemanha foi eliminada, mas o cheiro de guerra estava no ar.<\/p>\n<p>&nbsp;<\/p>\n<div id=\"attachment_3559\" class=\"wp-caption alignright\" style=\"width: 158px\"><a href=\"http:\/\/www.futbox.com\/pt\/copas\/1938#!jogos\/quartas\/3\" target=\"_blank\"><img loading=\"lazy\" decoding=\"async\" class=\" wp-image-3559  colorbox-3557\" alt=\"It\u00e1lia homenageia o fascismo - Copa de 38\" src=\"http:\/\/blog.futbox.com\/wp-content\/uploads\/2014\/02\/Screen-Shot-2014-02-13-at-3.07.25-PM.png\" width=\"158\" height=\"337\" srcset=\"https:\/\/www.futbox.com\/blog\/wp-content\/uploads\/2014\/02\/Screen-Shot-2014-02-13-at-3.07.25-PM.png 226w, https:\/\/www.futbox.com\/blog\/wp-content\/uploads\/2014\/02\/Screen-Shot-2014-02-13-at-3.07.25-PM-140x300.png 140w\" sizes=\"auto, (max-width: 158px) 100vw, 158px\" \/><\/a><p class=\"wp-caption-text\">It\u00e1lia homenageia o fascismo &#8211; Copa de 38<\/p><\/div>\n<p><strong>5) Azurra de preto\u00a0<\/strong><\/p>\n<p>Benito Mussolini, ditador italiano, havia mandado um telegrama bem direto \u00e0 sele\u00e7\u00e3o nacional: &#8220;vencer ou morrer&#8221;.<\/p>\n<p>Nas quartas-de-final, a pressionada It\u00e1lia encontrou a Fran\u00e7a pelo caminho. Os anfitri\u00f5es usavam camisas azuis, obrigando a &#8220;Azurra&#8221; a abandonar sua cor tradicional.<\/p>\n<p>Os italianos aproveitaram a oportunidade para fazer uma &#8220;m\u00e9dia&#8221; com Mussolini e entraram em campo trajados com um uniforme preto, a cor do fascismo.<\/p>\n<p>&nbsp;<\/p>\n<p><strong>Fonte:<\/strong> O mundo das Copas, de Lycio Vellozo Ribas<\/p>\n","protected":false},"excerpt":{"rendered":"<p>Conhe\u00e7a algumas curiosidades da Copa do Mundo de 1938<\/p>\n","protected":false},"author":5,"featured_media":3566,"comment_status":"closed","ping_status":"open","sticky":false,"template":"","format":"standard","meta":{"footnotes":""},"categories":[223],"tags":[217],"class_list":["post-3557","post","type-post","status-publish","format-standard","has-post-thumbnail","hentry","category-opiniao","tag-copa-do-mundo"],"_links":{"self":[{"href":"https:\/\/www.futbox.com\/blog\/wp-json\/wp\/v2\/posts\/3557","targetHints":{"allow":["GET"]}}],"collection":[{"href":"https:\/\/www.futbox.com\/blog\/wp-json\/wp\/v2\/posts"}],"about":[{"href":"https:\/\/www.futbox.com\/blog\/wp-json\/wp\/v2\/types\/post"}],"author":[{"embeddable":true,"href":"https:\/\/www.futbox.com\/blog\/wp-json\/wp\/v2\/users\/5"}],"replies":[{"embeddable":true,"href":"https:\/\/www.futbox.com\/blog\/wp-json\/wp\/v2\/comments?post=3557"}],"version-history":[{"count":7,"href":"https:\/\/www.futbox.com\/blog\/wp-json\/wp\/v2\/posts\/3557\/revisions"}],"predecessor-version":[{"id":3565,"href":"https:\/\/www.futbox.com\/blog\/wp-json\/wp\/v2\/posts\/3557\/revisions\/3565"}],"wp:featuredmedia":[{"embeddable":true,"href":"https:\/\/www.futbox.com\/blog\/wp-json\/wp\/v2\/media\/3566"}],"wp:attachment":[{"href":"https:\/\/www.futbox.com\/blog\/wp-json\/wp\/v2\/media?parent=3557"}],"wp:term":[{"taxonomy":"category","embeddable":true,"href":"https:\/\/www.futbox.com\/blog\/wp-json\/wp\/v2\/categories?post=3557"},{"taxonomy":"post_tag","embeddable":true,"href":"https:\/\/www.futbox.com\/blog\/wp-json\/wp\/v2\/tags?post=3557"}],"curies":[{"name":"wp","href":"https:\/\/api.w.org\/{rel}","templated":true}]}}