{"id":4885,"date":"2017-01-17T06:00:53","date_gmt":"2017-01-17T09:00:53","guid":{"rendered":"http:\/\/blog.futbox.com\/?p=4885"},"modified":"2024-11-20T10:13:29","modified_gmt":"2024-11-20T13:13:29","slug":"o-drible-e-negro","status":"publish","type":"post","link":"https:\/\/www.futbox.com\/blog\/colaboradores\/o-drible-e-negro","title":{"rendered":"O DRIBLE \u00c9 NEGRO"},"content":{"rendered":"<p>Hoje em dia, passados mais de 130 anos da Aboli\u00e7\u00e3o da Escravatura, ainda nos deparamos com a exist\u00eancia do racismo. Podemos citar, por exemplo, os in\u00fameros casos de racismo no futebol\u200a\u2014\u200ao jornal <a title=\"o drible \u00e9 negro\" href=\"http:\/\/infograficos.oglobo.globo.com\/esportes\/dez-casos-de-racismo-que-envergonham-o-futebol.html\" target=\"_blank\" rel=\"noopener noreferrer\">O Globo<\/a> listou 10. Ali\u00e1s, o mesmo futebol que em seus prim\u00f3rdios, durante as primeiras d\u00e9cadas do s\u00e9culo XX, impedia o acesso aos negros nos <a title=\"o drible \u00e9 negro\" href=\"http:\/\/www.futbox.com\/pt\/clubes#!conmebol\/brasil\" target=\"_blank\" rel=\"noopener noreferrer\">clubes<\/a>.<\/p>\n<p>&nbsp;<\/p>\n<div id=\"attachment_4896\" class=\"wp-caption aligncenter\" style=\"width: 500px\"><a href=\"https:\/\/www.futbox.com\/blog\/wp-content\/uploads\/2017\/01\/01-fotos-racismo.png\"><img loading=\"lazy\" decoding=\"async\" class=\"wp-image-4896 size-full colorbox-4885\" src=\"https:\/\/www.futbox.com\/blog\/wp-content\/uploads\/2017\/01\/01-fotos-racismo.png\" alt=\"Racismo no futebol\" width=\"500\" height=\"339\" srcset=\"https:\/\/www.futbox.com\/blog\/wp-content\/uploads\/2017\/01\/01-fotos-racismo.png 500w, https:\/\/www.futbox.com\/blog\/wp-content\/uploads\/2017\/01\/01-fotos-racismo-300x203.png 300w\" sizes=\"auto, (max-width: 500px) 100vw, 500px\" \/><\/a><p class=\"wp-caption-text\">Racismo no futebol<\/p><\/div>\n<p>&nbsp;<\/p>\n<p style=\"text-align: left;\">Antes de come\u00e7ar a escrever, preciso dar nome aos bois e reconhecer a autoria dessa hip\u00f3tese. Renato Nogueira, o autor, \u00e9 fil\u00f3sofo e pesquisador, seus escritos defendem uma forma de se fazer filosofia baseado na ideia de afroperspectiva, ou seja, que atenta para elementos da heran\u00e7a cultural dos <a title=\"o drible \u00e9 negro\" href=\"http:\/\/www.futbox.com\/pt\/selecoes#!concacaf\" target=\"_blank\" rel=\"noopener noreferrer\">povos africanos<\/a> no Brasil no pensamento brasileiro.<\/p>\n<p>\u00c9, nesse sentido, que Renato Nogueira defende a ideia do drible, para ele, &#8220;o drible \u00e9 o exerc\u00edcio de encontrar canais para a visibilidade do pensamento filos\u00f3fico africano, assim como da filosofia afrodiasp\u00f3rica&#8221;. Para quem se interessar no assunto, segue o link com o texto &#8220;<a href=\"https:\/\/www.trabalhosgratuitos.com\/Sociais-Aplicadas\/Hist%C3%B3ria\/O-conceito-de-drible-e-o-drible-do-1618664.html\" target=\"_blank\" rel=\"noopener noreferrer\">O Conceito de Drible e Drible do Conceito: analogias entre a hist\u00f3ria do negro no futebol brasileiro e do epistemic\u00eddio na filosofia<\/a>&#8220;. De qualquer forma, sua pesquisa \u00e9 interessante pois n\u00e3o s\u00f3 reconhece o drible como sendo de origem negra, como tamb\u00e9m reconhece o drible como forma de pensamento africano, com suas pr\u00f3prias especificidades.<\/p>\n<p>&nbsp;<\/p>\n<p><strong>Pel\u00e9 e Garrincha, expoentes m\u00e1ximos do drible brasileiro<\/strong><\/p>\n<p>&nbsp;<\/p>\n<div id=\"attachment_4909\" class=\"wp-caption aligncenter\" style=\"width: 500px\"><a href=\"https:\/\/www.futbox.com\/blog\/wp-content\/uploads\/2017\/01\/01-fotos-pele-11.png\"><img loading=\"lazy\" decoding=\"async\" class=\"wp-image-4909 size-full colorbox-4885\" title=\"Pele\u0301 vs Mazurkiewicz: 1970\" src=\"https:\/\/www.futbox.com\/blog\/wp-content\/uploads\/2017\/01\/01-fotos-pele-11.png\" alt=\"Pele\u0301 vs Mazurkiewicz: 1970\" width=\"500\" height=\"339\" srcset=\"https:\/\/www.futbox.com\/blog\/wp-content\/uploads\/2017\/01\/01-fotos-pele-11.png 500w, https:\/\/www.futbox.com\/blog\/wp-content\/uploads\/2017\/01\/01-fotos-pele-11-300x203.png 300w\" sizes=\"auto, (max-width: 500px) 100vw, 500px\" \/><\/a><p class=\"wp-caption-text\">Pele\u0301 vs Mazurkiewicz: 1970<\/p><\/div>\n<div id=\"attachment_4916\" class=\"wp-caption aligncenter\" style=\"width: 500px\"><a href=\"https:\/\/www.futbox.com\/blog\/wp-content\/uploads\/2017\/01\/01-fotos-pele-21.png\"><img loading=\"lazy\" decoding=\"async\" class=\"wp-image-4916 size-full colorbox-4885\" title=\"Bicicleta de Pel\u00e9.\" src=\"https:\/\/www.futbox.com\/blog\/wp-content\/uploads\/2017\/01\/01-fotos-pele-21.png\" alt=\"Bicicleta de Pel\u00e9\" width=\"500\" height=\"339\" srcset=\"https:\/\/www.futbox.com\/blog\/wp-content\/uploads\/2017\/01\/01-fotos-pele-21.png 500w, https:\/\/www.futbox.com\/blog\/wp-content\/uploads\/2017\/01\/01-fotos-pele-21-300x203.png 300w\" sizes=\"auto, (max-width: 500px) 100vw, 500px\" \/><\/a><p class=\"wp-caption-text\">Bicicleta de Pel\u00e9<\/p><\/div>\n<div id=\"attachment_4901\" class=\"wp-caption aligncenter\" style=\"width: 500px\"><a style=\"background-color: #f3f3f3;\" href=\"https:\/\/www.futbox.com\/blog\/wp-content\/uploads\/2017\/01\/01-fotos-garrincha-2.png\"><img loading=\"lazy\" decoding=\"async\" class=\"wp-image-4901 size-full colorbox-4885\" title=\"Garrincha vs M\u00e9xico: 1962\" src=\"https:\/\/www.futbox.com\/blog\/wp-content\/uploads\/2017\/01\/01-fotos-garrincha-2.png\" alt=\"Garrincha vs M\u00e9xico: 1962\" width=\"500\" height=\"339\" srcset=\"https:\/\/www.futbox.com\/blog\/wp-content\/uploads\/2017\/01\/01-fotos-garrincha-2.png 500w, https:\/\/www.futbox.com\/blog\/wp-content\/uploads\/2017\/01\/01-fotos-garrincha-2-300x203.png 300w\" sizes=\"auto, (max-width: 500px) 100vw, 500px\" \/><\/a><p class=\"wp-caption-text\">Garrincha vs M\u00e9xico: 1962<\/p><\/div>\n<div id=\"attachment_4900\" class=\"wp-caption aligncenter\" style=\"width: 500px\"><a href=\"https:\/\/www.futbox.com\/blog\/wp-content\/uploads\/2017\/01\/01-fotos-garrincha-1.png\"><img loading=\"lazy\" decoding=\"async\" class=\"wp-image-4900 size-full colorbox-4885\" title=\"Garrincha no Maracan\u00e3\" src=\"https:\/\/www.futbox.com\/blog\/wp-content\/uploads\/2017\/01\/01-fotos-garrincha-1.png\" alt=\"Garrincha no Maracan\u00e3\" width=\"500\" height=\"339\" srcset=\"https:\/\/www.futbox.com\/blog\/wp-content\/uploads\/2017\/01\/01-fotos-garrincha-1.png 500w, https:\/\/www.futbox.com\/blog\/wp-content\/uploads\/2017\/01\/01-fotos-garrincha-1-300x203.png 300w\" sizes=\"auto, (max-width: 500px) 100vw, 500px\" \/><\/a><p class=\"wp-caption-text\">Garrincha no Maracan\u00e3<\/p><\/div>\n<p>&nbsp;<\/p>\n<p>O nigeriano Okocha, um dos mais habilidosos jogadores africanos de todos os tempos, e Ronaldo Fen\u00f4meno &#8211; Copa da Fran\u00e7a, semifinal contra a Holanda:<\/p>\n<p>&nbsp;<\/p>\n<div id=\"attachment_4910\" class=\"wp-caption aligncenter\" style=\"width: 500px\"><a href=\"https:\/\/www.futbox.com\/blog\/wp-content\/uploads\/2017\/01\/01-fotos-okocha.png\"><img loading=\"lazy\" decoding=\"async\" class=\"wp-image-4910 size-full colorbox-4885\" title=\"Austin Okocha vs Oliver Kahn\" src=\"https:\/\/www.futbox.com\/blog\/wp-content\/uploads\/2017\/01\/01-fotos-okocha.png\" alt=\"Austin Okocha vs Oliver Kahn\" width=\"500\" height=\"339\" srcset=\"https:\/\/www.futbox.com\/blog\/wp-content\/uploads\/2017\/01\/01-fotos-okocha.png 500w, https:\/\/www.futbox.com\/blog\/wp-content\/uploads\/2017\/01\/01-fotos-okocha-300x203.png 300w\" sizes=\"auto, (max-width: 500px) 100vw, 500px\" \/><\/a><p class=\"wp-caption-text\">Austin Okocha vs Oliver Kahn<\/p><\/div>\n<div id=\"attachment_4911\" class=\"wp-caption aligncenter\" style=\"width: 500px\"><a href=\"https:\/\/www.futbox.com\/blog\/wp-content\/uploads\/2017\/01\/01-fotos-gordo.png\"><img loading=\"lazy\" decoding=\"async\" class=\"wp-image-4911 size-full colorbox-4885\" title=\"Ronaldo vs Holanda: 1998\" src=\"https:\/\/www.futbox.com\/blog\/wp-content\/uploads\/2017\/01\/01-fotos-gordo.png\" alt=\"Ronaldo vs Holanda: 1998\" width=\"500\" height=\"339\" srcset=\"https:\/\/www.futbox.com\/blog\/wp-content\/uploads\/2017\/01\/01-fotos-gordo.png 500w, https:\/\/www.futbox.com\/blog\/wp-content\/uploads\/2017\/01\/01-fotos-gordo-300x203.png 300w\" sizes=\"auto, (max-width: 500px) 100vw, 500px\" \/><\/a><p class=\"wp-caption-text\">Ronaldo vs Holanda: 1998<\/p><\/div>\n<p>&nbsp;<\/p>\n<p style=\"text-align: left;\">O argumento central por tr\u00e1s da ideia de que o drible foi inven\u00e7\u00e3o negra tem rela\u00e7\u00e3o com a pr\u00f3pria hist\u00f3ria do futebol brasileiro. Segundo Renato, al\u00e9m das in\u00fameras restri\u00e7\u00f5es impostas aos jogadores negros, havia ainda a pr\u00e1tica racista de ju\u00edzes que sempre tendiam para o lado dos atletas brancos. O drible foi uma forma desses jogadores negros se adaptarem \u00e0 situa\u00e7\u00e3o dos jogos, uma vez que deveriam ser r\u00e1pidos o suficiente para n\u00e3o sofrer faltas\u200a\u2014\u200aas quais n\u00e3o seriam marcadas pelos ju\u00edzes. Al\u00e9m disso, as rodas de sambas tamb\u00e9m foram importantes para a elabora\u00e7\u00e3o dos dribles, seja no movimento r\u00e1pido com os p\u00e9s, seja no balan\u00e7o do corpo.<\/p>\n<p>Ali\u00e1s, isso n\u00e3o \u00e9 novidade nenhuma para quem acompanha futebol. O drible \u00e9 negro. Mesmo assim \u00e9 interessante observar que esses reconhecimentos est\u00e3o sendo feitos em espa\u00e7os fora dos campos e dos est\u00e1dios. Nesse sentido, \u00e9 importante lutarmos contra os &#8220;esquecimentos&#8221; dentro do futebol e valorizar os in\u00fameros jogadores que tiveram de enfrentar todos os obst\u00e1culos. Felizmente, encontramos muitos exemplos de sucesso na hist\u00f3ria do futebol, h\u00e1 o Domingos da Guia, por exemplo, que ap\u00f3s o <a title=\"o drible \u00e9 negro\" href=\"http:\/\/www.futbox.com\/pt\/copas\/1938#!jogos\/finais-e-semifinais\/1\" target=\"_blank\" rel=\"noopener noreferrer\">mundial de 1938<\/a> foi eleito <a title=\"o drible \u00e9 negro\" href=\"https:\/\/www.youtube.com\/watch?v=7pmIlxf7Hdc\" target=\"_blank\" rel=\"noopener noreferrer\">o zagueiro mais completo do mundo<\/a>, ou ent\u00e3o podemos citar o Pel\u00e9, que dispensa apresenta\u00e7\u00f5es e que \u00e9 melhor que o Maradona.<\/p>\n<p>&nbsp;<\/p>\n<div id=\"attachment_4912\" class=\"wp-caption aligncenter\" style=\"width: 500px\"><a href=\"https:\/\/www.futbox.com\/blog\/wp-content\/uploads\/2017\/01\/01-fotos-domingos.png\"><img loading=\"lazy\" decoding=\"async\" class=\"wp-image-4912 size-full colorbox-4885\" title=\"Domingos da Guia\" src=\"https:\/\/www.futbox.com\/blog\/wp-content\/uploads\/2017\/01\/01-fotos-domingos.png\" alt=\"Domingos da Guia\" width=\"500\" height=\"339\" srcset=\"https:\/\/www.futbox.com\/blog\/wp-content\/uploads\/2017\/01\/01-fotos-domingos.png 500w, https:\/\/www.futbox.com\/blog\/wp-content\/uploads\/2017\/01\/01-fotos-domingos-300x203.png 300w\" sizes=\"auto, (max-width: 500px) 100vw, 500px\" \/><\/a><p class=\"wp-caption-text\">Domingos da Guia<\/p><\/div>\n<p>&nbsp;<\/p>\n<p style=\"text-align: left;\">\u2022 Texto de\u00a0Guilherme Silva,\u00a0graduando em Hist\u00f3ria pela Universidade Estadual de Campinas e pesquisador na \u00e1rea de Hist\u00f3ria da \u00c1frica.<\/p>\n<p>\u2022 Pintura &#8220;O\u00a0Futebol&#8221;, de Francisco Rebolo.<\/p>\n<p>&nbsp;<\/p>\n<p>&nbsp;<\/p>\n<div id=\"divSpdInText\">\n<div id=\"divSpdInText\">\n<div id=\"divSpdInText\">\n<div id=\"divSpdInText\">\n<div id=\"divSpdInText\">\n<div id=\"divSpdInText\">\n<h3>Veja tamb\u00e9m:<\/h3>\n<p>&nbsp;<\/p>\n<\/div>\n<\/div>\n<\/div>\n<\/div>\n<p><a href=\"https:\/\/www.futbox.com\/blog\/clubes\/intercontinental-cup\" target=\"_blank\" rel=\"noopener\">INTERCOLONIAL CUP<\/a><\/p>\n<p><a href=\"https:\/\/www.futbox.com\/blog\/clubes\/rapido-e-rasteiro-como-diniz-no-cruzeiro\" target=\"_blank\" rel=\"noopener\">R\u00e1pido e Rasteiro como Diniz no Cruzeiro<\/a><\/p>\n<p><a href=\"https:\/\/www.futbox.com\/blog\/futebol-outros\/vitoria-uma-cronica-sobre-o-futebol-de-varzea\" target=\"_blank\" rel=\"noopener\">Vit\u00f3ria. Uma cr\u00f4nica sobre o futebol de v\u00e1rzea<\/a><\/p>\n<p><a href=\"https:\/\/www.futbox.com\/blog\/futebol-outros\/a-desconstrucao-estetica-e-tatica-do-futebol-brasileiro\" target=\"_blank\" rel=\"noopener\">A desconstru\u00e7\u00e3o est\u00e9tica e t\u00e1tica do futebol brasileiro<\/a><\/p>\n<div id=\"divSpdInText\">\n<div id=\"divSpdInText\">\n<p><a href=\"https:\/\/www.futbox.com\/blog\/futebol-outros\/o-uniforme-da-selecao-brasileira-precisa-ser-do-tamanho-do-brasil-no-futebol\" target=\"_blank\" rel=\"noopener\">O uniforme da sele\u00e7\u00e3o brasileira precisa ser do tamanho do Brasil no futebol<\/a><\/p>\n<div id=\"divSpdInText\">\n<div id=\"divSpdInText\">\n<div data-scaffold-immersive-reader-content=\"\">\n<div class=\"reader-article-content reader-article-content--content-blocks\" dir=\"ltr\">\n<p id=\"ember407\" class=\"ember-view reader-content-blocks__paragraph\"><a href=\"https:\/\/www.futbox.com\/blog\/futebol-outros\/var-a-inovacao-nao-esta-na-tecnologia-mas-sim-no-comportamento\" target=\"_blank\" rel=\"noopener\">VAR: a inova\u00e7\u00e3o n\u00e3o est\u00e1 na tecnologia, mas sim, no comportamento<\/a><\/p>\n<p id=\"ember408\" class=\"ember-view reader-content-blocks__paragraph\"><a href=\"https:\/\/www.futbox.com\/blog\/futebol-outros\/cinema-streaming-jornalismo-e-a-inversao-total-de-sentido\" target=\"_blank\" rel=\"noopener\">Cinema, Streaming, Jornalismo e a invers\u00e3o total de sentido<\/a><\/p>\n<p id=\"ember409\" class=\"ember-view reader-content-blocks__paragraph\"><a href=\"https:\/\/www.linkedin.com\/pulse\/paradoxo-contempor%25C3%25A2neo-adriano-%25C3%25A1vila-alamy\/?trackingId=vDYq4zqDQpW9gjA251J3qw%3D%3D\" target=\"_blank\" rel=\"noopener\">Paradoxo Contempor\u00e2neo<\/a><\/p>\n<p><a href=\"https:\/\/www.futbox.com\/blog\/fora-das-4-linhas\/a-selecao-que-incomoda\" target=\"_blank\" rel=\"noopener\">A sele\u00e7\u00e3o que incomoda<\/a><\/p>\n<p><a href=\"https:\/\/www.futbox.com\/blog\/fora-das-4-linhas\/perna-curta\" target=\"_blank\" rel=\"noopener\">Perna Curta<\/a><\/p>\n<p><a href=\"https:\/\/www.futbox.com\/blog\/fora-das-4-linhas\/tempo\" target=\"_blank\" rel=\"noopener\">Tempo<\/a><\/p>\n<\/div>\n<\/div>\n<p><a href=\"https:\/\/www.futbox.com\/blog\/futebol-outros\/ha-8-anos-acontecia-uma-partida-historica-de-futebol-na-palestina-equipes-de-gaza-e-cisjordania-se-encontravam-apos-15-anos-do-bloqueio-imposto-por-israel#google_vignette\" target=\"_blank\" rel=\"noopener\">H\u00e1 8 anos acontecia uma partida hist\u00f3rica de futebol na Palestina: equipes de Gaza e Cisjord\u00e2nia se encontravam ap\u00f3s 15 anos do bloqueio imposto por Israel<\/a><\/p>\n<p><a href=\"https:\/\/www.futbox.com\/blog\/clubes\/guia-do-mundo-arabe-fc-os-significados-dos-nomes-de-250-clubes-de-23-paises\" target=\"_blank\" rel=\"noopener\">Guia do Mundo \u00c1rabe FC: Os significados dos nomes de 250 clubes de 23 pa\u00edses<\/a><\/p>\n<p><a href=\"https:\/\/www.futbox.com\/blog\/opiniao\/futebol-e-politica\" target=\"_blank\" rel=\"noopener\">Pol\u00edtica FC: Futebol, Cinema e Hist\u00f3ria\u00a0<\/a><\/p>\n<p><a href=\"https:\/\/www.futbox.com\/blog\/fora-das-4-linhas\/para-mulheres-jogar-futebol-ja-foi-caso-de-policia-durante-a-ditadura\" target=\"_blank\" rel=\"noopener\">Para mulheres, jogar futebol j\u00e1 foi caso de pol\u00edcia durante a ditadura<\/a><\/p>\n<p><a href=\"https:\/\/www.futbox.com\/blog\/fora-das-4-linhas\/honduras-contra-el-salvador-a-partida-de-futebol-que-iniciou-uma-guerra\" target=\"_blank\" rel=\"noopener\">Honduras contra El Salvador: A partida de futebol que iniciou uma guerra<\/a><\/p>\n<p><a href=\"https:\/\/www.futbox.com\/blog\/campeonatos\/mundialito-a-copa-que-a-fifa-escondeu\" target=\"_blank\" rel=\"noopener\">Mundialito: a Copa que a Fifa escondeu<\/a><\/p>\n<p><a href=\"https:\/\/www.futbox.com\/blog\/futebol-outros\/fatos-historicos-e-reconhecimentos\" target=\"_blank\" rel=\"noopener\">Fatos Hist\u00f3ricos e Reconhecimentos<\/a><\/p>\n<p><a href=\"https:\/\/www.futbox.com\/blog\/campeonatos\/a-historia-do-campeonato-brasileiro\" target=\"_blank\" rel=\"noopener\">A hist\u00f3ria do Campeonato Brasileiro<\/a><\/p>\n<p><a href=\"https:\/\/www.futbox.com\/blog\/campeonatos\/campeonato-brasileiro-nomenclatura-e-significado-historico\" target=\"_blank\" rel=\"noopener\">Campeonato Brasileiro: nomenclatura e significado hist\u00f3rico<\/a><\/p>\n<p><a href=\"http:\/\/bit.ly\/Futbox3TS\" target=\"_blank\" rel=\"noopener\">Metodologia dos 3Ts: Tradi\u00e7\u00e3o, Torcida e Trof\u00e9us<\/a><\/p>\n<p><a href=\"https:\/\/www.futbox.com\/blog\/opiniao\/10-novas-regras-para-o-futebol\" target=\"_blank\" rel=\"noopener\">10 Novas Regras para o Futebol<\/a><\/p>\n<p><a href=\"https:\/\/www.futbox.com\/blog\/opiniao\/novas-demarcacoes-campo-de-futebol\" target=\"_blank\" rel=\"noopener\">As Novas Demarca\u00e7\u00f5es do Campo de Futebol<\/a><\/p>\n<p><a href=\"https:\/\/www.futbox.com\/blog\/clubes\/novo-calendario-do-futebol-brasileiro-a-partir-da-temporada-2023-24\" target=\"_blank\" rel=\"noopener\">O Novo Calend\u00e1rio do Futebol Brasileiro<\/a><\/p>\n<div data-scaffold-immersive-reader-content=\"\">\n<div class=\"reader-article-content reader-article-content--content-blocks\" dir=\"ltr\"><\/div>\n<\/div>\n<p>&nbsp;<\/p>\n<\/div>\n<h3>Podcast:<\/h3>\n<p>&nbsp;<\/p>\n<p><strong>Clique na imagem abaixo<\/strong>\u00a0e confira o bate-papo na \u00edntegra no\u00a0<strong>Bora Pra Resenha Podcast<\/strong>\u00a0onde falamos sobre a revitaliza\u00e7\u00e3o das marcas dos clubes de futebol, sele\u00e7\u00e3o brasileira, calend\u00e1rio, VAR, regras atualizadas, as novas demarca\u00e7\u00f5es do campo e muitas outras curiosidades sobre a hist\u00f3ria do futebol:<\/p>\n<p>&nbsp;<\/p>\n<div id=\"attachment_11607\" class=\"wp-caption alignnone\">\n<div id=\"attachment_11607\" class=\"wp-caption alignnone\" style=\"width: 1920px\"><a href=\"https:\/\/www.youtube.com\/live\/cRa4qmL7bPc?si=cVg48ZR1I5yQkEf0&amp;t=200\" target=\"_blank\" rel=\"noopener\"><img loading=\"lazy\" decoding=\"async\" class=\"colorbox-11196 wp-image-11607 size-full\" title=\"Futbox no Bora Pra Resenha\" src=\"https:\/\/www.futbox.com\/blog\/wp-content\/uploads\/2023\/11\/Bora-pra-Resenha-Adr-Futbox-post.png\" sizes=\"auto, (max-width: 1920px) 100vw, 1920px\" srcset=\"https:\/\/www.futbox.com\/blog\/wp-content\/uploads\/2023\/11\/Bora-pra-Resenha-Adr-Futbox-post.png 1920w, https:\/\/www.futbox.com\/blog\/wp-content\/uploads\/2023\/11\/Bora-pra-Resenha-Adr-Futbox-post-300x300.png 300w, https:\/\/www.futbox.com\/blog\/wp-content\/uploads\/2023\/11\/Bora-pra-Resenha-Adr-Futbox-post-1024x1024.png 1024w, https:\/\/www.futbox.com\/blog\/wp-content\/uploads\/2023\/11\/Bora-pra-Resenha-Adr-Futbox-post-500x500.png 500w, https:\/\/www.futbox.com\/blog\/wp-content\/uploads\/2023\/11\/Bora-pra-Resenha-Adr-Futbox-post-768x768.png 768w, https:\/\/www.futbox.com\/blog\/wp-content\/uploads\/2023\/11\/Bora-pra-Resenha-Adr-Futbox-post-1536x1536.png 1536w, https:\/\/www.futbox.com\/blog\/wp-content\/uploads\/2023\/11\/Bora-pra-Resenha-Adr-Futbox-post-620x620.png 620w, https:\/\/www.futbox.com\/blog\/wp-content\/uploads\/2023\/11\/Bora-pra-Resenha-Adr-Futbox-post-70x70.png 70w\" alt=\"Futbox no Bora Pra Resenha\" width=\"1920\" height=\"1920\" \/><\/a><p class=\"wp-caption-text\">Futbox no Bora Pra Resenha<\/p><\/div>\n<p class=\"wp-caption-text\">\n<\/div>\n<\/div>\n<\/div>\n<\/div>\n<div id=\"divSpdInText\">\n<div id=\"divSpdInText\">\n<div id=\"divSpdInText\">\n<p>&nbsp;<\/p>\n<h3>FUTBOX \u2013 Centro de Pesquisa Gr\u00e1fica Sobre Futebol:<\/h3>\n<\/div>\n<\/div>\n<div>\n<p>&nbsp;<\/p>\n<p><a href=\"https:\/\/linktr.ee\/FUTBOX_Projects\" target=\"_blank\" rel=\"noopener\">Projetos desenvolvidos para clubes de futebol, marcas esportivas, empresas e festivais de cinema<\/a><\/p>\n<p><a href=\"https:\/\/linktr.ee\/futbox_\" target=\"_blank\" rel=\"noopener\">Canais e Redes Sociais<\/a><\/p>\n<p class=\"sc-hKgILt ilsgNQ\"><a href=\"https:\/\/linktr.ee\/adrianoavila\" target=\"_blank\" rel=\"noopener\">Artigos sobre futebol e esporte a partir do equil\u00edbrio entre tradi\u00e7\u00e3o e inova\u00e7\u00e3o<\/a><\/p>\n<\/div>\n<p>&nbsp;<\/p>\n<\/div>\n<div><\/div>\n<\/div>\n<div><\/div>\n<\/div>\n<div><\/div>\n<p>&nbsp;<\/p>\n","protected":false},"excerpt":{"rendered":"<p>N\u00e3o precisamos ir muito longe para perceber que o drible \u00e9 negro. S\u00e3o in\u00fameros os nomes: Ronaldinho, Neymar, Den\u00edlson, ou mesmo Pel\u00e9, que dispensa apresenta\u00e7\u00f5es, al\u00e9m de ser melhor do que o Maradona.<\/p>\n","protected":false},"author":18,"featured_media":4893,"comment_status":"open","ping_status":"closed","sticky":false,"template":"","format":"standard","meta":{"footnotes":""},"categories":[331],"tags":[305,328,195,240,203,567,196,194,204,566],"class_list":["post-4885","post","type-post","status-publish","format-standard","has-post-thumbnail","hentry","category-colaboradores","tag-blog","tag-blogueiro","tag-brasil","tag-classico","tag-cronica","tag-drible","tag-futbox","tag-futebol","tag-gol","tag-negro"],"_links":{"self":[{"href":"https:\/\/www.futbox.com\/blog\/wp-json\/wp\/v2\/posts\/4885","targetHints":{"allow":["GET"]}}],"collection":[{"href":"https:\/\/www.futbox.com\/blog\/wp-json\/wp\/v2\/posts"}],"about":[{"href":"https:\/\/www.futbox.com\/blog\/wp-json\/wp\/v2\/types\/post"}],"author":[{"embeddable":true,"href":"https:\/\/www.futbox.com\/blog\/wp-json\/wp\/v2\/users\/18"}],"replies":[{"embeddable":true,"href":"https:\/\/www.futbox.com\/blog\/wp-json\/wp\/v2\/comments?post=4885"}],"version-history":[{"count":25,"href":"https:\/\/www.futbox.com\/blog\/wp-json\/wp\/v2\/posts\/4885\/revisions"}],"predecessor-version":[{"id":12753,"href":"https:\/\/www.futbox.com\/blog\/wp-json\/wp\/v2\/posts\/4885\/revisions\/12753"}],"wp:featuredmedia":[{"embeddable":true,"href":"https:\/\/www.futbox.com\/blog\/wp-json\/wp\/v2\/media\/4893"}],"wp:attachment":[{"href":"https:\/\/www.futbox.com\/blog\/wp-json\/wp\/v2\/media?parent=4885"}],"wp:term":[{"taxonomy":"category","embeddable":true,"href":"https:\/\/www.futbox.com\/blog\/wp-json\/wp\/v2\/categories?post=4885"},{"taxonomy":"post_tag","embeddable":true,"href":"https:\/\/www.futbox.com\/blog\/wp-json\/wp\/v2\/tags?post=4885"}],"curies":[{"name":"wp","href":"https:\/\/api.w.org\/{rel}","templated":true}]}}