{"id":6136,"date":"2018-05-29T09:34:32","date_gmt":"2018-05-29T12:34:32","guid":{"rendered":"http:\/\/blog.futbox.com\/?p=6136"},"modified":"2022-10-17T09:31:26","modified_gmt":"2022-10-17T12:31:26","slug":"top-5-curiosidades-das-copas-1974-78-e-82","status":"publish","type":"post","link":"https:\/\/www.futbox.com\/blog\/futebol-outros\/top-5-curiosidades-das-copas-1974-78-e-82","title":{"rendered":"Top 5 Curiosidades das Copas: 1974, 78 e 82"},"content":{"rendered":"<p>A hist\u00f3ria das Copas do Mundo apresenta fatos curiosos que aconteceram durante suas edi\u00e7\u00f5es, desde a primeira em 1930 no Uruguai. Pensando nisso preparamos uma s\u00e9rie de mat\u00e9rias chamadas &#8220;Top 5 Curiosidades das Copas&#8221;. Seguimos com as Copas de <a title=\"Copa de 1974\" href=\"http:\/\/www.futbox.com\/pt\/copas\/1974#!jogos\/finais-e-semifinais\/1\" target=\"_blank\" rel=\"noopener noreferrer\">1974<\/a>, <a title=\"Copa de 1978\" href=\"http:\/\/www.futbox.com\/pt\/copas\/1978#!jogos\/finais-e-semifinais\/1\" target=\"_blank\" rel=\"noopener noreferrer\">1978<\/a> e <a title=\"Copa de 1982\" href=\"http:\/\/www.futbox.com\/pt\/copas\/1982#!jogos\/finais-e-semifinais\/1\" target=\"_blank\" rel=\"noopener noreferrer\">1982<\/a>.<\/p>\n<p>&nbsp;<\/p>\n<h2><strong>1974 &#8211; sede: Alemanha Oc. | campe\u00e3o: Alemanha Oc.<\/strong><\/h2>\n<p>&nbsp;<\/p>\n<p>Atentado terrorista. O bicho, a tabela, a ta\u00e7a. Caszely leva vermelho! Adidas com duas listras. Carrossel Holand\u00eas encanta o mundo.<\/p>\n<p>&nbsp;<\/p>\n<p><strong>1) Susto em Munique<\/strong><\/p>\n<p>Dois anos antes de receber a Copa do Mundo, a Alemanha Ocidental realizaria as Olimp\u00edadas e por isso, aproveitaria os investimentos em infraestrutura para os dois eventos.\u00a0Entretanto, um epis\u00f3dio manchou os Jogos Ol\u00edmpicos de Munique em 1972. O grupo palestino Setembro Negro invadiu o alojamento da delega\u00e7\u00e3o de Israel, matou dois atletas e fizeram outros nove de ref\u00e9ns. O grupo exigia a liberta\u00e7\u00e3o de palestinos das pris\u00f5es israelitas, o que foi prontamente negado pelo premi\u00ea israelense Golda Meir. Ap\u00f3s negocia\u00e7\u00f5es frustradas\u00a0durante o epis\u00f3dio cinco terroristas, um agente da pol\u00edcia alem\u00e3 e todos os nove atletas ref\u00e9ns morreram em pleno andamento das Olimp\u00edadas. Mesmo assim, a Copa do Mundo estava confirmada na Alemanha Ocidental.<\/p>\n<div id=\"attachment_6236\" class=\"wp-caption alignleft\" style=\"width: 614px\"><a href=\"https:\/\/www.futbox.com\/blog\/wp-content\/uploads\/2018\/05\/1972-Munique-Setembro-Negro.jpg\"><img loading=\"lazy\" decoding=\"async\" class=\"wp-image-6236 colorbox-6136\" title=\"1972 - Munique: Grupo Setembro Negro\" src=\"http:\/\/blog.futbox.com\/wp-content\/uploads\/2018\/05\/1972-Munique-Setembro-Negro.jpg\" alt=\"1972 - Munique: Grupo Setembro Negro\" width=\"614\" height=\"410\" srcset=\"https:\/\/www.futbox.com\/blog\/wp-content\/uploads\/2018\/05\/1972-Munique-Setembro-Negro.jpg 1024w, https:\/\/www.futbox.com\/blog\/wp-content\/uploads\/2018\/05\/1972-Munique-Setembro-Negro-300x200.jpg 300w, https:\/\/www.futbox.com\/blog\/wp-content\/uploads\/2018\/05\/1972-Munique-Setembro-Negro-620x413.jpg 620w\" sizes=\"auto, (max-width: 614px) 100vw, 614px\" \/><\/a><p class=\"wp-caption-text\">1972 &#8211; Munique: Grupo Setembro Negro<\/p><\/div>\n<p>&nbsp;<\/p>\n<div id=\"attachment_6243\" class=\"wp-caption alignleft\" style=\"width: 2048px\"><a href=\"https:\/\/www.futbox.com\/blog\/wp-content\/uploads\/2018\/05\/1974-Closing-ceremony-WC-Olympiastadion-Munich.jpg\"><img loading=\"lazy\" decoding=\"async\" class=\"  wp-image-6243 size-full colorbox-6136\" title=\"1974: Olympiastadion Munich\" src=\"https:\/\/www.futbox.com\/blog\/wp-content\/uploads\/2018\/05\/1974-Closing-ceremony-WC-Olympiastadion-Munich.jpg\" alt=\"1974: Olympiastadion Munich\" width=\"2048\" height=\"1390\" srcset=\"https:\/\/www.futbox.com\/blog\/wp-content\/uploads\/2018\/05\/1974-Closing-ceremony-WC-Olympiastadion-Munich.jpg 2048w, https:\/\/www.futbox.com\/blog\/wp-content\/uploads\/2018\/05\/1974-Closing-ceremony-WC-Olympiastadion-Munich-300x203.jpg 300w, https:\/\/www.futbox.com\/blog\/wp-content\/uploads\/2018\/05\/1974-Closing-ceremony-WC-Olympiastadion-Munich-1024x695.jpg 1024w, https:\/\/www.futbox.com\/blog\/wp-content\/uploads\/2018\/05\/1974-Closing-ceremony-WC-Olympiastadion-Munich-620x420.jpg 620w\" sizes=\"auto, (max-width: 2048px) 100vw, 2048px\" \/><\/a><p class=\"wp-caption-text\">1974: Olympiastadion Munich<\/p><\/div>\n<p>&nbsp;<\/p>\n<p><strong>2) O bicho, a tabela, a ta\u00e7a<\/strong><\/p>\n<p>Com o intuito de estimular as sele\u00e7\u00f5es que poderiam ficar receosas com a trag\u00e9dia de Munique, a FIFA anunciou uma boa compensa\u00e7\u00e3o financeira. Para garantir o pr\u00eamio em dinheiro, a entidade investiu em publicidade e at\u00e9 mesmo alterou a tabela do Mundial. A primeira fase seguia o modelo adotado nas edi\u00e7\u00f5es anteriores, com as 16 sele\u00e7\u00f5es divididas em grupos de quatro. As duas primeiras classificavam-se, mas n\u00e3o para as quartas-de-final. Seriam formados dois grupos e as equipes mais bem-classificadas fariam a decis\u00e3o.<\/p>\n<div id=\"attachment_6238\" class=\"wp-caption alignleft\" style=\"width: 1024px\"><a href=\"https:\/\/www.futbox.com\/blog\/wp-content\/uploads\/2018\/05\/1974-sorteio-02.jpg\"><img loading=\"lazy\" decoding=\"async\" class=\"wp-image-6238 size-full colorbox-6136\" title=\"1974: Sorteio dos Grupos\" src=\"https:\/\/www.futbox.com\/blog\/wp-content\/uploads\/2018\/05\/1974-sorteio-02.jpg\" alt=\"1974: Sorteio dos Grupos\" width=\"1024\" height=\"641\" srcset=\"https:\/\/www.futbox.com\/blog\/wp-content\/uploads\/2018\/05\/1974-sorteio-02.jpg 1024w, https:\/\/www.futbox.com\/blog\/wp-content\/uploads\/2018\/05\/1974-sorteio-02-300x187.jpg 300w, https:\/\/www.futbox.com\/blog\/wp-content\/uploads\/2018\/05\/1974-sorteio-02-620x388.jpg 620w\" sizes=\"auto, (max-width: 1024px) 100vw, 1024px\" \/><\/a><p class=\"wp-caption-text\">1974: Sorteio dos Grupos<\/p><\/div>\n<div id=\"attachment_6365\" class=\"wp-caption alignleft\" style=\"width: 614px\"><a href=\"https:\/\/www.futbox.com\/blog\/wp-content\/uploads\/2018\/05\/1974-2a-fase.png\"><img loading=\"lazy\" decoding=\"async\" class=\"  wp-image-6365 colorbox-6136\" title=\"Copa de 74 - Segunda fase: Futbox.com\" src=\"http:\/\/blog.futbox.com\/wp-content\/uploads\/2018\/05\/1974-2a-fase.png\" alt=\"Copa de 1974 - Segunda fase: Futbox.com\" width=\"614\" height=\"360\" srcset=\"https:\/\/www.futbox.com\/blog\/wp-content\/uploads\/2018\/05\/1974-2a-fase.png 1024w, https:\/\/www.futbox.com\/blog\/wp-content\/uploads\/2018\/05\/1974-2a-fase-300x175.png 300w, https:\/\/www.futbox.com\/blog\/wp-content\/uploads\/2018\/05\/1974-2a-fase-620x363.png 620w\" sizes=\"auto, (max-width: 614px) 100vw, 614px\" \/><\/a><p class=\"wp-caption-text\">Copa de 1974 &#8211; Segunda fase: Futbox.com<\/p><\/div>\n<p>O campe\u00e3o ficaria com a posse provis\u00f3ria da nova ta\u00e7a, batizada como &#8220;Copa do Mundo FIFA&#8221; \u2013 uma r\u00e9plica menor seria entregue de forma definitiva para a Federa\u00e7\u00e3o. Os nomes das sele\u00e7\u00f5es campe\u00e3s s\u00e3o gravados na base da ta\u00e7a original \u2013 h\u00e1 espa\u00e7o para contemplar o campe\u00e3o at\u00e9 a edi\u00e7\u00e3o de 2038. A ta\u00e7a, que ent\u00e3o poder\u00e1 ser trocada, vai ficar em poder da FIFA.<\/p>\n<p>&nbsp;<\/p>\n<p><strong>3) Vermelhou<br \/>\n<\/strong><br \/>\nOs cart\u00f5es passaram a ser usados na Copa de 70, por\u00e9m, nenhum jogador foi expulso naquela edi\u00e7\u00e3o. Dessa forma, o 1\u00ba jogador a receber um cart\u00e3o vermelho em Mundiais foi o chileno Carlos Caszely, expulso no jogo <a title=\"Copa de 1974\" href=\"http:\/\/www.futbox.com\/pt\/copas\/1974#!jogos\/grupos\/2\" target=\"_blank\" rel=\"noopener noreferrer\">Alemanha Ocidental 1&#215;0 Chile<\/a>, partida de abertura da Copa do Mundo de 74. Abaixo a sequ\u00eancia de fotos que entrou para a hist\u00f3ria dos Mundiais.<strong><br \/>\n<\/strong><\/p>\n<div id=\"attachment_6240\" class=\"wp-caption alignleft\" style=\"width: 1024px\"><a href=\"https:\/\/www.futbox.com\/blog\/wp-content\/uploads\/2018\/05\/1974-Caszely-tarjeta-roja.jpg\"><img loading=\"lazy\" decoding=\"async\" class=\"wp-image-6240 size-full colorbox-6136\" title=\"Manchete na revista turca da \u00e9poca\" src=\"https:\/\/www.futbox.com\/blog\/wp-content\/uploads\/2018\/05\/1974-Caszely-tarjeta-roja.jpg\" alt=\"Manchete na revista turca da \u00e9poca: Caszely (CHL)\" width=\"1024\" height=\"768\" srcset=\"https:\/\/www.futbox.com\/blog\/wp-content\/uploads\/2018\/05\/1974-Caszely-tarjeta-roja.jpg 1024w, https:\/\/www.futbox.com\/blog\/wp-content\/uploads\/2018\/05\/1974-Caszely-tarjeta-roja-300x225.jpg 300w, https:\/\/www.futbox.com\/blog\/wp-content\/uploads\/2018\/05\/1974-Caszely-tarjeta-roja-620x465.jpg 620w\" sizes=\"auto, (max-width: 1024px) 100vw, 1024px\" \/><\/a><p class=\"wp-caption-text\">Manchete na revista turca da \u00e9poca: Caszely (CHL)<\/p><\/div>\n<p>&nbsp;<\/p>\n<p><strong>4) A camisa de Cruyff<\/strong><\/p>\n<p>Johan Cruyff, o craque da Holanda, era patrocinado pela Puma, mas o material esportivo da sele\u00e7\u00e3o holandesa era fabricado pela Adidas e assim, trazia as tr\u00eas listras na camisa. Para n\u00e3o atrapalhar seu patroc\u00ednio pessoal, o uniforme completo de Cruyff (camisa, cal\u00e7\u00e3o e mei\u00f5es) foi personalizado com apenas duas listras. Foi ainda, a primeira Copa do Mundo a trazer a numera\u00e7\u00e3o nos shorts, com exce\u00e7\u00e3o \u00e0 sele\u00e7\u00e3o de Marrocos na Copa de 70.<\/p>\n<div id=\"attachment_6247\" class=\"wp-caption alignleft\" style=\"width: 1181px\"><a href=\"https:\/\/www.futbox.com\/blog\/wp-content\/uploads\/2018\/05\/ned_1974_photo02.png\"><img loading=\"lazy\" decoding=\"async\" class=\"wp-image-6247 size-full colorbox-6136\" title=\"Sele\u00e7\u00e3o holandesa com as famosas tres listras\" src=\"https:\/\/www.futbox.com\/blog\/wp-content\/uploads\/2018\/05\/ned_1974_photo02.png\" alt=\"Sele\u00e7\u00e3o holandesa com as famosas tres listras\" width=\"1181\" height=\"726\" srcset=\"https:\/\/www.futbox.com\/blog\/wp-content\/uploads\/2018\/05\/ned_1974_photo02.png 1181w, https:\/\/www.futbox.com\/blog\/wp-content\/uploads\/2018\/05\/ned_1974_photo02-300x184.png 300w, https:\/\/www.futbox.com\/blog\/wp-content\/uploads\/2018\/05\/ned_1974_photo02-1024x629.png 1024w, https:\/\/www.futbox.com\/blog\/wp-content\/uploads\/2018\/05\/ned_1974_photo02-620x381.png 620w\" sizes=\"auto, (max-width: 1181px) 100vw, 1181px\" \/><\/a><p class=\"wp-caption-text\">Sele\u00e7\u00e3o holandesa com as famosas tres listras<\/p><\/div>\n<p>&nbsp;<\/p>\n<div id=\"attachment_6248\" class=\"wp-caption alignleft\" style=\"width: 1024px\"><a href=\"https:\/\/www.futbox.com\/blog\/wp-content\/uploads\/2018\/05\/arg_1974-vs-ned-game.jpg\"><img loading=\"lazy\" decoding=\"async\" class=\"wp-image-6248 size-full colorbox-6136\" title=\"Cruyff com o uniforme personalizado\" src=\"https:\/\/www.futbox.com\/blog\/wp-content\/uploads\/2018\/05\/arg_1974-vs-ned-game.jpg\" alt=\"Cruyff com o uniforme personalizado: duas listras apenas\" width=\"1024\" height=\"576\" srcset=\"https:\/\/www.futbox.com\/blog\/wp-content\/uploads\/2018\/05\/arg_1974-vs-ned-game.jpg 1024w, https:\/\/www.futbox.com\/blog\/wp-content\/uploads\/2018\/05\/arg_1974-vs-ned-game-300x168.jpg 300w, https:\/\/www.futbox.com\/blog\/wp-content\/uploads\/2018\/05\/arg_1974-vs-ned-game-620x348.jpg 620w\" sizes=\"auto, (max-width: 1024px) 100vw, 1024px\" \/><\/a><p class=\"wp-caption-text\">Cruyff com o uniforme personalizado: duas listras apenas<\/p><\/div>\n<div id=\"attachment_6249\" class=\"wp-caption alignleft\" style=\"width: 1024px\"><a href=\"https:\/\/www.futbox.com\/blog\/wp-content\/uploads\/2018\/05\/ned_1974-vs-uru.jpg\"><img loading=\"lazy\" decoding=\"async\" class=\"wp-image-6249 size-full colorbox-6136\" title=\"Cruyff contra o Uruguai\" src=\"https:\/\/www.futbox.com\/blog\/wp-content\/uploads\/2018\/05\/ned_1974-vs-uru.jpg\" alt=\"Cruyff contra o Uruguai\" width=\"1024\" height=\"655\" srcset=\"https:\/\/www.futbox.com\/blog\/wp-content\/uploads\/2018\/05\/ned_1974-vs-uru.jpg 1024w, https:\/\/www.futbox.com\/blog\/wp-content\/uploads\/2018\/05\/ned_1974-vs-uru-300x191.jpg 300w, https:\/\/www.futbox.com\/blog\/wp-content\/uploads\/2018\/05\/ned_1974-vs-uru-620x396.jpg 620w\" sizes=\"auto, (max-width: 1024px) 100vw, 1024px\" \/><\/a><p class=\"wp-caption-text\">Cruyff contra o Uruguai<\/p><\/div>\n<p>&nbsp;<\/p>\n<p><strong>5) Carrossel holand\u00eas \u2013 Laranja Mec\u00e2nica<\/strong><\/p>\n<p>A sele\u00e7\u00e3o holandesa encantou o mundo com o inovador &#8220;Futebol Total&#8221; onde os jogadores se revezavam nas posi\u00e7\u00f5es dentro de campo durante a partida. A sele\u00e7\u00e3o recebeu dois apelidos que ficaram muito famosos: &#8220;Carrossel Holand\u00eas&#8221; e &#8220;Laranja Mec\u00e2nica&#8221;. Na final, contra os anfitri\u00f5es, os holandeses chegaram ao 1\u00ba gol sem que os alem\u00e3es encostassem na bola.<\/p>\n<div id=\"attachment_6306\" class=\"wp-caption alignleft\" style=\"width: 2128px\"><a href=\"https:\/\/www.futbox.com\/blog\/wp-content\/uploads\/2018\/05\/1974-penalti-ned.jpg\"><img loading=\"lazy\" decoding=\"async\" class=\"  wp-image-6306 size-full colorbox-6136\" title=\"Exato momento do p\u00eanalti na final de 74\" src=\"https:\/\/www.futbox.com\/blog\/wp-content\/uploads\/2018\/05\/1974-penalti-ned.jpg\" alt=\"Exato momento do p\u00eanalti na final de 1974\" width=\"2128\" height=\"1396\" srcset=\"https:\/\/www.futbox.com\/blog\/wp-content\/uploads\/2018\/05\/1974-penalti-ned.jpg 2128w, https:\/\/www.futbox.com\/blog\/wp-content\/uploads\/2018\/05\/1974-penalti-ned-300x196.jpg 300w, https:\/\/www.futbox.com\/blog\/wp-content\/uploads\/2018\/05\/1974-penalti-ned-1024x671.jpg 1024w, https:\/\/www.futbox.com\/blog\/wp-content\/uploads\/2018\/05\/1974-penalti-ned-620x406.jpg 620w\" sizes=\"auto, (max-width: 2128px) 100vw, 2128px\" \/><\/a><p class=\"wp-caption-text\">Exato momento do p\u00eanalti na final de 1974<\/p><\/div>\n<p>Mas assim como foi na Copa de 1954 (quando virou para cima da Hungria na final), a Alemanha Ocidental reverteu o placar e chegou ao bicampeonato Mundial. Os gols de Breitner e M\u00fcller garantiram o t\u00edtulo da sele\u00e7\u00e3o anfitri\u00e3 e explodiram de alegria os alem\u00e3es que compareceram em peso ao Olympia Stadion, em Munique.<\/p>\n<p><strong>Confira a anima\u00e7\u00e3o stopmotion do gol do t\u00edtulo alem\u00e3o marcado por Gerd M\u00fcller:<\/strong><\/p>\n<p>&nbsp;<\/p>\n<p><iframe loading=\"lazy\" src=\"https:\/\/www.youtube.com\/embed\/XzdlnL1eW1g\" width=\"560\" height=\"315\" frameborder=\"0\" allowfullscreen=\"allowfullscreen\"><\/iframe><\/p>\n<p>&nbsp;<\/p>\n<p>\u2022 <a title=\"Copa de 1974\" href=\"http:\/\/www.futbox.com\/pt\/copas\/1974#!jogos\/finais-e-semifinais\/1\" target=\"_blank\" rel=\"noopener noreferrer\">Todos os jogos ilustrados da Copa de 1974 AQUI<\/a>.<\/p>\n<p>&nbsp;<\/p>\n<h2><strong>1978 &#8211; sede: Argentina | campe\u00e3o:\u00a0Argentina<\/strong><\/h2>\n<p>&nbsp;<\/p>\n<p>Golpe militar. Estrelas dizem &#8220;n\u00e3o&#8221; a Copa. Gol 1000! Time amador entra para a hist\u00f3ria dos mundiais. Grito engasgado.<\/p>\n<p><strong>1) Caos \u00e0s v\u00e9speras da Copa<\/strong><\/p>\n<p>Em 1930, o Uruguai foi escolhido como sede da 1\u00aa Copa do Mundo. A Argentina era uma das concorrentes e se candidatou para receber o Mundial tamb\u00e9m em 1938, 1962 e 1970, sendo derrotada em todas ocasi\u00f5es. Somente em 1966 a FIFA aceitou a candidatura argentina e anunciou o pa\u00eds como sede da Copa de 1978. No entanto, dois anos antes, um golpe militar destitu\u00edra do poder a presidente Isabelita Per\u00f3n. Inconformados com a repress\u00e3o militar, o povo reagiu e o pa\u00eds viveu um per\u00edodo muito delicado com o desaparecimento de milhares de pessoas, fato que originou o movimento &#8220;<a title=\"M\u00e3es de Maio\" href=\"https:\/\/www.facebook.com\/pg\/maes.demaio\/about\/?ref=page_internal\" target=\"_blank\" rel=\"noopener noreferrer\">M\u00e3es de Maio<\/a>&#8220;, formando por mulheres que se re\u00fanem na Pra\u00e7a de Maio, Buenos Aires, para exigirem not\u00edcias de seus filhos desaparecidos durante a ditadura militar.<\/p>\n<div id=\"attachment_6378\" class=\"wp-caption alignleft\" style=\"width: 1024px\"><a href=\"https:\/\/www.futbox.com\/blog\/wp-content\/uploads\/2018\/05\/1978-maes-de-maio-3-madres.jpg\"><img loading=\"lazy\" decoding=\"async\" class=\"wp-image-6378 size-full colorbox-6136\" title=\"Nota referente ao Movimento M\u00e3es de Maio em 2012\" src=\"https:\/\/www.futbox.com\/blog\/wp-content\/uploads\/2018\/05\/1978-maes-de-maio-3-madres.jpg\" alt=\"Nota referente ao Movimento M\u00e3es de Maio em 2012\" width=\"1024\" height=\"677\" srcset=\"https:\/\/www.futbox.com\/blog\/wp-content\/uploads\/2018\/05\/1978-maes-de-maio-3-madres.jpg 1024w, https:\/\/www.futbox.com\/blog\/wp-content\/uploads\/2018\/05\/1978-maes-de-maio-3-madres-300x198.jpg 300w, https:\/\/www.futbox.com\/blog\/wp-content\/uploads\/2018\/05\/1978-maes-de-maio-3-madres-620x409.jpg 620w\" sizes=\"auto, (max-width: 1024px) 100vw, 1024px\" \/><\/a><p class=\"wp-caption-text\">Nota referente ao Movimento M\u00e3es de Maio em 2012<\/p><\/div>\n<p>Algumas sele\u00e7\u00f5es classificadas amea\u00e7avam boicotar o Mundial da Argentina, que vivia a ditadura com pris\u00f5es, tortura e assassinatos de opositores do governo. Mesmo assim, Jo\u00e3o Havelange, presidente eleito da FIFA em 1974, resistiu \u00e0 press\u00e3o e confirmou a Copa do Mundo para o pa\u00eds sul-americano.<\/p>\n<div id=\"attachment_6314\" class=\"wp-caption alignleft\" style=\"width: 1280px\"><a href=\"https:\/\/www.futbox.com\/blog\/wp-content\/uploads\/2018\/05\/1978-monumental-estadio-2.jpg\"><img loading=\"lazy\" decoding=\"async\" class=\"wp-image-6314 size-full colorbox-6136\" title=\"1978 - Est\u00e1dio Monumental: abertura da Copa\" src=\"https:\/\/www.futbox.com\/blog\/wp-content\/uploads\/2018\/05\/1978-monumental-estadio-2.jpg\" alt=\"1978 - Est\u00e1dio Monumental: abertura da Copa\" width=\"1280\" height=\"873\" srcset=\"https:\/\/www.futbox.com\/blog\/wp-content\/uploads\/2018\/05\/1978-monumental-estadio-2.jpg 1280w, https:\/\/www.futbox.com\/blog\/wp-content\/uploads\/2018\/05\/1978-monumental-estadio-2-300x204.jpg 300w, https:\/\/www.futbox.com\/blog\/wp-content\/uploads\/2018\/05\/1978-monumental-estadio-2-1024x698.jpg 1024w, https:\/\/www.futbox.com\/blog\/wp-content\/uploads\/2018\/05\/1978-monumental-estadio-2-620x422.jpg 620w\" sizes=\"auto, (max-width: 1280px) 100vw, 1280px\" \/><\/a><p class=\"wp-caption-text\">1978 &#8211; Est\u00e1dio Monumental: abertura da Copa<\/p><\/div>\n<p>&nbsp;<\/p>\n<p><strong>2) Craques de fora<\/strong><\/p>\n<p>O boicote das sele\u00e7\u00f5es n\u00e3o passou de amea\u00e7a. Mas dois craques se negaram a disputar a Copa do Mundo da Argentina: o alem\u00e3o Paul Breitner e o holand\u00eas Johan Cruyff, ambos alegaram quest\u00f5es morais para n\u00e3o participar do Mundial. Na \u00e9poca, houve um boato relacionado ao boicote de Cruyff, que dizia n\u00e3o ter nada a ver com assuntos pol\u00edticos, mas sim, pelo fato da premia\u00e7\u00e3o oferecida pela Holanda ser aqu\u00e9m do que o craque esperava.<\/p>\n<div id=\"attachment_6317\" class=\"wp-caption alignleft\" style=\"width: 1200px\"><a href=\"https:\/\/www.futbox.com\/blog\/wp-content\/uploads\/2018\/05\/1978-boycott-Coupe-du-Monde-Jean-Francois-Batellier-Muse\u0301e-NationalduSport-Nice.jpg\"><img loading=\"lazy\" decoding=\"async\" class=\"  wp-image-6317 size-full colorbox-6136\" title=\"COBA: Coletivo pelo Boicote da Copa do Mundo na Argentina\" src=\"https:\/\/www.futbox.com\/blog\/wp-content\/uploads\/2018\/05\/1978-boycott-Coupe-du-Monde-Jean-Francois-Batellier-Muse\u0301e-NationalduSport-Nice.jpg\" alt=\"COBA: Coletivo pelo Boicote da Copa do Mundo na Argentina\" width=\"1200\" height=\"1057\" srcset=\"https:\/\/www.futbox.com\/blog\/wp-content\/uploads\/2018\/05\/1978-boycott-Coupe-du-Monde-Jean-Francois-Batellier-Muse\u0301e-NationalduSport-Nice.jpg 1200w, https:\/\/www.futbox.com\/blog\/wp-content\/uploads\/2018\/05\/1978-boycott-Coupe-du-Monde-Jean-Francois-Batellier-Muse\u0301e-NationalduSport-Nice-300x264.jpg 300w, https:\/\/www.futbox.com\/blog\/wp-content\/uploads\/2018\/05\/1978-boycott-Coupe-du-Monde-Jean-Francois-Batellier-Muse\u0301e-NationalduSport-Nice-1024x901.jpg 1024w, https:\/\/www.futbox.com\/blog\/wp-content\/uploads\/2018\/05\/1978-boycott-Coupe-du-Monde-Jean-Francois-Batellier-Muse\u0301e-NationalduSport-Nice-620x546.jpg 620w\" sizes=\"auto, (max-width: 1200px) 100vw, 1200px\" \/><\/a><p class=\"wp-caption-text\">COBA: Coletivo pelo Boicote da Copa do Mundo na Argentina<\/p><\/div>\n<p>&nbsp;<\/p>\n<div id=\"attachment_6325\" class=\"wp-caption alignleft\" style=\"width: 3000px\"><a href=\"https:\/\/www.futbox.com\/blog\/wp-content\/uploads\/2018\/05\/arg_1978_Neuberger-Havelange-the-World-Cup-trophy-some-Generals-and-a-few-guns.jpg\"><img loading=\"lazy\" decoding=\"async\" class=\"  wp-image-6325 size-full colorbox-6136\" title=\"Presen\u00e7a militar nos jogos da Copa de 1978\" src=\"https:\/\/www.futbox.com\/blog\/wp-content\/uploads\/2018\/05\/arg_1978_Neuberger-Havelange-the-World-Cup-trophy-some-Generals-and-a-few-guns.jpg\" alt=\"Presen\u00e7a militar nos jogos da Copa de 1978\" width=\"3000\" height=\"2386\" srcset=\"https:\/\/www.futbox.com\/blog\/wp-content\/uploads\/2018\/05\/arg_1978_Neuberger-Havelange-the-World-Cup-trophy-some-Generals-and-a-few-guns.jpg 3000w, https:\/\/www.futbox.com\/blog\/wp-content\/uploads\/2018\/05\/arg_1978_Neuberger-Havelange-the-World-Cup-trophy-some-Generals-and-a-few-guns-300x238.jpg 300w, https:\/\/www.futbox.com\/blog\/wp-content\/uploads\/2018\/05\/arg_1978_Neuberger-Havelange-the-World-Cup-trophy-some-Generals-and-a-few-guns-1024x814.jpg 1024w, https:\/\/www.futbox.com\/blog\/wp-content\/uploads\/2018\/05\/arg_1978_Neuberger-Havelange-the-World-Cup-trophy-some-Generals-and-a-few-guns-620x493.jpg 620w\" sizes=\"auto, (max-width: 3000px) 100vw, 3000px\" \/><\/a><p class=\"wp-caption-text\">Presen\u00e7a militar nos jogos da Copa de 1978<\/p><\/div>\n<p>&nbsp;<\/p>\n<p><strong>3) Gol 1000<\/strong><\/p>\n<p><a title=\"Copa de 78: Holanda vs Esc\u00f3cia\" href=\"http:\/\/www.futbox.com\/pt\/copas\/1978#!jogos\/grupos\/24\" target=\"_blank\" rel=\"noopener noreferrer\">Holanda e Esc\u00f3cia<\/a> se enfrentaram pela 1\u00aa fase da Copa de 78. Apesar de os escoceses vencerem a partida (3&#215;2), quem entrou de vez para a hist\u00f3ria do futebol foi o holand\u00eas Rob Rensenbrink que marcou o mil\u00e9simo gol de Copas do Mundo ao converter uma penalidade em favor da Laranja Mec\u00e2nica. Confira o p\u00eanalti no video abaixo:<\/p>\n<p><iframe loading=\"lazy\" src=\"https:\/\/www.youtube.com\/embed\/3pKIj83rSzg\" width=\"560\" height=\"315\" frameborder=\"0\" allowfullscreen=\"allowfullscreen\"><\/iframe><\/p>\n<p>&nbsp;<\/p>\n<p><strong>4) Hungria x Kimberley<\/strong><\/p>\n<p>Fran\u00e7a e Hungria se enfrentaram pela 1\u00aa fase do torneio. Na ocasi\u00e3o, as duas sele\u00e7\u00f5es entraram em campo com camisa branca. Um sorteio definiu quem deveria trocar de uniforme. Os franceses perderam e como n\u00e3o tinham trazido camisas reservas, foram obrigados a jogar com camisa verde e branca emprestada pelo C.A. Kimberley, clube amador da Argentina.<\/p>\n<div id=\"attachment_6320\" class=\"wp-caption alignleft\" style=\"width: 1280px\"><a href=\"https:\/\/www.futbox.com\/blog\/wp-content\/uploads\/2018\/05\/1978-fra-vs-hun-platini.jpg\"><img loading=\"lazy\" decoding=\"async\" class=\"wp-image-6320 size-full colorbox-6136\" title=\"Platini deixando o campo com a camisa 15\" src=\"https:\/\/www.futbox.com\/blog\/wp-content\/uploads\/2018\/05\/1978-fra-vs-hun-platini.jpg\" alt=\"Platini deixando o campo com a camisa 15\" width=\"1280\" height=\"960\" srcset=\"https:\/\/www.futbox.com\/blog\/wp-content\/uploads\/2018\/05\/1978-fra-vs-hun-platini.jpg 1280w, https:\/\/www.futbox.com\/blog\/wp-content\/uploads\/2018\/05\/1978-fra-vs-hun-platini-300x225.jpg 300w, https:\/\/www.futbox.com\/blog\/wp-content\/uploads\/2018\/05\/1978-fra-vs-hun-platini-1024x768.jpg 1024w, https:\/\/www.futbox.com\/blog\/wp-content\/uploads\/2018\/05\/1978-fra-vs-hun-platini-620x465.jpg 620w\" sizes=\"auto, (max-width: 1280px) 100vw, 1280px\" \/><\/a><p class=\"wp-caption-text\">Platini deixando o campo com a camisa 15<\/p><\/div>\n<p>&nbsp;<\/p>\n<p><strong>5) Soltando o grito<\/strong><\/p>\n<p>Pela 2\u00aa vez consecutiva a Holanda chegava a uma final de Copa do Mundo. A base da sele\u00e7\u00e3o vice-campe\u00e3 foi mantida, apesar da aus\u00eancia do craque Johan Cruyff.<\/p>\n<p>O advers\u00e1rio era a anfitri\u00e3 Argentina que contava com o talento de M\u00e1rio Kempes. O atacante abriu o placar ainda no 1\u00ba tempo, mas viu sua sele\u00e7\u00e3o sofrer o empate com um gol de Nanninga na etapa complementar.<\/p>\n<p>O jogo foi para a prorroga\u00e7\u00e3o e Kempes brilhou mais uma vez. Com outro gol e uma assist\u00eancia foi o destaque da partida: <a title=\"Copa de 1978\" href=\"http:\/\/www.futbox.com\/pt\/copas\/1978#!jogos\/finais-e-semifinais\/1\" target=\"_blank\" rel=\"noopener noreferrer\">3&#215;1 Argentina<\/a>. A torcida local finalmente comemorou o 1\u00ba t\u00edtulo do pa\u00eds em Copas do Mundo. O grito de campe\u00e3o estava engasgado desde 1930, quando os argentinos perderam a decis\u00e3o para os uruguaios.<\/p>\n<div id=\"attachment_6321\" class=\"wp-caption alignleft\" style=\"width: 1452px\"><a href=\"https:\/\/www.futbox.com\/blog\/wp-content\/uploads\/2018\/05\/arg_1978-ultras.png\"><img loading=\"lazy\" decoding=\"async\" class=\"wp-image-6321 size-full colorbox-6136\" title=\"1978 - Final: torcida argentina no in\u00edcio do jogo\" src=\"https:\/\/www.futbox.com\/blog\/wp-content\/uploads\/2018\/05\/arg_1978-ultras.png\" alt=\"1978 - Final: torcida argentina no in\u00edcio do jogo\" width=\"1452\" height=\"796\" srcset=\"https:\/\/www.futbox.com\/blog\/wp-content\/uploads\/2018\/05\/arg_1978-ultras.png 1452w, https:\/\/www.futbox.com\/blog\/wp-content\/uploads\/2018\/05\/arg_1978-ultras-300x164.png 300w, https:\/\/www.futbox.com\/blog\/wp-content\/uploads\/2018\/05\/arg_1978-ultras-1024x561.png 1024w, https:\/\/www.futbox.com\/blog\/wp-content\/uploads\/2018\/05\/arg_1978-ultras-620x339.png 620w\" sizes=\"auto, (max-width: 1452px) 100vw, 1452px\" \/><\/a><p class=\"wp-caption-text\">1978 &#8211; Final: torcida argentina no in\u00edcio do jogo<\/p><\/div>\n<p>&nbsp;<\/p>\n<div id=\"attachment_6322\" class=\"wp-caption alignleft\" style=\"width: 1200px\"><a href=\"https:\/\/www.futbox.com\/blog\/wp-content\/uploads\/2018\/05\/1978-torcida.jpg\"><img loading=\"lazy\" decoding=\"async\" class=\"wp-image-6322 size-full colorbox-6136\" title=\"1978 - Final: torcida argentina em festa\" src=\"https:\/\/www.futbox.com\/blog\/wp-content\/uploads\/2018\/05\/1978-torcida.jpg\" alt=\"1978 - Final: torcida argentina em festa\" width=\"1200\" height=\"798\" srcset=\"https:\/\/www.futbox.com\/blog\/wp-content\/uploads\/2018\/05\/1978-torcida.jpg 1200w, https:\/\/www.futbox.com\/blog\/wp-content\/uploads\/2018\/05\/1978-torcida-300x199.jpg 300w, https:\/\/www.futbox.com\/blog\/wp-content\/uploads\/2018\/05\/1978-torcida-1024x680.jpg 1024w, https:\/\/www.futbox.com\/blog\/wp-content\/uploads\/2018\/05\/1978-torcida-620x412.jpg 620w\" sizes=\"auto, (max-width: 1200px) 100vw, 1200px\" \/><\/a><p class=\"wp-caption-text\">1978 &#8211; Final: torcida argentina em festa<\/p><\/div>\n<p>&nbsp;<\/p>\n<div id=\"attachment_6326\" class=\"wp-caption alignleft\" style=\"width: 1600px\"><a href=\"https:\/\/www.futbox.com\/blog\/wp-content\/uploads\/2018\/05\/arg_1978-final-gol.jpg\"><img loading=\"lazy\" decoding=\"async\" class=\"  wp-image-6326 size-full colorbox-6136\" title=\"Gol de Mario Kempes. Argentina campe\u00e3 do mundo!\" src=\"https:\/\/www.futbox.com\/blog\/wp-content\/uploads\/2018\/05\/arg_1978-final-gol.jpg\" alt=\"Gol de Mario Kempes. Argentina campe\u00e3 do mundo!\" width=\"1600\" height=\"1028\" srcset=\"https:\/\/www.futbox.com\/blog\/wp-content\/uploads\/2018\/05\/arg_1978-final-gol.jpg 1600w, https:\/\/www.futbox.com\/blog\/wp-content\/uploads\/2018\/05\/arg_1978-final-gol-300x192.jpg 300w, https:\/\/www.futbox.com\/blog\/wp-content\/uploads\/2018\/05\/arg_1978-final-gol-1024x657.jpg 1024w, https:\/\/www.futbox.com\/blog\/wp-content\/uploads\/2018\/05\/arg_1978-final-gol-620x398.jpg 620w\" sizes=\"auto, (max-width: 1600px) 100vw, 1600px\" \/><\/a><p class=\"wp-caption-text\">Gol de Mario Kempes. Argentina campe\u00e3 do mundo!<\/p><\/div>\n<p>\u2022 <a title=\"Copa de 1978\" href=\"http:\/\/www.futbox.com\/pt\/copas\/1978#!jogos\/finais-e-semifinais\/1\" target=\"_blank\" rel=\"noopener noreferrer\">Todos os jogos ilustrados da Copa de 1978 AQUI<\/a>.<\/p>\n<p>&nbsp;<\/p>\n<h2><strong>1982 &#8211; sede: Espanha | campe\u00e3o: It\u00e1lia<\/strong><\/h2>\n<p>&nbsp;<\/p>\n<p>Com tempo para se preparar. Mais sele\u00e7\u00f5es! Juventude e goleada. Crescendo na hora certa. Redu\u00e7\u00e3o de pena.<\/p>\n<p><strong>1) Anteced\u00eancia m\u00e1xima<\/strong><\/p>\n<p>Em 1964 a FIFA oficializou a Espanha como a sede oficial da Copa do Mundo de 1982. Dessa maneira, o pa\u00eds teve 18 anos para se preparar para organizar o evento. Para isso, mandou representantes para os mundiais de 1966, 1970, 1974 e 1978. O objetivo era claro: aperfei\u00e7oar as boas ideias e n\u00e3o repetir os erros cometidos por outras sedes.<\/p>\n<div id=\"attachment_6332\" class=\"wp-caption alignleft\" style=\"width: 1024px\"><a href=\"https:\/\/www.futbox.com\/blog\/wp-content\/uploads\/2018\/05\/1982-abertura-01.jpg\"><img loading=\"lazy\" decoding=\"async\" class=\"wp-image-6332 size-full colorbox-6136\" title=\"1982: cerim\u00f4nia de abertura - Est\u00e1dio Camp Nou\" src=\"https:\/\/www.futbox.com\/blog\/wp-content\/uploads\/2018\/05\/1982-abertura-01.jpg\" alt=\"1982: cerim\u00f4nia de abertura - Est\u00e1dio Camp Nou\" width=\"1024\" height=\"613\" srcset=\"https:\/\/www.futbox.com\/blog\/wp-content\/uploads\/2018\/05\/1982-abertura-01.jpg 1024w, https:\/\/www.futbox.com\/blog\/wp-content\/uploads\/2018\/05\/1982-abertura-01-300x179.jpg 300w, https:\/\/www.futbox.com\/blog\/wp-content\/uploads\/2018\/05\/1982-abertura-01-620x371.jpg 620w\" sizes=\"auto, (max-width: 1024px) 100vw, 1024px\" \/><\/a><p class=\"wp-caption-text\">1982: cerim\u00f4nia de abertura &#8211; Est\u00e1dio Camp Nou<\/p><\/div>\n<p>&nbsp;<\/p>\n<p><strong>2) Incha\u00e7o<\/strong><\/p>\n<p>\u00c0s v\u00e9speras da Copa de 1974, Jo\u00e3o Havelange foi eleito presidente da FIFA e uma de suas promessas era aumentar para 20, o n\u00famero de pa\u00edses classificados para as Copas do Mundo. Apesar do atraso \u2013 16 sele\u00e7\u00f5es disputaram em 1978 \u2013 a edi\u00e7\u00e3o de 1982, foi &#8220;inchada&#8221; para 24 equipes (entre elas, as estreantes Arg\u00e9lia, Camar\u00f5es, Honduras, Kuwait e Nova Zel\u00e2ndia). Com isso, eram necess\u00e1rias mudan\u00e7as na f\u00f3rmula de disputa e a FIFA estabeleceu seis grupos de quatro sele\u00e7\u00f5es; as duas primeiras classificavam a segunda fase e seriam divididas em grupos de tr\u00eas. Os l\u00edderes avan\u00e7avam as semifinais.<\/p>\n<div id=\"attachment_6331\" class=\"wp-caption alignleft\" style=\"width: 1214px\"><a href=\"https:\/\/www.futbox.com\/blog\/wp-content\/uploads\/2018\/05\/1982-grupos-01.jpg\"><img loading=\"lazy\" decoding=\"async\" class=\"wp-image-6331 size-full colorbox-6136\" title=\"1982: sorteio dos Grupos da Copa\" src=\"https:\/\/www.futbox.com\/blog\/wp-content\/uploads\/2018\/05\/1982-grupos-01.jpg\" alt=\"1982: sorteio dos Grupos da Copa\" width=\"1214\" height=\"697\" srcset=\"https:\/\/www.futbox.com\/blog\/wp-content\/uploads\/2018\/05\/1982-grupos-01.jpg 1214w, https:\/\/www.futbox.com\/blog\/wp-content\/uploads\/2018\/05\/1982-grupos-01-300x172.jpg 300w, https:\/\/www.futbox.com\/blog\/wp-content\/uploads\/2018\/05\/1982-grupos-01-1024x587.jpg 1024w, https:\/\/www.futbox.com\/blog\/wp-content\/uploads\/2018\/05\/1982-grupos-01-620x355.jpg 620w\" sizes=\"auto, (max-width: 1214px) 100vw, 1214px\" \/><\/a><p class=\"wp-caption-text\">1982: sorteio dos Grupos da Copa<\/p><\/div>\n<p>&nbsp;<\/p>\n<p><strong>3) Recordes<\/strong><\/p>\n<p>Na primeira fase, Norman Whiteside tornou-se o jogador mais jovem a disputar uma partida de Copa do Mundo. Com 17 anos e 41 dias, ele defendeu a Irlanda do Norte no jogo de estreia contra a Iugosl\u00e1via, que acabou em empate sem gols. J\u00e1 a <a title=\"Copa de 1982\" href=\"http:\/\/www.futbox.com\/pt\/copas\/1982#!jogos\/segunda-fase\/14\" target=\"_blank\" rel=\"noopener noreferrer\">Hungria, aplicou 10&#215;1 em El Salvador<\/a>, a maior goleada da hist\u00f3ria dos mundiais, por\u00e9m foi eliminada depois de derrota para a Argentina e empate contra a B\u00e9lgica.<\/p>\n<div id=\"attachment_6338\" class=\"wp-caption alignleft\" style=\"width: 1024px\"><a href=\"https:\/\/www.futbox.com\/blog\/wp-content\/uploads\/2018\/05\/1982-10x1.jpg\"><img loading=\"lazy\" decoding=\"async\" class=\"wp-image-6338 size-full colorbox-6136\" title=\"1982 - Grupo C: HUN 10x1 SLV\" src=\"https:\/\/www.futbox.com\/blog\/wp-content\/uploads\/2018\/05\/1982-10x1.jpg\" alt=\"1982 - Grupo C: HUN 10x1 SLV\" width=\"1024\" height=\"647\" srcset=\"https:\/\/www.futbox.com\/blog\/wp-content\/uploads\/2018\/05\/1982-10x1.jpg 1024w, https:\/\/www.futbox.com\/blog\/wp-content\/uploads\/2018\/05\/1982-10x1-300x189.jpg 300w, https:\/\/www.futbox.com\/blog\/wp-content\/uploads\/2018\/05\/1982-10x1-620x391.jpg 620w\" sizes=\"auto, (max-width: 1024px) 100vw, 1024px\" \/><\/a><p class=\"wp-caption-text\">1982 &#8211; Grupo C: HUN 10&#215;1 SLV<\/p><\/div>\n<div id=\"attachment_6339\" class=\"wp-caption alignleft\" style=\"width: 1024px\"><a href=\"https:\/\/www.futbox.com\/blog\/wp-content\/uploads\/2018\/05\/hun_1982-vs-el-salv.jpg\"><img loading=\"lazy\" decoding=\"async\" class=\"wp-image-6339 size-full colorbox-6136\" title=\"1982: dom\u00ednio h\u00fangaro em campo\" src=\"https:\/\/www.futbox.com\/blog\/wp-content\/uploads\/2018\/05\/hun_1982-vs-el-salv.jpg\" alt=\"1982: dom\u00ednio h\u00fangaro em campo\" width=\"1024\" height=\"695\" srcset=\"https:\/\/www.futbox.com\/blog\/wp-content\/uploads\/2018\/05\/hun_1982-vs-el-salv.jpg 1024w, https:\/\/www.futbox.com\/blog\/wp-content\/uploads\/2018\/05\/hun_1982-vs-el-salv-300x203.jpg 300w, https:\/\/www.futbox.com\/blog\/wp-content\/uploads\/2018\/05\/hun_1982-vs-el-salv-620x420.jpg 620w\" sizes=\"auto, (max-width: 1024px) 100vw, 1024px\" \/><\/a><p class=\"wp-caption-text\">1982: dom\u00ednio h\u00fangaro em campo<\/p><\/div>\n<p>&nbsp;<\/p>\n<p><strong>4) Time de decis\u00e3o<\/strong><\/p>\n<p>A campe\u00e3 It\u00e1lia entrou desacreditada na 2\u00aa fase da Copa de 82. Isso porque a Azurra havia apenas empatado as suas tr\u00eas partidas da fase de grupos. Como na \u00e9poca a vit\u00f3ria valia apenas dois pontos, a sele\u00e7\u00e3o se classificou e, posteriormente, conquistou seu terceiro t\u00edtulo mundial ao vencer a Alemanha Ocidental por 3&#215;1 na decis\u00e3o.<\/p>\n<div id=\"attachment_6341\" class=\"wp-caption alignleft\" style=\"width: 1280px\"><a href=\"https:\/\/www.futbox.com\/blog\/wp-content\/uploads\/2018\/05\/ita_1982-1-1-Cameroon-World-Cup.jpg\"><img loading=\"lazy\" decoding=\"async\" class=\"wp-image-6341 size-full colorbox-6136\" title=\"Grupo A: ITA 1x1 CMR e classifica\u00e7\u00e3o no saldo de gols\" src=\"https:\/\/www.futbox.com\/blog\/wp-content\/uploads\/2018\/05\/ita_1982-1-1-Cameroon-World-Cup.jpg\" alt=\"Grupo A: ITA 1x1 CMR e classifica\u00e7\u00e3o no saldo de gols\" width=\"1280\" height=\"861\" srcset=\"https:\/\/www.futbox.com\/blog\/wp-content\/uploads\/2018\/05\/ita_1982-1-1-Cameroon-World-Cup.jpg 1280w, https:\/\/www.futbox.com\/blog\/wp-content\/uploads\/2018\/05\/ita_1982-1-1-Cameroon-World-Cup-300x201.jpg 300w, https:\/\/www.futbox.com\/blog\/wp-content\/uploads\/2018\/05\/ita_1982-1-1-Cameroon-World-Cup-1024x688.jpg 1024w, https:\/\/www.futbox.com\/blog\/wp-content\/uploads\/2018\/05\/ita_1982-1-1-Cameroon-World-Cup-620x417.jpg 620w\" sizes=\"auto, (max-width: 1280px) 100vw, 1280px\" \/><\/a><p class=\"wp-caption-text\">Grupo A: ITA 1&#215;1 CMR e classifica\u00e7\u00e3o no saldo de gols<\/p><\/div>\n<p>&nbsp;<\/p>\n<p><strong>5) Totonero<\/strong><\/p>\n<p>Paolo Rossi foi o artilheiro da Copa de 82. Mas o craque quase ficou de fora da delega\u00e7\u00e3o italiana que viajou \u00e0 Espanha. Isso porque em 1980, o atacante se envolveu no &#8220;<a title=\"Totonero\" href=\"http:\/\/www.footyfair.com\/2016\/02\/footballs-biggest-ever-scandals-part-2.html\" target=\"_blank\" rel=\"noopener noreferrer\">Totonero<\/a>&#8220;, esc\u00e2ndalo no futebol italiano que condenou clubes, dirigentes e jogadores por manipula\u00e7\u00e3o de resultados. Rossi foi punido com tr\u00eas anos de suspens\u00e3o e s\u00f3 participou da Copa porque a pena foi diminu\u00edda para dois anos.<\/p>\n<div id=\"attachment_6342\" class=\"wp-caption alignleft\" style=\"width: 1024px\"><a href=\"https:\/\/www.futbox.com\/blog\/wp-content\/uploads\/2018\/05\/1982-1980-Totonero.jpg\"><img loading=\"lazy\" decoding=\"async\" class=\"wp-image-6342 size-full colorbox-6136\" title=\"Manchete da \u00e9poca: &quot;Que triste: Manipula\u00e7\u00e3o nos est\u00e1dios&quot;\" src=\"https:\/\/www.futbox.com\/blog\/wp-content\/uploads\/2018\/05\/1982-1980-Totonero.jpg\" alt=\"Manchete da \u00e9poca: &quot;Que triste: Manipula\u00e7\u00e3o nos est\u00e1dios&quot;\" width=\"1024\" height=\"752\" srcset=\"https:\/\/www.futbox.com\/blog\/wp-content\/uploads\/2018\/05\/1982-1980-Totonero.jpg 1024w, https:\/\/www.futbox.com\/blog\/wp-content\/uploads\/2018\/05\/1982-1980-Totonero-300x220.jpg 300w, https:\/\/www.futbox.com\/blog\/wp-content\/uploads\/2018\/05\/1982-1980-Totonero-620x455.jpg 620w\" sizes=\"auto, (max-width: 1024px) 100vw, 1024px\" \/><\/a><p class=\"wp-caption-text\">Manchete da \u00e9poca: &#8220;Que triste: Manipula\u00e7\u00e3o nos est\u00e1dios&#8221;<\/p><\/div>\n<p>&nbsp;<\/p>\n<h2><strong>1982 &#8211; B\u00f4nus<\/strong><\/h2>\n<p>&nbsp;<\/p>\n<p>No final, contra tudo e contra todos, a Azzurra se consagraria tricampe\u00e3 do mundo na Espanha em 1982, eliminando a sele\u00e7\u00e3o brasileira, uma das melhores de todas as Copas, a Argentina, atual campe\u00e3, a Pol\u00f4nia na semifinal e a <a title=\"Copa de 1982\" href=\"http:\/\/www.futbox.com\/pt\/copas\/1982#!jogos\/finais-e-semifinais\/1\" target=\"_blank\" rel=\"noopener noreferrer\">Alemanha Ocidental na final por 3&#215;1<\/a>.<\/p>\n<div id=\"attachment_6349\" class=\"wp-caption alignleft\" style=\"width: 1280px\"><a href=\"https:\/\/www.futbox.com\/blog\/wp-content\/uploads\/2018\/05\/1982-Paolo-Rossi-v-Brazil-1982-World-Cup..jpg\"><img loading=\"lazy\" decoding=\"async\" class=\"wp-image-6349 size-full colorbox-6136\" title=\"Paolo Rossi marca pela 3\u00aa vez: ITA 3x2 BRA\" src=\"https:\/\/www.futbox.com\/blog\/wp-content\/uploads\/2018\/05\/1982-Paolo-Rossi-v-Brazil-1982-World-Cup..jpg\" alt=\"Paolo Rossi marca pela 3\u00aa vez: ITA 3x2 BRA\" width=\"1280\" height=\"866\" srcset=\"https:\/\/www.futbox.com\/blog\/wp-content\/uploads\/2018\/05\/1982-Paolo-Rossi-v-Brazil-1982-World-Cup..jpg 1280w, https:\/\/www.futbox.com\/blog\/wp-content\/uploads\/2018\/05\/1982-Paolo-Rossi-v-Brazil-1982-World-Cup.-300x202.jpg 300w, https:\/\/www.futbox.com\/blog\/wp-content\/uploads\/2018\/05\/1982-Paolo-Rossi-v-Brazil-1982-World-Cup.-1024x692.jpg 1024w, https:\/\/www.futbox.com\/blog\/wp-content\/uploads\/2018\/05\/1982-Paolo-Rossi-v-Brazil-1982-World-Cup.-620x419.jpg 620w\" sizes=\"auto, (max-width: 1280px) 100vw, 1280px\" \/><\/a><p class=\"wp-caption-text\">Paolo Rossi marca pela 3\u00aa vez: ITA 3&#215;2 BRA<\/p><\/div>\n<p>&nbsp;<\/p>\n<div id=\"attachment_6351\" class=\"wp-caption alignleft\" style=\"width: 1024px\"><a href=\"https:\/\/www.futbox.com\/blog\/wp-content\/uploads\/2018\/05\/ita_1982-Marco-Tardelli.jpg\"><img loading=\"lazy\" decoding=\"async\" class=\"  wp-image-6351 size-full colorbox-6136\" title=\"Marco Tardelli e a comemora\u00e7\u00e3o na Final que entrou para a hist\u00f3ria das Copas\" src=\"https:\/\/www.futbox.com\/blog\/wp-content\/uploads\/2018\/05\/ita_1982-Marco-Tardelli.jpg\" alt=\"Marco Tardelli e a comemora\u00e7\u00e3o na Final que entrou para a hist\u00f3ria das Copas\" width=\"1024\" height=\"768\" srcset=\"https:\/\/www.futbox.com\/blog\/wp-content\/uploads\/2018\/05\/ita_1982-Marco-Tardelli.jpg 1024w, https:\/\/www.futbox.com\/blog\/wp-content\/uploads\/2018\/05\/ita_1982-Marco-Tardelli-300x225.jpg 300w, https:\/\/www.futbox.com\/blog\/wp-content\/uploads\/2018\/05\/ita_1982-Marco-Tardelli-620x465.jpg 620w\" sizes=\"auto, (max-width: 1024px) 100vw, 1024px\" \/><\/a><p class=\"wp-caption-text\">Marco Tardelli e a comemora\u00e7\u00e3o na Final que entrou para a hist\u00f3ria das Copas<\/p><\/div>\n<p>&nbsp;<\/p>\n<div id=\"attachment_6350\" class=\"wp-caption alignleft\" style=\"width: 1920px\"><a href=\"https:\/\/www.futbox.com\/blog\/wp-content\/uploads\/2018\/05\/1982-italia-tri.jpg\"><img loading=\"lazy\" decoding=\"async\" class=\"  wp-image-6350 size-full colorbox-6136\" title=\"It\u00e1lia tricampe\u00e3 do mundo!\" src=\"https:\/\/www.futbox.com\/blog\/wp-content\/uploads\/2018\/05\/1982-italia-tri.jpg\" alt=\"It\u00e1lia tricampe\u00e3 do mundo!\" width=\"1920\" height=\"1080\" srcset=\"https:\/\/www.futbox.com\/blog\/wp-content\/uploads\/2018\/05\/1982-italia-tri.jpg 1920w, https:\/\/www.futbox.com\/blog\/wp-content\/uploads\/2018\/05\/1982-italia-tri-300x168.jpg 300w, https:\/\/www.futbox.com\/blog\/wp-content\/uploads\/2018\/05\/1982-italia-tri-1024x576.jpg 1024w, https:\/\/www.futbox.com\/blog\/wp-content\/uploads\/2018\/05\/1982-italia-tri-620x348.jpg 620w\" sizes=\"auto, (max-width: 1920px) 100vw, 1920px\" \/><\/a><p class=\"wp-caption-text\">It\u00e1lia tricampe\u00e3 do mundo!<\/p><\/div>\n<p>&nbsp;<\/p>\n<p>\u2022 <a title=\"Copa de 1982\" href=\"http:\/\/www.futbox.com\/pt\/copas\/1982#!jogos\/finais-e-semifinais\/1\" target=\"_blank\" rel=\"noopener noreferrer\">Todos os jogos ilustrados da Copa de 1982 AQUI<\/a>.<\/p>\n<p>&nbsp;<\/p>\n<p><strong>Pr\u00f3ximo &#8220;Top 5 Curiosidades das Copas&#8221;: 1986, 90 e 94.<br \/>\n<\/strong><br \/>\nFontes:<\/p>\n<p>&nbsp;<\/p>\n<p>\u2022 <a title=\"Futbox.com\" href=\"http:\/\/www.futbox.com\/pt\" target=\"_blank\" rel=\"noopener noreferrer\">Futbox &#8211; Centro De Pesquisa Gr\u00e1fica Sobre Futebol<\/a><\/p>\n<p>\u2022 Livro &#8211; O mundo das Copas, de Lycio Vellozo Ribas<\/p>\n<p>&nbsp;<\/p>\n<p>&nbsp;<\/p>\n<p>&nbsp;<\/p>\n","protected":false},"excerpt":{"rendered":"<p>Atentado terrorista. Adidas com duas listras. Carrossel Holand\u00eas encanta o mundo. Craques dizem &#8220;n\u00e3o&#8221; a Copa. Gol 1000. Time amador entra para a hist\u00f3ria dos mundiais. Mais sele\u00e7\u00f5es! Redu\u00e7\u00e3o de pena e conquista da ta\u00e7a. Top 5 Curiosidades das Copas!<\/p>\n","protected":false},"author":8,"featured_media":6142,"comment_status":"open","ping_status":"open","sticky":false,"template":"","format":"standard","meta":{"footnotes":""},"categories":[12,1,24],"tags":[195,709,217,321,404,196,194,576,205,391,682,378,671],"class_list":["post-6136","post","type-post","status-publish","format-standard","has-post-thumbnail","hentry","category-campeonatos","category-futebol-outros","category-selecoes","tag-brasil","tag-copa-da-russia","tag-copa-do-mundo","tag-escudos","tag-fifa","tag-futbox","tag-futebol","tag-mundiales","tag-mundialito","tag-pele","tag-russia-2018","tag-selecao-brasileira","tag-worldcups"],"_links":{"self":[{"href":"https:\/\/www.futbox.com\/blog\/wp-json\/wp\/v2\/posts\/6136","targetHints":{"allow":["GET"]}}],"collection":[{"href":"https:\/\/www.futbox.com\/blog\/wp-json\/wp\/v2\/posts"}],"about":[{"href":"https:\/\/www.futbox.com\/blog\/wp-json\/wp\/v2\/types\/post"}],"author":[{"embeddable":true,"href":"https:\/\/www.futbox.com\/blog\/wp-json\/wp\/v2\/users\/8"}],"replies":[{"embeddable":true,"href":"https:\/\/www.futbox.com\/blog\/wp-json\/wp\/v2\/comments?post=6136"}],"version-history":[{"count":84,"href":"https:\/\/www.futbox.com\/blog\/wp-json\/wp\/v2\/posts\/6136\/revisions"}],"predecessor-version":[{"id":10218,"href":"https:\/\/www.futbox.com\/blog\/wp-json\/wp\/v2\/posts\/6136\/revisions\/10218"}],"wp:featuredmedia":[{"embeddable":true,"href":"https:\/\/www.futbox.com\/blog\/wp-json\/wp\/v2\/media\/6142"}],"wp:attachment":[{"href":"https:\/\/www.futbox.com\/blog\/wp-json\/wp\/v2\/media?parent=6136"}],"wp:term":[{"taxonomy":"category","embeddable":true,"href":"https:\/\/www.futbox.com\/blog\/wp-json\/wp\/v2\/categories?post=6136"},{"taxonomy":"post_tag","embeddable":true,"href":"https:\/\/www.futbox.com\/blog\/wp-json\/wp\/v2\/tags?post=6136"}],"curies":[{"name":"wp","href":"https:\/\/api.w.org\/{rel}","templated":true}]}}