{"id":6683,"date":"2018-12-22T12:55:38","date_gmt":"2018-12-22T15:55:38","guid":{"rendered":"http:\/\/blog.futbox.com\/?p=6683"},"modified":"2025-12-23T11:11:34","modified_gmt":"2025-12-23T14:11:34","slug":"tudo-sobre-o-lancamento-da-marca-sparta","status":"publish","type":"post","link":"https:\/\/www.futbox.com\/blog\/clubes\/tudo-sobre-o-lancamento-da-marca-sparta","title":{"rendered":"Tudo sobre o lan\u00e7amento da marca Sparta"},"content":{"rendered":"<p>J\u00e1 ouviu falar sobre os 3Ts? Foi a partir dessa Metodologia que desenvolvemos a nova Marca Pr\u00f3pria de material esportivo para o <a title=\"Am\u00e9rica Futebol Clube\" href=\"http:\/\/www.futbox.com\/pt\/afc#!escudos\" target=\"_blank\" rel=\"noopener noreferrer\">Am\u00e9rica Futebol Clube<\/a>.\u00a0O processo de cria\u00e7\u00e3o da marca Sparta e de toda a linha de material esportivo foi um desdobramento das <a title=\"Futbox Am\u00e9rica\" href=\"https:\/\/www.americamineiro.com.br\/club\/news\/2018\/12\/20\/somossparta-america-apresenta-sua-marca-propria-de-uniformes\/\" target=\"_blank\" rel=\"noopener noreferrer\">a\u00e7\u00f5es<\/a> que realizamos junto ao Clube desde 2016.<\/p>\n<div id=\"attachment_6694\" class=\"wp-caption aligncenter\" style=\"width: 2480px\"><a href=\"https:\/\/www.futbox.com\/blog\/wp-content\/uploads\/2018\/12\/3T-2017-face-twt01.jpg\"><img loading=\"lazy\" decoding=\"async\" class=\"wp-image-6694 size-full colorbox-6683\" title=\"Metodologia dos 3TS: Tradi\u00e7\u00e3o - Torcida - Trof\u00e9us\" src=\"https:\/\/www.futbox.com\/blog\/wp-content\/uploads\/2018\/12\/3T-2017-face-twt01.jpg\" alt=\"Metodologia dos 3Ts\" width=\"2480\" height=\"1747\" srcset=\"https:\/\/www.futbox.com\/blog\/wp-content\/uploads\/2018\/12\/3T-2017-face-twt01.jpg 2480w, https:\/\/www.futbox.com\/blog\/wp-content\/uploads\/2018\/12\/3T-2017-face-twt01-300x211.jpg 300w, https:\/\/www.futbox.com\/blog\/wp-content\/uploads\/2018\/12\/3T-2017-face-twt01-1024x721.jpg 1024w, https:\/\/www.futbox.com\/blog\/wp-content\/uploads\/2018\/12\/3T-2017-face-twt01-620x436.jpg 620w\" sizes=\"auto, (max-width: 2480px) 100vw, 2480px\" \/><\/a><p class=\"wp-caption-text\">Metodologia dos 3Ts<\/p><\/div>\n<h2>Concep\u00e7\u00e3o<\/h2>\n<p>O conceito para a nova marca foi criado a partir da hist\u00f3ria cl\u00e1ssica de Esparta e de seu ex\u00e9rcito: os &#8220;300 de Sparta&#8221;. A miss\u00e3o do Futbox foi sintetizar graficamente os elementos e a simbologia desse universo l\u00fadico e os transportar para a nova marca, alinhados agora, com a hist\u00f3ria do Am\u00e9rica, com o objetivo de projetar o Clube para o futuro, a partir da <a title=\"Metodologia dos 3TS \u2013 Tradi\u00e7\u00e3o, Torcida e Trof\u00e9us\" href=\"http:\/\/bit.ly\/Futbox3TS\" target=\"_blank\" rel=\"noopener noreferrer\">Metodologia dos 3TS \u2013 Tradi\u00e7\u00e3o, Torcida e Trof\u00e9us<\/a>. Para isso resgatamos o &#8220;Decampeonato&#8221; e o inserimos no contexto &#8220;Spartano&#8221;, no qual um ex\u00e9rcito em menor n\u00famero lutou bravamente contra milhares e fez hist\u00f3ria. <em>#SomosSparta!<\/em><\/p>\n<p>Abaixo quatro telas que fizeram parte da apresenta\u00e7\u00e3o da marca. As duas primeiras com imagens de um escultura espartana do s\u00e9culo VI a.C.\u00a0e da est\u00e1tua do general Le\u00f4nidas, na cidade de Esparta (Gr\u00e9cia). A terceira mostra a s\u00edntese gr\u00e1fica que foi aplicada em toda a identidade visual + uniformes e, finalmente, a quarta tela, que apresenta a transforma\u00e7\u00e3o do n\u00famero &#8220;10&#8221; na inicial &#8220;S&#8221; do logo Sparta:<\/p>\n<div id=\"attachment_6767\" class=\"wp-caption aligncenter\" style=\"width: 3508px\"><a href=\"https:\/\/www.futbox.com\/blog\/wp-content\/uploads\/2018\/12\/teal-Sparta-00.png\"><img loading=\"lazy\" decoding=\"async\" class=\"wp-image-6767 size-full colorbox-6683\" title=\"Escultura de um soldado espartano: s\u00e9culo VI a.C. \" src=\"https:\/\/www.futbox.com\/blog\/wp-content\/uploads\/2018\/12\/teal-Sparta-00.png\" alt=\"Escultura espartana do s\u00e9culo VI a.C.\" width=\"3508\" height=\"1973\" srcset=\"https:\/\/www.futbox.com\/blog\/wp-content\/uploads\/2018\/12\/teal-Sparta-00.png 3508w, https:\/\/www.futbox.com\/blog\/wp-content\/uploads\/2018\/12\/teal-Sparta-00-300x168.png 300w, https:\/\/www.futbox.com\/blog\/wp-content\/uploads\/2018\/12\/teal-Sparta-00-1024x575.png 1024w, https:\/\/www.futbox.com\/blog\/wp-content\/uploads\/2018\/12\/teal-Sparta-00-620x348.png 620w\" sizes=\"auto, (max-width: 3508px) 100vw, 3508px\" \/><\/a><p class=\"wp-caption-text\">Escultura espartana do s\u00e9culo VI a.C.<\/p><\/div>\n<p>&nbsp;<\/p>\n<div id=\"attachment_6700\" class=\"wp-caption aligncenter\" style=\"width: 1920px\"><a href=\"https:\/\/www.futbox.com\/blog\/wp-content\/uploads\/2018\/12\/teal-Sparta-01.png\"><img loading=\"lazy\" decoding=\"async\" class=\"wp-image-6700 size-full colorbox-6683\" title=\"Le\u00f4nidas, o grande general espartano\" src=\"https:\/\/www.futbox.com\/blog\/wp-content\/uploads\/2018\/12\/teal-Sparta-01.png\" alt=\"Est\u00e1tua do General Le\u00f4nidas, na cidade de Esparta (Gr\u00e9cia)\" width=\"1920\" height=\"1080\" srcset=\"https:\/\/www.futbox.com\/blog\/wp-content\/uploads\/2018\/12\/teal-Sparta-01.png 1920w, https:\/\/www.futbox.com\/blog\/wp-content\/uploads\/2018\/12\/teal-Sparta-01-300x168.png 300w, https:\/\/www.futbox.com\/blog\/wp-content\/uploads\/2018\/12\/teal-Sparta-01-1024x576.png 1024w, https:\/\/www.futbox.com\/blog\/wp-content\/uploads\/2018\/12\/teal-Sparta-01-620x348.png 620w\" sizes=\"auto, (max-width: 1920px) 100vw, 1920px\" \/><\/a><p class=\"wp-caption-text\">Est\u00e1tua do General Le\u00f4nidas, na cidade de Esparta (Gr\u00e9cia)<\/p><\/div>\n<p>&nbsp;<\/p>\n<div id=\"attachment_6701\" class=\"wp-caption aligncenter\" style=\"width: 1920px\"><a href=\"https:\/\/www.futbox.com\/blog\/wp-content\/uploads\/2018\/12\/teal-Sparta-02.png\"><img loading=\"lazy\" decoding=\"async\" class=\"wp-image-6701 size-full colorbox-6683\" title=\"S\u00edntese gr\u00e1fica: DECA &gt; 10 &gt; S &gt; Sparta\" src=\"https:\/\/www.futbox.com\/blog\/wp-content\/uploads\/2018\/12\/teal-Sparta-02.png\" alt=\"Concep\u00e7\u00e3o &quot;Sparta&quot;\" width=\"1920\" height=\"1080\" srcset=\"https:\/\/www.futbox.com\/blog\/wp-content\/uploads\/2018\/12\/teal-Sparta-02.png 1920w, https:\/\/www.futbox.com\/blog\/wp-content\/uploads\/2018\/12\/teal-Sparta-02-300x168.png 300w, https:\/\/www.futbox.com\/blog\/wp-content\/uploads\/2018\/12\/teal-Sparta-02-1024x576.png 1024w, https:\/\/www.futbox.com\/blog\/wp-content\/uploads\/2018\/12\/teal-Sparta-02-620x348.png 620w\" sizes=\"auto, (max-width: 1920px) 100vw, 1920px\" \/><\/a><p class=\"wp-caption-text\">Concep\u00e7\u00e3o &#8220;Sparta&#8221;<\/p><\/div>\n<p>&nbsp;<\/p>\n<div id=\"attachment_6702\" class=\"wp-caption aligncenter\" style=\"width: 1920px\"><a href=\"https:\/\/www.futbox.com\/blog\/wp-content\/uploads\/2018\/12\/teal-Sparta-03.png\"><img loading=\"lazy\" decoding=\"async\" class=\"wp-image-6702 size-full colorbox-6683\" title=\"Transforma\u00e7\u00e3o do n\u00famero &quot;10&quot; na inicial &quot;S&quot;\" src=\"https:\/\/www.futbox.com\/blog\/wp-content\/uploads\/2018\/12\/teal-Sparta-03.png\" alt=\"Concep\u00e7\u00e3o &quot;Deca&quot;: 10 = S\" width=\"1920\" height=\"1080\" srcset=\"https:\/\/www.futbox.com\/blog\/wp-content\/uploads\/2018\/12\/teal-Sparta-03.png 1920w, https:\/\/www.futbox.com\/blog\/wp-content\/uploads\/2018\/12\/teal-Sparta-03-300x168.png 300w, https:\/\/www.futbox.com\/blog\/wp-content\/uploads\/2018\/12\/teal-Sparta-03-1024x576.png 1024w, https:\/\/www.futbox.com\/blog\/wp-content\/uploads\/2018\/12\/teal-Sparta-03-620x348.png 620w\" sizes=\"auto, (max-width: 1920px) 100vw, 1920px\" \/><\/a><p class=\"wp-caption-text\">Concep\u00e7\u00e3o &#8220;Deca&#8221;: 10 = S<\/p><\/div>\n<p>&nbsp;<\/p>\n<p>Clique no link abaixo e veja a apresenta\u00e7\u00e3o completa com todas as telas que formaram o conceito gr\u00e1fico para a nova marca pr\u00f3pria de material esportivo &#8211; <strong>Sparta<\/strong>:<\/p>\n<p><a title=\"Sparta Am\u00e9rica Futebol Clube\" href=\"http:\/\/blog.futbox.com\/wp-content\/uploads\/2018\/12\/Apres-AFC-2019-Sparta-BLOG2.pdf\" target=\"_blank\" rel=\"noopener noreferrer\">Apres-AFC-2019-Sparta-BLOG<\/a><\/p>\n<p>&nbsp;<\/p>\n<h2>Lan\u00e7amento da marca Sparta<span style=\"font-size: 16px;\"><br \/>\n<\/span><\/h2>\n<p>&nbsp;<\/p>\n<p>V\u00e1rios aspectos relacionados \u00e0 hist\u00f3ria do Am\u00e9rica, ao comportamento dos seus torcedores e aos cen\u00e1rios comerciais, atuais e futuros, envolveram a cria\u00e7\u00e3o e tamb\u00e9m o lan\u00e7amento da nova marca, que ficou a cargo da <a title=\"Ag\u00eancia AM4\" href=\"http:\/\/www.am4.com.br\/\" target=\"_blank\" rel=\"noopener noreferrer\">Ag\u00eancia AM4<\/a>. O video a seguir traz mais detalhes:<\/p>\n<p><iframe loading=\"lazy\" src=\"https:\/\/www.youtube.com\/embed\/-uDxXScsMNM\" width=\"560\" height=\"315\" frameborder=\"0\" allowfullscreen=\"allowfullscreen\"><\/iframe><\/p>\n<p>&nbsp;<\/p>\n<p>Video oficial de lan\u00e7amento:<\/p>\n<p><iframe loading=\"lazy\" src=\"https:\/\/www.youtube.com\/embed\/GRxIwrz3i5Y\" width=\"560\" height=\"315\" frameborder=\"0\" allowfullscreen=\"allowfullscreen\"><\/iframe><\/p>\n<p><strong style=\"font-size: 1.5em;\">Repercuss\u00e3o na imprensa &#8211; Parte I<\/strong><\/p>\n<p>&nbsp;<\/p>\n<p>O lan\u00e7amento foi muito bem recebido pelos torcedores e impressa. Listamos alguns ve\u00edculos onde a marca Sparta virou not\u00edcia:<\/p>\n<p style=\"text-align: left;\"><a title=\"Globo esporte\" href=\"https:\/\/globoesporte.globo.com\/futebol\/times\/america-mg\/noticia\/america-mg-lanca-marca-propria-para-confeccao-de-uniformes-a-partir-da-temporada-2019.ghtml\" target=\"_blank\" rel=\"noopener noreferrer\">Glogo Esporte<\/a>, <a title=\"MKT Esportivo\" href=\"http:\/\/www.mktesportivo.com\/2018\/12\/america-mg-apresenta-a-sparta-sua-marca-propria-de-uniformes\/\" target=\"_blank\" rel=\"noopener noreferrer\">MKT Esportivo<\/a>, <a title=\"site Trivela\" href=\"https:\/\/trivela.com.br\/o-america-mineiro-e-mais-um-clube-a-lancar-sua-propria-marca-de-uniformes-a-sparta\/\" target=\"_blank\" rel=\"noopener noreferrer\">Site Trivela<\/a>, <a title=\"SE Superesportes\" href=\"https:\/\/www.mg.superesportes.com.br\/app\/noticias\/futebol\/america-mg\/2018\/12\/20\/noticia_america_mg,557520\/america-inicia-campanha-de-divulgacao-e-revela-nome-de-marca-propria.shtml\" target=\"_blank\" rel=\"noopener noreferrer\">Portal Superesportes<\/a>,\u00a0<a title=\"Mantos do Futebol\" href=\"https:\/\/mantosdofutebol.com.br\/2018\/12\/sparta-processo-criacao-nova-marca-america-mg\/\" target=\"_blank\" rel=\"noopener noreferrer\">Mantos do Futebol<\/a>, <a title=\"Lance\" href=\"https:\/\/www.lance.com.br\/america-mineiro\/pioneiro-minas-america-lanca-sua-grife-uniformes.html\" target=\"_blank\" rel=\"noopener noreferrer\">Lance<\/a>,\u00a0<a href=\"https:\/\/www.maquinadoesporte.com.br\/artigo\/america-mg-segue-tendencia-e-apresenta-marca-propria\/\" target=\"_blank\" rel=\"noopener noreferrer\">M\u00e1quina do Esporte<\/a>, <a title=\"Itatiaia\" href=\"http:\/\/www.itatiaia.com.br\/noticia\/sparta-america-lanca-marca-propria-de-materia\" target=\"_blank\" rel=\"noopener noreferrer\">Portal Itatiaia<\/a>, <a title=\"O Tempo\" href=\"https:\/\/www.otempo.com.br\/superfc\/am%C3%A9rica\/am%C3%A9rica-apresenta-marca-pr%C3%B3pria-de-uniformes-que-ser%C3%A3o-usados-em-2019-1.2083135\" target=\"_blank\" rel=\"noopener noreferrer\">O Tempo<\/a>, <a title=\"Futebol na Veia\" href=\"http:\/\/www.futebolnaveia.com.br\/wp\/sparta-material-america\/\" target=\"_blank\" rel=\"noopener noreferrer\">Futebol na Veia<\/a>, <a title=\"Show de Camisas\" href=\"http:\/\/www.showdecamisas.com.br\/2018\/12\/sparta-e-nova-marca-esportiva-do.html\" target=\"_blank\" rel=\"noopener noreferrer\">Portal Show de Camisas<\/a>, <a title=\"Vavel\" href=\"https:\/\/www.vavel.com\/br\/futebol\/2018\/12\/20\/america-mg\/960661-manto-novo-america-mg-promove-marca-propria-para-uniformes.html\" target=\"_blank\" rel=\"noopener noreferrer\">Portal Vavel<\/a>.<\/p>\n<p style=\"text-align: left;\">Aproveite e adquira o novo manto sagrado do <strong>Am\u00e9rica<\/strong>! \u00c9 s\u00f3 <a title=\"Sparta Am\u00e9rica Futbox\" href=\"https:\/\/lojadoamericamg.com.br\/sparta\/\" target=\"_blank\" rel=\"noopener noreferrer\">clicar AQUI<\/a>:<\/p>\n<div id=\"attachment_6782\" class=\"wp-caption aligncenter\" style=\"width: 1920px\"><a href=\"https:\/\/www.futbox.com\/blog\/wp-content\/uploads\/2018\/12\/afc-sparta-2019-futbox-01.jpg\"><img loading=\"lazy\" decoding=\"async\" class=\"wp-image-6782 size-full colorbox-6683\" title=\"Sparta 2019 - Camisa de Jogo Titular (foto:AM4)\" src=\"https:\/\/www.futbox.com\/blog\/wp-content\/uploads\/2018\/12\/afc-sparta-2019-futbox-01.jpg\" alt=\"Camisa titular 2019 Sparta: design Futbox\" width=\"1920\" height=\"933\" srcset=\"https:\/\/www.futbox.com\/blog\/wp-content\/uploads\/2018\/12\/afc-sparta-2019-futbox-01.jpg 1920w, https:\/\/www.futbox.com\/blog\/wp-content\/uploads\/2018\/12\/afc-sparta-2019-futbox-01-300x145.jpg 300w, https:\/\/www.futbox.com\/blog\/wp-content\/uploads\/2018\/12\/afc-sparta-2019-futbox-01-1024x497.jpg 1024w, https:\/\/www.futbox.com\/blog\/wp-content\/uploads\/2018\/12\/afc-sparta-2019-futbox-01-620x301.jpg 620w, https:\/\/www.futbox.com\/blog\/wp-content\/uploads\/2018\/12\/afc-sparta-2019-futbox-01-200x96.jpg 200w\" sizes=\"auto, (max-width: 1920px) 100vw, 1920px\" \/><\/a><p class=\"wp-caption-text\">Camisa titular 2019 Sparta: design Futbox<\/p><\/div>\n<h2>Enfim chegou o grande dia!<\/h2>\n<p style=\"text-align: left;\">O dia 17 de janeiro de 2019, uma quinta-feira, foi uma data hist\u00f3rica! Na noite de ontem o <strong>Am\u00e9rica Futebol Clube<\/strong> lan\u00e7ou oficialmente seus novos uniformes <strong>Sparta<\/strong> para a temporada. Um marco na trajet\u00f3ria centen\u00e1ria do Clube. O evento aconteceu na <a title=\"Loja do Am\u00e9rica\" href=\"https:\/\/lojadoamericamg.com.br\/sparta\/\" target=\"_blank\" rel=\"noopener noreferrer\">Loja do Am\u00e9rica<\/a> no Boulevard Shopping e foi um sucesso de p\u00fablico e cr\u00edtica.<\/p>\n<p>Toda a linha de material esportivo \u00e9 um desdobramento da marca, onde os detalhes dos uniformes enriquecem o conceito &#8220;Sparta&#8221; valorizando a tradi\u00e7\u00e3o (uniforme 1) em harmonia com a inova\u00e7\u00e3o (uniforme 2), presentes na identidade visual do Coelho ao longo das d\u00e9cadas.<\/p>\n<p>Gostaria de agradecer novamente ao marketing do Am\u00e9rica pela oportunidade e honra de desenvolver o <strong>Projeto Sparta<\/strong>\u00a0e aos parceiros Gadel Consultoria e <a title=\"Bomache Esportes\" href=\"https:\/\/twitter.com\/bomacheesportes\" target=\"_blank\" rel=\"noopener noreferrer\">Bomache Esportes<\/a> (respons\u00e1vel pela confec\u00e7\u00e3o das pe\u00e7as), al\u00e9m da AM4 (campanha digital).<\/p>\n<p style=\"text-align: left;\">Abaixo um pouco do que foi a noite inesquec\u00edvel de ontem:<\/p>\n<div id=\"attachment_6789\" class=\"wp-caption aligncenter\" style=\"width: 1920px\"><a href=\"https:\/\/www.futbox.com\/blog\/wp-content\/uploads\/2018\/12\/afc-futbox-sparta-01-1920.jpg\"><img loading=\"lazy\" decoding=\"async\" class=\"wp-image-6789 size-full colorbox-6683\" title=\"Entrada do Ex\u00e9rcito Spartano\" src=\"https:\/\/www.futbox.com\/blog\/wp-content\/uploads\/2018\/12\/afc-futbox-sparta-01-1920.jpg\" alt=\"lan\u00e7amento Enxoval 2019 Sparta\" width=\"1920\" height=\"1282\" srcset=\"https:\/\/www.futbox.com\/blog\/wp-content\/uploads\/2018\/12\/afc-futbox-sparta-01-1920.jpg 1920w, https:\/\/www.futbox.com\/blog\/wp-content\/uploads\/2018\/12\/afc-futbox-sparta-01-1920-300x200.jpg 300w, https:\/\/www.futbox.com\/blog\/wp-content\/uploads\/2018\/12\/afc-futbox-sparta-01-1920-1024x683.jpg 1024w, https:\/\/www.futbox.com\/blog\/wp-content\/uploads\/2018\/12\/afc-futbox-sparta-01-1920-620x413.jpg 620w\" sizes=\"auto, (max-width: 1920px) 100vw, 1920px\" \/><\/a><p class=\"wp-caption-text\">lan\u00e7amento Enxoval 2019 Sparta<\/p><\/div>\n<div id=\"attachment_6790\" class=\"wp-caption aligncenter\" style=\"width: 1920px\"><a href=\"https:\/\/www.futbox.com\/blog\/wp-content\/uploads\/2018\/12\/afc-futbox-sparta-02-1920.jpg\"><img loading=\"lazy\" decoding=\"async\" class=\"wp-image-6790 size-full colorbox-6683\" title=\"Apresenta\u00e7\u00e3o das camisas 1 e 2 Sparta!\" src=\"https:\/\/www.futbox.com\/blog\/wp-content\/uploads\/2018\/12\/afc-futbox-sparta-02-1920.jpg\" alt=\"lan\u00e7amento Enxoval 2019 Sparta\" width=\"1920\" height=\"1282\" srcset=\"https:\/\/www.futbox.com\/blog\/wp-content\/uploads\/2018\/12\/afc-futbox-sparta-02-1920.jpg 1920w, https:\/\/www.futbox.com\/blog\/wp-content\/uploads\/2018\/12\/afc-futbox-sparta-02-1920-300x200.jpg 300w, https:\/\/www.futbox.com\/blog\/wp-content\/uploads\/2018\/12\/afc-futbox-sparta-02-1920-1024x683.jpg 1024w, https:\/\/www.futbox.com\/blog\/wp-content\/uploads\/2018\/12\/afc-futbox-sparta-02-1920-620x413.jpg 620w\" sizes=\"auto, (max-width: 1920px) 100vw, 1920px\" \/><\/a><p class=\"wp-caption-text\">lan\u00e7amento Enxoval 2019 Sparta<\/p><\/div>\n<div id=\"attachment_6791\" class=\"wp-caption aligncenter\" style=\"width: 1920px\"><a href=\"https:\/\/www.futbox.com\/blog\/wp-content\/uploads\/2018\/12\/afc-futbox-sparta-07-1920.jpg\"><img loading=\"lazy\" decoding=\"async\" class=\"wp-image-6791 size-full colorbox-6683\" title=\"O jogador Marcelo Toscano e o manto titular\" src=\"https:\/\/www.futbox.com\/blog\/wp-content\/uploads\/2018\/12\/afc-futbox-sparta-07-1920.jpg\" alt=\"lan\u00e7amento Enxoval 2019 Sparta\" width=\"1920\" height=\"1282\" srcset=\"https:\/\/www.futbox.com\/blog\/wp-content\/uploads\/2018\/12\/afc-futbox-sparta-07-1920.jpg 1920w, https:\/\/www.futbox.com\/blog\/wp-content\/uploads\/2018\/12\/afc-futbox-sparta-07-1920-300x200.jpg 300w, https:\/\/www.futbox.com\/blog\/wp-content\/uploads\/2018\/12\/afc-futbox-sparta-07-1920-1024x683.jpg 1024w, https:\/\/www.futbox.com\/blog\/wp-content\/uploads\/2018\/12\/afc-futbox-sparta-07-1920-620x413.jpg 620w\" sizes=\"auto, (max-width: 1920px) 100vw, 1920px\" \/><\/a><p class=\"wp-caption-text\">lan\u00e7amento Enxoval 2019 Sparta<\/p><\/div>\n<div id=\"attachment_6792\" class=\"wp-caption aligncenter\" style=\"width: 1920px\"><a href=\"https:\/\/www.futbox.com\/blog\/wp-content\/uploads\/2018\/12\/afc-futbox-sparta-08-1920.jpg\"><img loading=\"lazy\" decoding=\"async\" class=\"wp-image-6792 size-full colorbox-6683\" title=\"Uniforme titular: valoriza\u00e7\u00e3o da tradi\u00e7\u00e3o\" src=\"https:\/\/www.futbox.com\/blog\/wp-content\/uploads\/2018\/12\/afc-futbox-sparta-08-1920.jpg\" alt=\"lan\u00e7amento Enxoval 2019 Sparta\" width=\"1920\" height=\"1282\" srcset=\"https:\/\/www.futbox.com\/blog\/wp-content\/uploads\/2018\/12\/afc-futbox-sparta-08-1920.jpg 1920w, https:\/\/www.futbox.com\/blog\/wp-content\/uploads\/2018\/12\/afc-futbox-sparta-08-1920-300x200.jpg 300w, https:\/\/www.futbox.com\/blog\/wp-content\/uploads\/2018\/12\/afc-futbox-sparta-08-1920-1024x683.jpg 1024w, https:\/\/www.futbox.com\/blog\/wp-content\/uploads\/2018\/12\/afc-futbox-sparta-08-1920-620x413.jpg 620w\" sizes=\"auto, (max-width: 1920px) 100vw, 1920px\" \/><\/a><p class=\"wp-caption-text\">lan\u00e7amento Enxoval 2019 Sparta<\/p><\/div>\n<div id=\"attachment_6793\" class=\"wp-caption aligncenter\" style=\"width: 1920px\"><a href=\"https:\/\/www.futbox.com\/blog\/wp-content\/uploads\/2018\/12\/afc-futbox-sparta-09-1920.jpg\"><img loading=\"lazy\" decoding=\"async\" class=\"wp-image-6793 size-full colorbox-6683\" title=\"Jogador Fran\u00e7a e o manto reserva\" src=\"https:\/\/www.futbox.com\/blog\/wp-content\/uploads\/2018\/12\/afc-futbox-sparta-09-1920.jpg\" alt=\"lan\u00e7amento Enxoval 2019 Sparta\" width=\"1920\" height=\"1282\" srcset=\"https:\/\/www.futbox.com\/blog\/wp-content\/uploads\/2018\/12\/afc-futbox-sparta-09-1920.jpg 1920w, https:\/\/www.futbox.com\/blog\/wp-content\/uploads\/2018\/12\/afc-futbox-sparta-09-1920-300x200.jpg 300w, https:\/\/www.futbox.com\/blog\/wp-content\/uploads\/2018\/12\/afc-futbox-sparta-09-1920-1024x683.jpg 1024w, https:\/\/www.futbox.com\/blog\/wp-content\/uploads\/2018\/12\/afc-futbox-sparta-09-1920-620x413.jpg 620w\" sizes=\"auto, (max-width: 1920px) 100vw, 1920px\" \/><\/a><p class=\"wp-caption-text\">lan\u00e7amento Enxoval 2019 Sparta<\/p><\/div>\n<div id=\"attachment_6794\" class=\"wp-caption aligncenter\" style=\"width: 1920px\"><a href=\"https:\/\/www.futbox.com\/blog\/wp-content\/uploads\/2018\/12\/afc-futbox-sparta-10-1920.jpg\"><img loading=\"lazy\" decoding=\"async\" class=\"wp-image-6794 size-full colorbox-6683\" title=\"Uniforme reserva: inova\u00e7\u00e3o na aplica\u00e7\u00e3o do escudo\" src=\"https:\/\/www.futbox.com\/blog\/wp-content\/uploads\/2018\/12\/afc-futbox-sparta-10-1920.jpg\" alt=\"lan\u00e7amento Enxoval 2019 Sparta\" width=\"1920\" height=\"1282\" srcset=\"https:\/\/www.futbox.com\/blog\/wp-content\/uploads\/2018\/12\/afc-futbox-sparta-10-1920.jpg 1920w, https:\/\/www.futbox.com\/blog\/wp-content\/uploads\/2018\/12\/afc-futbox-sparta-10-1920-300x200.jpg 300w, https:\/\/www.futbox.com\/blog\/wp-content\/uploads\/2018\/12\/afc-futbox-sparta-10-1920-1024x683.jpg 1024w, https:\/\/www.futbox.com\/blog\/wp-content\/uploads\/2018\/12\/afc-futbox-sparta-10-1920-620x413.jpg 620w\" sizes=\"auto, (max-width: 1920px) 100vw, 1920px\" \/><\/a><p class=\"wp-caption-text\">lan\u00e7amento Enxoval 2019 Sparta<\/p><\/div>\n<div id=\"attachment_6795\" class=\"wp-caption aligncenter\" style=\"width: 1920px\"><a href=\"https:\/\/www.futbox.com\/blog\/wp-content\/uploads\/2018\/12\/afc-futbox-sparta-13-1920-b.jpg\"><img loading=\"lazy\" decoding=\"async\" class=\"wp-image-6795 size-full colorbox-6683\" title=\"Uniformes titular e reserva dos goleiros Spartanos\" src=\"https:\/\/www.futbox.com\/blog\/wp-content\/uploads\/2018\/12\/afc-futbox-sparta-13-1920-b.jpg\" alt=\"lan\u00e7amento Enxoval 2019 Sparta\" width=\"1920\" height=\"1282\" srcset=\"https:\/\/www.futbox.com\/blog\/wp-content\/uploads\/2018\/12\/afc-futbox-sparta-13-1920-b.jpg 1920w, https:\/\/www.futbox.com\/blog\/wp-content\/uploads\/2018\/12\/afc-futbox-sparta-13-1920-b-300x200.jpg 300w, https:\/\/www.futbox.com\/blog\/wp-content\/uploads\/2018\/12\/afc-futbox-sparta-13-1920-b-1024x683.jpg 1024w, https:\/\/www.futbox.com\/blog\/wp-content\/uploads\/2018\/12\/afc-futbox-sparta-13-1920-b-620x413.jpg 620w\" sizes=\"auto, (max-width: 1920px) 100vw, 1920px\" \/><\/a><p class=\"wp-caption-text\">lan\u00e7amento Enxoval 2019 Sparta<\/p><\/div>\n<div id=\"attachment_6796\" class=\"wp-caption aligncenter\" style=\"width: 1920px\"><a href=\"https:\/\/www.futbox.com\/blog\/wp-content\/uploads\/2018\/12\/afc-futbox-sparta-15-1920.jpg\"><img loading=\"lazy\" decoding=\"async\" class=\"wp-image-6796 size-full colorbox-6683\" title=\"O Coelho j\u00e1 deu o recado! Rumo ao Tri!\" src=\"https:\/\/www.futbox.com\/blog\/wp-content\/uploads\/2018\/12\/afc-futbox-sparta-15-1920.jpg\" alt=\"lan\u00e7amento Enxoval 2019 Sparta\" width=\"1920\" height=\"1282\" srcset=\"https:\/\/www.futbox.com\/blog\/wp-content\/uploads\/2018\/12\/afc-futbox-sparta-15-1920.jpg 1920w, https:\/\/www.futbox.com\/blog\/wp-content\/uploads\/2018\/12\/afc-futbox-sparta-15-1920-300x200.jpg 300w, https:\/\/www.futbox.com\/blog\/wp-content\/uploads\/2018\/12\/afc-futbox-sparta-15-1920-1024x683.jpg 1024w, https:\/\/www.futbox.com\/blog\/wp-content\/uploads\/2018\/12\/afc-futbox-sparta-15-1920-620x413.jpg 620w\" sizes=\"auto, (max-width: 1920px) 100vw, 1920px\" \/><\/a><p class=\"wp-caption-text\">lan\u00e7amento Enxoval 2019 Sparta<\/p><\/div>\n<div id=\"attachment_6797\" class=\"wp-caption aligncenter\" style=\"width: 1920px\"><a href=\"https:\/\/www.futbox.com\/blog\/wp-content\/uploads\/2018\/12\/afc-futbox-sparta-16-1920.jpg\"><img loading=\"lazy\" decoding=\"async\" class=\"wp-image-6797 size-full colorbox-6683\" title=\"#SomosSparta!\" src=\"https:\/\/www.futbox.com\/blog\/wp-content\/uploads\/2018\/12\/afc-futbox-sparta-16-1920.jpg\" alt=\"lan\u00e7amento Enxoval 2019 Sparta\" width=\"1920\" height=\"1282\" srcset=\"https:\/\/www.futbox.com\/blog\/wp-content\/uploads\/2018\/12\/afc-futbox-sparta-16-1920.jpg 1920w, https:\/\/www.futbox.com\/blog\/wp-content\/uploads\/2018\/12\/afc-futbox-sparta-16-1920-300x200.jpg 300w, https:\/\/www.futbox.com\/blog\/wp-content\/uploads\/2018\/12\/afc-futbox-sparta-16-1920-1024x683.jpg 1024w, https:\/\/www.futbox.com\/blog\/wp-content\/uploads\/2018\/12\/afc-futbox-sparta-16-1920-620x413.jpg 620w\" sizes=\"auto, (max-width: 1920px) 100vw, 1920px\" \/><\/a><p class=\"wp-caption-text\">lan\u00e7amento Enxoval 2019 Sparta<\/p><\/div>\n<p>&nbsp;<\/p>\n<h2>Repercuss\u00e3o na imprensa &#8211; Parte II<\/h2>\n<p>A apresenta\u00e7\u00e3o dos novos uniformes Sparta alcan\u00e7ou uma grande repercuss\u00e3o em toda a midia. Confira as mat\u00e9rias de alguns ve\u00edculos:<\/p>\n<p><a title=\"Globo Esporte\" href=\"https:\/\/globoesporte.globo.com\/futebol\/times\/america-mg\/noticia\/as-vesperas-da-estreia-america-mg-lanca-uniformes-para-2019-com-marca-propria.ghtml\" target=\"_blank\" rel=\"noopener noreferrer\">Globo Esporte<\/a>, <a title=\"Portal Terra\" href=\"https:\/\/www.terra.com.br\/esportes\/lance\/pioneiro-em-minas-america-mg-lanca-sua-grife-de-uniformes,a64974f7d444b3d8e9a534268a80e196kwoau9aw.html\" target=\"_blank\" rel=\"noopener noreferrer\">Portal Terra<\/a>,\u00a0<a title=\"Hoje em Dia\" href=\"https:\/\/www.hojeemdia.com.br\/esportes\/this-is-sparta-am%C3%A9rica-apresenta-primeiro-jogo-de-uniformes-assinado-por-marca-pr%C3%B3pria-1.687058\" target=\"_blank\" rel=\"noopener noreferrer\">Hoje Em Dia<\/a>, <a title=\"Lance\" href=\"https:\/\/www.lance.com.br\/america-mineiro\/america-lanca-colecao-uniformes-com-marca-propria.html\" target=\"_blank\" rel=\"noopener noreferrer\">Lance<\/a>, <a title=\"Superesportes\" href=\"https:\/\/www.mg.superesportes.com.br\/app\/noticias\/futebol\/america-mg\/2019\/01\/17\/noticia_america_mg,561940\/com-marca-propria-america-apresenta-uniformes-para-a-temporada-2019.shtml\" target=\"_blank\" rel=\"noopener noreferrer\">Superesportes<\/a>, <a title=\"Mantos do Futebol\" href=\"https:\/\/mantosdofutebol.com.br\/tag\/sparta\/\" target=\"_blank\" rel=\"noopener noreferrer\">Mantos do Futebol<\/a>.<\/p>\n<p>&nbsp;<\/p>\n<p><strong>Metodologia dos 3Ts na concep\u00e7\u00e3o dos uniformes Sparta 2019: Titular, Reserva e Terceiro<\/strong><\/p>\n<p>No dia 8 de novembro de 2019 o Am\u00e9rica divulgou o uniforme 3, concluindo o projeto que desenvolvemos em conjunto para a Marca Sparta 2019, a primeira temporada em que o Clube usaria sua marca pr\u00f3pria de material esportivo.<\/p>\n<div id=\"attachment_7162\" class=\"wp-caption aligncenter\" style=\"width: 1200px\"><a href=\"https:\/\/www.futbox.com\/blog\/wp-content\/uploads\/2018\/12\/afc-3rd-post-01-f-e1579210894148.jpg\"><img loading=\"lazy\" decoding=\"async\" class=\"wp-image-7162 size-full colorbox-6683\" src=\"https:\/\/www.futbox.com\/blog\/wp-content\/uploads\/2018\/12\/afc-3rd-post-01-f-e1579210894148.jpg\" alt=\"Uniforme 3 Sparta: design Futbox\" width=\"1200\" height=\"675\" srcset=\"https:\/\/www.futbox.com\/blog\/wp-content\/uploads\/2018\/12\/afc-3rd-post-01-f-e1579210894148.jpg 1200w, https:\/\/www.futbox.com\/blog\/wp-content\/uploads\/2018\/12\/afc-3rd-post-01-f-e1579210894148-300x169.jpg 300w, https:\/\/www.futbox.com\/blog\/wp-content\/uploads\/2018\/12\/afc-3rd-post-01-f-e1579210894148-1024x576.jpg 1024w, https:\/\/www.futbox.com\/blog\/wp-content\/uploads\/2018\/12\/afc-3rd-post-01-f-e1579210894148-620x349.jpg 620w, https:\/\/www.futbox.com\/blog\/wp-content\/uploads\/2018\/12\/afc-3rd-post-01-f-e1579210894148-768x432.jpg 768w\" sizes=\"auto, (max-width: 1200px) 100vw, 1200px\" \/><\/a><p class=\"wp-caption-text\">Uniforme 3 Sparta: design Futbox<\/p><\/div>\n<div id=\"attachment_7161\" class=\"wp-caption aligncenter\" style=\"width: 3264px\"><a href=\"https:\/\/www.futbox.com\/blog\/wp-content\/uploads\/2018\/12\/IMG_4958-e1579210833311.jpeg\"><img loading=\"lazy\" decoding=\"async\" class=\"wp-image-7161 size-full colorbox-6683\" src=\"https:\/\/www.futbox.com\/blog\/wp-content\/uploads\/2018\/12\/IMG_4958-e1579210833311.jpeg\" alt=\"Camisas 1, 2 e 3 Sparta: design Futbox\" width=\"3264\" height=\"2448\" srcset=\"https:\/\/www.futbox.com\/blog\/wp-content\/uploads\/2018\/12\/IMG_4958-e1579210833311.jpeg 3264w, https:\/\/www.futbox.com\/blog\/wp-content\/uploads\/2018\/12\/IMG_4958-e1579210833311-300x225.jpeg 300w, https:\/\/www.futbox.com\/blog\/wp-content\/uploads\/2018\/12\/IMG_4958-e1579210833311-1024x768.jpeg 1024w, https:\/\/www.futbox.com\/blog\/wp-content\/uploads\/2018\/12\/IMG_4958-e1579210833311-620x465.jpeg 620w, https:\/\/www.futbox.com\/blog\/wp-content\/uploads\/2018\/12\/IMG_4958-e1579210833311-768x576.jpeg 768w, https:\/\/www.futbox.com\/blog\/wp-content\/uploads\/2018\/12\/IMG_4958-e1579210833311-1536x1152.jpeg 1536w, https:\/\/www.futbox.com\/blog\/wp-content\/uploads\/2018\/12\/IMG_4958-e1579210833311-2048x1536.jpeg 2048w\" sizes=\"auto, (max-width: 3264px) 100vw, 3264px\" \/><\/a><p class=\"wp-caption-text\">Camisas 1, 2 e 3 Sparta: design Futbox<\/p><\/div>\n<p>A Cole\u00e7\u00e3o <strong>Sparta 2019<\/strong> sintetizou graficamente toda a <strong>Metodologia dos 3Ts<\/strong>:<\/p>\n<p><strong>1) Tradi\u00e7\u00e3o:<\/strong> aplica\u00e7\u00e3o do escudo principal no uniforme cl\u00e1ssico (titular) do Am\u00e9rica;<\/p>\n<p><strong>2) Torcida:<\/strong> a ess\u00eancia do clube simbolizada pelas inicias AFC no uniforme reserva;<\/p>\n<p><strong>3) Trof\u00e9us:<\/strong> o 1\u00ba Clube Decacampe\u00e3o do mundo ressignificado agora pelo pr\u00f3prio escudo.<\/p>\n<p>&nbsp;<\/p>\n<h2>Cole\u00e7\u00e3o Sparta 2020<\/h2>\n<p>&nbsp;<\/p>\n<div id=\"attachment_11270\" class=\"wp-caption aligncenter\" style=\"width: 1920px\"><a href=\"https:\/\/www.futbox.com\/blog\/wp-content\/uploads\/2018\/12\/2020-sparta-Futbox.png\"><img loading=\"lazy\" decoding=\"async\" class=\"wp-image-11270 size-full colorbox-6683\" src=\"https:\/\/www.futbox.com\/blog\/wp-content\/uploads\/2018\/12\/2020-sparta-Futbox.png\" alt=\"O cantor Buchecha usando a camisa Sparta em 2020\" width=\"1920\" height=\"1080\" srcset=\"https:\/\/www.futbox.com\/blog\/wp-content\/uploads\/2018\/12\/2020-sparta-Futbox.png 1920w, https:\/\/www.futbox.com\/blog\/wp-content\/uploads\/2018\/12\/2020-sparta-Futbox-300x169.png 300w, https:\/\/www.futbox.com\/blog\/wp-content\/uploads\/2018\/12\/2020-sparta-Futbox-1024x576.png 1024w, https:\/\/www.futbox.com\/blog\/wp-content\/uploads\/2018\/12\/2020-sparta-Futbox-768x432.png 768w, https:\/\/www.futbox.com\/blog\/wp-content\/uploads\/2018\/12\/2020-sparta-Futbox-1536x864.png 1536w, https:\/\/www.futbox.com\/blog\/wp-content\/uploads\/2018\/12\/2020-sparta-Futbox-620x349.png 620w\" sizes=\"auto, (max-width: 1920px) 100vw, 1920px\" \/><\/a><p class=\"wp-caption-text\">O cantor Buchecha usando a camisa Sparta em 2020<\/p><\/div>\n<p>&nbsp;<\/p>\n<div id=\"attachment_11271\" class=\"wp-caption aligncenter\" style=\"width: 2048px\"><a href=\"https:\/\/www.futbox.com\/blog\/wp-content\/uploads\/2018\/12\/2020-Sparta-novo-manto-vs-inter-05.jpg\"><img loading=\"lazy\" decoding=\"async\" class=\"wp-image-11271 size-full colorbox-6683\" src=\"https:\/\/www.futbox.com\/blog\/wp-content\/uploads\/2018\/12\/2020-Sparta-novo-manto-vs-inter-05.jpg\" alt=\"Inter x Am\u00e9rica pelas Quartas da Copa do Brasil 2020\" width=\"2048\" height=\"1365\" srcset=\"https:\/\/www.futbox.com\/blog\/wp-content\/uploads\/2018\/12\/2020-Sparta-novo-manto-vs-inter-05.jpg 2048w, https:\/\/www.futbox.com\/blog\/wp-content\/uploads\/2018\/12\/2020-Sparta-novo-manto-vs-inter-05-300x200.jpg 300w, https:\/\/www.futbox.com\/blog\/wp-content\/uploads\/2018\/12\/2020-Sparta-novo-manto-vs-inter-05-1024x683.jpg 1024w, https:\/\/www.futbox.com\/blog\/wp-content\/uploads\/2018\/12\/2020-Sparta-novo-manto-vs-inter-05-768x512.jpg 768w, https:\/\/www.futbox.com\/blog\/wp-content\/uploads\/2018\/12\/2020-Sparta-novo-manto-vs-inter-05-1536x1024.jpg 1536w, https:\/\/www.futbox.com\/blog\/wp-content\/uploads\/2018\/12\/2020-Sparta-novo-manto-vs-inter-05-620x413.jpg 620w\" sizes=\"auto, (max-width: 2048px) 100vw, 2048px\" \/><\/a><p class=\"wp-caption-text\">Inter x Am\u00e9rica pelas Quartas da Copa do Brasil 2020<\/p><\/div>\n<p>&nbsp;<\/p>\n<div id=\"attachment_11272\" class=\"wp-caption aligncenter\" style=\"width: 1616px\"><a href=\"https:\/\/www.futbox.com\/blog\/wp-content\/uploads\/2018\/12\/2020-sparta.jpg\"><img loading=\"lazy\" decoding=\"async\" class=\"wp-image-11272 size-full colorbox-6683\" src=\"https:\/\/www.futbox.com\/blog\/wp-content\/uploads\/2018\/12\/2020-sparta.jpg\" alt=\"Uniforme Sparta 2020\" width=\"1616\" height=\"1077\" srcset=\"https:\/\/www.futbox.com\/blog\/wp-content\/uploads\/2018\/12\/2020-sparta.jpg 1616w, https:\/\/www.futbox.com\/blog\/wp-content\/uploads\/2018\/12\/2020-sparta-300x200.jpg 300w, https:\/\/www.futbox.com\/blog\/wp-content\/uploads\/2018\/12\/2020-sparta-1024x682.jpg 1024w, https:\/\/www.futbox.com\/blog\/wp-content\/uploads\/2018\/12\/2020-sparta-768x512.jpg 768w, https:\/\/www.futbox.com\/blog\/wp-content\/uploads\/2018\/12\/2020-sparta-1536x1024.jpg 1536w, https:\/\/www.futbox.com\/blog\/wp-content\/uploads\/2018\/12\/2020-sparta-620x413.jpg 620w\" sizes=\"auto, (max-width: 1616px) 100vw, 1616px\" \/><\/a><p class=\"wp-caption-text\">Uniforme Sparta 2020<\/p><\/div>\n<p>&nbsp;<\/p>\n<div id=\"attachment_11273\" class=\"wp-caption aligncenter\" style=\"width: 2048px\"><a href=\"https:\/\/www.futbox.com\/blog\/wp-content\/uploads\/2018\/12\/2020-Sparta-novo-manto-vs-inter-10.jpg\"><img loading=\"lazy\" decoding=\"async\" class=\"wp-image-11273 size-full colorbox-6683\" src=\"https:\/\/www.futbox.com\/blog\/wp-content\/uploads\/2018\/12\/2020-Sparta-novo-manto-vs-inter-10.jpg\" alt=\"Uniforme Sparta 2020\" width=\"2048\" height=\"1365\" srcset=\"https:\/\/www.futbox.com\/blog\/wp-content\/uploads\/2018\/12\/2020-Sparta-novo-manto-vs-inter-10.jpg 2048w, https:\/\/www.futbox.com\/blog\/wp-content\/uploads\/2018\/12\/2020-Sparta-novo-manto-vs-inter-10-300x200.jpg 300w, https:\/\/www.futbox.com\/blog\/wp-content\/uploads\/2018\/12\/2020-Sparta-novo-manto-vs-inter-10-1024x683.jpg 1024w, https:\/\/www.futbox.com\/blog\/wp-content\/uploads\/2018\/12\/2020-Sparta-novo-manto-vs-inter-10-768x512.jpg 768w, https:\/\/www.futbox.com\/blog\/wp-content\/uploads\/2018\/12\/2020-Sparta-novo-manto-vs-inter-10-1536x1024.jpg 1536w, https:\/\/www.futbox.com\/blog\/wp-content\/uploads\/2018\/12\/2020-Sparta-novo-manto-vs-inter-10-620x413.jpg 620w\" sizes=\"auto, (max-width: 2048px) 100vw, 2048px\" \/><\/a><p class=\"wp-caption-text\">Uniforme Sparta 2020<\/p><\/div>\n<p>&nbsp;<\/p>\n<p>Confira tamb\u00e9m a p\u00e1gina do <strong>Coelho<\/strong> em nosso Portal: <a title=\"Futbox Am\u00e9rica\" href=\"http:\/\/www.futbox.com\/afc\" target=\"_blank\" rel=\"noopener noreferrer\">Futbox.com\/AFC<\/a><\/p>\n<p>&nbsp;<\/p>\n<p>&nbsp;<\/p>\n<h3>Veja tamb\u00e9m:<\/h3>\n<p>&nbsp;<\/p>\n<div data-scaffold-immersive-reader-content=\"\">\n<div class=\"reader-article-content reader-article-content--content-blocks\" dir=\"ltr\">\n<p>&nbsp;<\/p>\n<p><a href=\"https:\/\/www.futbox.com\/blog\/clubes\/novo-escudo-oficial-do-crac-clube-recreativo-e-atletico-catalano\" target=\"_blank\" rel=\"noopener\">O novo escudo do CRAC: Clube Recreativo e Atl\u00e9tico Catalano<\/a><\/p>\n<p><a href=\"https:\/\/www.futbox.com\/blog\/clubes\/terceira-camisa-do-londrina-resgate-do-escudo-de-1980-e-versao-retro-da-marca-maxrun\" target=\"_blank\" rel=\"noopener\">Terceira camisa do Londrina: \u201cnovo\u201d escudo de 1980 e vers\u00e3o retr\u00f4 da marca MaxRun<\/a><\/p>\n<p><a href=\"https:\/\/www.futbox.com\/blog\/clubes\/o-novo-escudo-oficial-do-goiatuba-esporte-clube\" target=\"_blank\" rel=\"noopener\">O novo escudo oficial do Goiatuba Esporte Clube<\/a><\/p>\n<div id=\"divSpdInText\">\n<div id=\"divSpdInText\">\n<div id=\"divSpdInText\">\n<p><a href=\"https:\/\/www.futbox.com\/blog\/clubes\/super-mundial-a-diminuicao-do-valor-dos-clubes-pela-entrada-dos-seus-jogadores-em-campo\" target=\"_blank\" rel=\"noopener\">Super Mundial: a diminui\u00e7\u00e3o do valor dos clubes pela entrada dos seus jogadores em campo<\/a><\/p>\n<\/div>\n<\/div>\n<\/div>\n<div id=\"divSpdInText\">\n<div id=\"divSpdInText\">\n<div id=\"divSpdInText\">\n<div id=\"divSpdInText\">\n<div id=\"divSpdInText\">\n<div id=\"divSpdInText\">\n<div id=\"divSpdInText\">\n<p><a href=\"https:\/\/www.futbox.com\/blog\/selecoes\/a-selecao-favorita-para-a-copa-de-2026-pode-nem-se-classificar\" target=\"_blank\" rel=\"noopener\">A sele\u00e7\u00e3o favorita para a Copa de 2026 pode nem se classificar<\/a><\/p>\n<\/div>\n<\/div>\n<\/div>\n<\/div>\n<\/div>\n<\/div>\n<\/div>\n<p><a href=\"https:\/\/www.futbox.com\/blog\/clubes\/londrina-80-25-criacao-dos-uniformes-do-selo-e-da-marca-maxrun\" target=\"_blank\" rel=\"noopener\">Londrina 80\/25: Cria\u00e7\u00e3o dos Uniformes, do Selo e da Marca Maxrun<\/a><\/p>\n<p><a href=\"https:\/\/www.futbox.com\/blog\/clubes\/todos-os-detalhes-da-criacao-dos-uniformes-2025-do-crb\" target=\"_blank\" rel=\"noopener\">Cole\u00e7\u00e3o &#8220;Velho Chico&#8221;: Cria\u00e7\u00e3o dos Uniformes 2025 do CRB<\/a><\/p>\n<div id=\"divSpdInText\">\n<div id=\"divSpdInText\">\n<div id=\"divSpdInText\">\n<p><a href=\"https:\/\/www.futbox.com\/blog\/clubes\/o-paradoxo-de-1987\" target=\"_blank\" rel=\"noopener\">O Paradoxo de 1987<\/a><\/p>\n<\/div>\n<\/div>\n<p><a href=\"https:\/\/www.futbox.com\/blog\/fora-das-4-linhas\/laboratory-rats\" target=\"_blank\" rel=\"noopener\">Laboratoty RATS<\/a><\/p>\n<\/div>\n<p><a href=\"https:\/\/www.futbox.com\/blog\/clubes\/intercontinental-cup\" target=\"_blank\" rel=\"noopener\">INTERCOLONIAL CUP<\/a><\/p>\n<p><a href=\"https:\/\/www.futbox.com\/blog\/clubes\/rapido-e-rasteiro-como-diniz-no-cruzeiro\" target=\"_blank\" rel=\"noopener\">R\u00e1pido e Rasteiro como Diniz no Cruzeiro<\/a><\/p>\n<p><a href=\"https:\/\/www.futbox.com\/blog\/futebol-outros\/vitoria-uma-cronica-sobre-o-futebol-de-varzea\" target=\"_blank\" rel=\"noopener\">Vit\u00f3ria. Uma cr\u00f4nica sobre o futebol de v\u00e1rzea<\/a><\/p>\n<p><a href=\"https:\/\/www.futbox.com\/blog\/futebol-outros\/a-desconstrucao-estetica-e-tatica-do-futebol-brasileiro\" target=\"_blank\" rel=\"noopener\">A desconstru\u00e7\u00e3o est\u00e9tica e t\u00e1tica do futebol brasileiro<\/a><\/p>\n<div id=\"divSpdInText\">\n<div id=\"divSpdInText\">\n<p><a href=\"https:\/\/www.futbox.com\/blog\/futebol-outros\/o-uniforme-da-selecao-brasileira-precisa-ser-do-tamanho-do-brasil-no-futebol\" target=\"_blank\" rel=\"noopener\">O uniforme da sele\u00e7\u00e3o brasileira precisa ser do tamanho do Brasil no futebol<\/a><\/p>\n<\/div>\n<\/div>\n<p id=\"ember407\" class=\"ember-view reader-content-blocks__paragraph\"><a href=\"https:\/\/www.futbox.com\/blog\/futebol-outros\/var-a-inovacao-nao-esta-na-tecnologia-mas-sim-no-comportamento\" target=\"_blank\" rel=\"noopener\">VAR: a inova\u00e7\u00e3o n\u00e3o est\u00e1 na tecnologia, mas sim, no comportamento<\/a><\/p>\n<p id=\"ember408\" class=\"ember-view reader-content-blocks__paragraph\"><a href=\"https:\/\/www.futbox.com\/blog\/futebol-outros\/cinema-streaming-jornalismo-e-a-inversao-total-de-sentido\" target=\"_blank\" rel=\"noopener\">Cinema, Streaming, Jornalismo e a invers\u00e3o total de sentido<\/a><\/p>\n<p id=\"ember409\" class=\"ember-view reader-content-blocks__paragraph\"><a href=\"https:\/\/www.linkedin.com\/pulse\/paradoxo-contempor%25C3%25A2neo-adriano-%25C3%25A1vila-alamy\/?trackingId=vDYq4zqDQpW9gjA251J3qw%3D%3D\" target=\"_blank\" rel=\"noopener\">Paradoxo Contempor\u00e2neo<\/a><\/p>\n<\/div>\n<\/div>\n<p><a href=\"https:\/\/www.futbox.com\/blog\/futebol-outros\/ha-8-anos-acontecia-uma-partida-historica-de-futebol-na-palestina-equipes-de-gaza-e-cisjordania-se-encontravam-apos-15-anos-do-bloqueio-imposto-por-israel#google_vignette\" target=\"_blank\" rel=\"noopener\">H\u00e1 8 anos acontecia uma partida hist\u00f3rica de futebol na Palestina: equipes de Gaza e Cisjord\u00e2nia se encontravam ap\u00f3s 15 anos do bloqueio imposto por Israel<\/a><\/p>\n<p><a href=\"https:\/\/www.futbox.com\/blog\/clubes\/guia-do-mundo-arabe-fc-os-significados-dos-nomes-de-250-clubes-de-23-paises\" target=\"_blank\" rel=\"noopener\">Guia do Mundo \u00c1rabe FC: Os significados dos nomes de 250 clubes de 23 pa\u00edses<\/a><\/p>\n<p><a href=\"https:\/\/www.futbox.com\/blog\/opiniao\/futebol-e-politica\" target=\"_blank\" rel=\"noopener\">Pol\u00edtica FC: Futebol, Cinema e Hist\u00f3ria\u00a0<\/a><\/p>\n<p><a href=\"https:\/\/www.futbox.com\/blog\/fora-das-4-linhas\/para-mulheres-jogar-futebol-ja-foi-caso-de-policia-durante-a-ditadura\" target=\"_blank\" rel=\"noopener\">Para mulheres, jogar futebol j\u00e1 foi caso de pol\u00edcia durante a ditadura<\/a><\/p>\n<p><a href=\"https:\/\/www.futbox.com\/blog\/fora-das-4-linhas\/honduras-contra-el-salvador-a-partida-de-futebol-que-iniciou-uma-guerra\" target=\"_blank\" rel=\"noopener\">Honduras contra El Salvador: A partida de futebol que iniciou uma guerra<\/a><\/p>\n<p><a href=\"https:\/\/www.futbox.com\/blog\/campeonatos\/mundialito-a-copa-que-a-fifa-escondeu\" target=\"_blank\" rel=\"noopener\">Mundialito: a Copa que a Fifa escondeu<\/a><\/p>\n<p><a href=\"https:\/\/www.futbox.com\/blog\/futebol-outros\/fatos-historicos-e-reconhecimentos\" target=\"_blank\" rel=\"noopener\">Fatos Hist\u00f3ricos e Reconhecimentos<\/a><\/p>\n<p><a href=\"https:\/\/www.futbox.com\/blog\/campeonatos\/a-historia-do-campeonato-brasileiro\" target=\"_blank\" rel=\"noopener\">A hist\u00f3ria do Campeonato Brasileiro<\/a><\/p>\n<p><a href=\"https:\/\/www.futbox.com\/blog\/campeonatos\/campeonato-brasileiro-nomenclatura-e-significado-historico\" target=\"_blank\" rel=\"noopener\">Campeonato Brasileiro: nomenclatura e significado hist\u00f3rico<\/a><\/p>\n<p><a href=\"http:\/\/bit.ly\/Futbox3TS\" target=\"_blank\" rel=\"noopener\">Metodologia dos 3Ts: Tradi\u00e7\u00e3o, Torcida e Trof\u00e9us<\/a><\/p>\n<p><a href=\"https:\/\/www.futbox.com\/blog\/opiniao\/10-novas-regras-para-o-futebol\" target=\"_blank\" rel=\"noopener\">10 Novas Regras para o Futebol<\/a><\/p>\n<p><a href=\"https:\/\/www.futbox.com\/blog\/opiniao\/novas-demarcacoes-campo-de-futebol\" target=\"_blank\" rel=\"noopener\">As Novas Demarca\u00e7\u00f5es do Campo de Futebol<\/a><\/p>\n<p><a href=\"https:\/\/www.futbox.com\/blog\/clubes\/novo-calendario-do-futebol-brasileiro-a-partir-da-temporada-2023-24\" target=\"_blank\" rel=\"noopener\">O Novo Calend\u00e1rio do Futebol Brasileiro<\/a><\/p>\n<p>&nbsp;<\/p>\n<div id=\"divSpdInText\">\n<div id=\"divSpdInText\">\n<div class=\"reader-article-content reader-article-content--content-blocks\" dir=\"ltr\">\n<div id=\"divSpdInText\">\n<div id=\"divSpdInText\">\n<div id=\"divSpdInText\">\n<h3>Podcast:<\/h3>\n<p>&nbsp;<\/p>\n<p><strong>Clique nas imagens abaixo<\/strong>\u00a0e confira os bate-papos no\u00a0<strong>Futeboteco (Tomando Uma Com)<\/strong>\u00a0e\u00a0<strong>Bora Pra Resenha Podcast<\/strong>\u00a0onde falamos sobre a revitaliza\u00e7\u00e3o das marcas dos clubes de futebol, sele\u00e7\u00e3o brasileira, calend\u00e1rio, VAR, regras atualizadas, as novas demarca\u00e7\u00f5es do campo e muitas outras curiosidades sobre a hist\u00f3ria do futebol brasileiro e mundial.<\/p>\n<p>&nbsp;<\/p>\n<h3>Futeboteco (Tomando Uma Com):<\/h3>\n<p>&nbsp;<\/p>\n<p><iframe loading=\"lazy\" title=\"YouTube video player\" src=\"https:\/\/www.youtube.com\/embed\/WzVxuF6ISYQ?si=V7wgmFQr_cLV1W-J&amp;start=474\" width=\"560\" height=\"315\" frameborder=\"0\" allowfullscreen=\"allowfullscreen\" data-mce-fragment=\"1\"><\/iframe><\/p>\n<p>&nbsp;<\/p>\n<h3>Bora Pra Resenha:<\/h3>\n<p>&nbsp;<\/p>\n<div id=\"attachment_11607\" class=\"wp-caption alignnone\">\n<div id=\"attachment_11607\" class=\"wp-caption alignnone\" style=\"width: 1920px\"><a href=\"https:\/\/www.youtube.com\/live\/cRa4qmL7bPc?si=cVg48ZR1I5yQkEf0&amp;t=200\" target=\"_blank\" rel=\"noopener\"><img loading=\"lazy\" decoding=\"async\" class=\"colorbox-11196 wp-image-11607 size-full\" title=\"Futbox no Bora Pra Resenha\" src=\"https:\/\/www.futbox.com\/blog\/wp-content\/uploads\/2023\/11\/Bora-pra-Resenha-Adr-Futbox-post.png\" sizes=\"auto, (max-width: 1920px) 100vw, 1920px\" srcset=\"https:\/\/www.futbox.com\/blog\/wp-content\/uploads\/2023\/11\/Bora-pra-Resenha-Adr-Futbox-post.png 1920w, https:\/\/www.futbox.com\/blog\/wp-content\/uploads\/2023\/11\/Bora-pra-Resenha-Adr-Futbox-post-300x300.png 300w, https:\/\/www.futbox.com\/blog\/wp-content\/uploads\/2023\/11\/Bora-pra-Resenha-Adr-Futbox-post-1024x1024.png 1024w, https:\/\/www.futbox.com\/blog\/wp-content\/uploads\/2023\/11\/Bora-pra-Resenha-Adr-Futbox-post-500x500.png 500w, https:\/\/www.futbox.com\/blog\/wp-content\/uploads\/2023\/11\/Bora-pra-Resenha-Adr-Futbox-post-768x768.png 768w, https:\/\/www.futbox.com\/blog\/wp-content\/uploads\/2023\/11\/Bora-pra-Resenha-Adr-Futbox-post-1536x1536.png 1536w, https:\/\/www.futbox.com\/blog\/wp-content\/uploads\/2023\/11\/Bora-pra-Resenha-Adr-Futbox-post-620x620.png 620w, https:\/\/www.futbox.com\/blog\/wp-content\/uploads\/2023\/11\/Bora-pra-Resenha-Adr-Futbox-post-70x70.png 70w\" alt=\"Futbox no Bora Pra Resenha\" width=\"1920\" height=\"1920\" \/><\/a><p class=\"wp-caption-text\">Futbox no Bora Pra Resenha<\/p><\/div>\n<p class=\"wp-caption-text\">\n<\/div>\n<\/div>\n<\/div>\n<\/div>\n<\/div>\n<div id=\"divSpdInText\">\n<div id=\"divSpdInText\">\n<p>&nbsp;<\/p>\n<\/div>\n<\/div>\n<h3>FUTBOX \u2013 Centro de Pesquisa Gr\u00e1fica Sobre Futebol:<\/h3>\n<p>&nbsp;<\/p>\n<\/div>\n<\/div>\n<p><a href=\"https:\/\/linktr.ee\/FUTBOX_Projects\" target=\"_blank\" rel=\"noopener\">Projetos desenvolvidos para clubes de futebol, marcas esportivas, empresas e festivais de cinema<\/a><\/p>\n<p><a href=\"https:\/\/linktr.ee\/futbox_\" target=\"_blank\" rel=\"noopener\">Canais e Redes Sociais<\/a><\/p>\n<p class=\"sc-hKgILt ilsgNQ\"><a href=\"https:\/\/linktr.ee\/adrianoavila\" target=\"_blank\" rel=\"noopener\">Artigos sobre futebol e esporte a partir do equil\u00edbrio entre tradi\u00e7\u00e3o e inova\u00e7\u00e3o<\/a><\/p>\n<p>&nbsp;<\/p>\n","protected":false},"excerpt":{"rendered":"<p>A metodologia dos 3TS, o mercado e a proje\u00e7\u00e3o para o futuro aplicados no desenvolvimento da nova marca pr\u00f3pria de material esportivo do Am\u00e9rica Futebol Clube.<\/p>\n","protected":false},"author":8,"featured_media":6691,"comment_status":"open","ping_status":"open","sticky":false,"template":"","format":"standard","meta":{"footnotes":""},"categories":[2,327],"tags":[532,533,534,266,305,328,472,195,227,543,240,784,783,309,217,203,228,547,277,321,785,196,194,192,204,621,191,617,618,619,782,781],"class_list":["post-6683","post","type-post","status-publish","format-standard","has-post-thumbnail","hentry","category-clubes","category-futebol-design","tag-america","tag-america-mg","tag-america-mineiro","tag-atletico-mg","tag-blog","tag-blogueiro","tag-branding","tag-brasil","tag-brasileirao","tag-campeonato-brasileiro","tag-classico","tag-coelhao","tag-coelho","tag-copa-do-brasil","tag-copa-do-mundo","tag-cronica","tag-cruzeiro","tag-design","tag-escudo","tag-escudos","tag-espartanos","tag-futbox","tag-futebol","tag-galo","tag-gol","tag-identidade-visual","tag-libertadores","tag-logo","tag-logotipo","tag-marca","tag-somossparta","tag-sparta"],"_links":{"self":[{"href":"https:\/\/www.futbox.com\/blog\/wp-json\/wp\/v2\/posts\/6683","targetHints":{"allow":["GET"]}}],"collection":[{"href":"https:\/\/www.futbox.com\/blog\/wp-json\/wp\/v2\/posts"}],"about":[{"href":"https:\/\/www.futbox.com\/blog\/wp-json\/wp\/v2\/types\/post"}],"author":[{"embeddable":true,"href":"https:\/\/www.futbox.com\/blog\/wp-json\/wp\/v2\/users\/8"}],"replies":[{"embeddable":true,"href":"https:\/\/www.futbox.com\/blog\/wp-json\/wp\/v2\/comments?post=6683"}],"version-history":[{"count":108,"href":"https:\/\/www.futbox.com\/blog\/wp-json\/wp\/v2\/posts\/6683\/revisions"}],"predecessor-version":[{"id":14157,"href":"https:\/\/www.futbox.com\/blog\/wp-json\/wp\/v2\/posts\/6683\/revisions\/14157"}],"wp:featuredmedia":[{"embeddable":true,"href":"https:\/\/www.futbox.com\/blog\/wp-json\/wp\/v2\/media\/6691"}],"wp:attachment":[{"href":"https:\/\/www.futbox.com\/blog\/wp-json\/wp\/v2\/media?parent=6683"}],"wp:term":[{"taxonomy":"category","embeddable":true,"href":"https:\/\/www.futbox.com\/blog\/wp-json\/wp\/v2\/categories?post=6683"},{"taxonomy":"post_tag","embeddable":true,"href":"https:\/\/www.futbox.com\/blog\/wp-json\/wp\/v2\/tags?post=6683"}],"curies":[{"name":"wp","href":"https:\/\/api.w.org\/{rel}","templated":true}]}}