{"id":7010,"date":"2019-07-08T09:41:32","date_gmt":"2019-07-08T12:41:32","guid":{"rendered":"http:\/\/blog.futbox.com\/?p=7010"},"modified":"2021-03-05T18:55:22","modified_gmt":"2021-03-05T21:55:22","slug":"honduras-contra-el-salvador-a-partida-de-futebol-que-iniciou-uma-guerra","status":"publish","type":"post","link":"https:\/\/www.futbox.com\/blog\/fora-das-4-linhas\/honduras-contra-el-salvador-a-partida-de-futebol-que-iniciou-uma-guerra","title":{"rendered":"Honduras contra El Salvador: A partida de futebol que iniciou uma guerra"},"content":{"rendered":"<p>Honduras contra El Salvador: A partida de futebol que iniciou uma guerra teve in\u00edcio em 1969, na Am\u00e9rica Central, quando os dois pa\u00edses entraram em um conflito armado de quatro dias que resultou em milhares de mortes e deixou milhares de pessoas desabrigadas. A luta violenta at\u00e9 hoje \u00e9 conhecida como <strong>Guerra do Futebol<\/strong>, pois uma partida entre os times nacionais foi a gota d&#8217;\u00e1gua que iniciou o conflito.<\/p>\n<p>No \u00faltimo minuto do segundo tempo, a partida entre <a title=\"El Salvador\" href=\"http:\/\/www.futbox.com\/pt\/El-Salvador#!uniformes\" target=\"_blank\" rel=\"noopener noreferrer\">El Salvador<\/a> e <a title=\"Honduras\" href=\"http:\/\/www.futbox.com\/pt\/Honduras#!uniformes\" target=\"_blank\" rel=\"noopener noreferrer\">Honduras<\/a> estava empatada em 2 a 2. O time jogava no est\u00e1dio Azteca, na Cidade do M\u00e9xico, e a classifica\u00e7\u00e3o para a <a title=\"Copa do Mundo de 1970\" href=\"http:\/\/www.futbox.com\/pt\/copas\/1970\" target=\"_blank\" rel=\"noopener noreferrer\">Copa do Mundo de 1970<\/a> estava em jogo \u2013 nenhum dos dois pa\u00edses tinha participado do torneio antes.<\/p>\n<p>Era a terceira partida entre as sele\u00e7\u00f5es em semanas \u2013 Honduras havia ganhado a primeira e El Salvador a segunda. Relatos de viol\u00eancia marcaram os dois jogos.<\/p>\n<p>Nos \u00faltimos minutos da prorroga\u00e7\u00e3o, o jogador Mauricio &#8220;Pipo&#8221; Rodr\u00edguez correu para a \u00e1rea do gol para receber um lan\u00e7amento e furou a defesa do goleiro hondurenho Jaime Varela.<\/p>\n<p>&#8220;<em>Eu quase n\u00e3o acreditei, com t\u00e3o pouco tempo restante de partida&#8221;, diz Pipo Rodr\u00edguez, 50 anos depois da partida decisiva. &#8220;Tive certeza que t\u00ednhamos ganhado.&#8221;<\/em><\/p>\n<p>El Salvador comemorou a vit\u00f3ria por 3 a 2 e os jogadores se abra\u00e7aram, depois cumprimentaram os advers\u00e1rios e deixaram o campo.\u00a0Tr\u00eas semanas depois, os dois pa\u00edses estavam em guerra.<\/p>\n<div id=\"attachment_7018\" class=\"wp-caption aligncenter\" style=\"width: 624px\"><a href=\"https:\/\/www.futbox.com\/blog\/wp-content\/uploads\/2019\/07\/2-Com-vito\u0301ria-o-time-de-El-Salvador-se-classificou-para-a-Copa-de-1970.jpg\"><img loading=\"lazy\" decoding=\"async\" class=\"wp-image-7018 size-full colorbox-7010\" src=\"https:\/\/www.futbox.com\/blog\/wp-content\/uploads\/2019\/07\/2-Com-vito\u0301ria-o-time-de-El-Salvador-se-classificou-para-a-Copa-de-1970.jpg\" alt=\"2 Com vito\u0301ria, o time de El Salvador se classificou para a Copa de 1970\" width=\"624\" height=\"351\" srcset=\"https:\/\/www.futbox.com\/blog\/wp-content\/uploads\/2019\/07\/2-Com-vito\u0301ria-o-time-de-El-Salvador-se-classificou-para-a-Copa-de-1970.jpg 624w, https:\/\/www.futbox.com\/blog\/wp-content\/uploads\/2019\/07\/2-Com-vito\u0301ria-o-time-de-El-Salvador-se-classificou-para-a-Copa-de-1970-300x168.jpg 300w, https:\/\/www.futbox.com\/blog\/wp-content\/uploads\/2019\/07\/2-Com-vito\u0301ria-o-time-de-El-Salvador-se-classificou-para-a-Copa-de-1970-620x348.jpg 620w\" sizes=\"auto, (max-width: 624px) 100vw, 624px\" \/><\/a><p class=\"wp-caption-text\">2 Com vito\u0301ria, o time de El Salvador se classificou para a Copa de 1970<\/p><\/div>\n<p><em>(Com vito\u0301ria, o time de El Salvador se classificou para a Copa de 1970)<\/em><\/p>\n<p>El Salvador \u00e9 um pouco menor do que Sergipe, o menor dos Estados brasileiros. Em 1969, o pa\u00eds tinha uma popula\u00e7\u00e3o de 3 milh\u00f5es de pessoas \u2013 mais ou menos a popula\u00e7\u00e3o de Salvador (BA) nos dias de hoje.<\/p>\n<p>A maior parte do pa\u00eds era controlada por uma elite latifundi\u00e1ria, deixando pouca terra para os agricultores pobres. Honduras tamb\u00e9m era dominado por uma pequena elite agr\u00e1ria, mas ocupa uma \u00e1rea tr\u00eas vezes maior que o pa\u00eds vizinho e na \u00e9poca tinha uma popula\u00e7\u00e3o de 2,3 milh\u00f5es de pessoas.<\/p>\n<p>Ao longo do s\u00e9culo 20, salvadorenhos foram imigrando para Honduras por causa da maior \u00e1rea dispon\u00edvel para a agricultura e para trabalhar em empresas americanas que produziam frutas no pa\u00eds. Cerca de 300 mil salvadorenhos moravam em Honduras em 1969.<\/p>\n<div id=\"attachment_7021\" class=\"wp-caption aligncenter\" style=\"width: 624px\"><a href=\"https:\/\/www.futbox.com\/blog\/wp-content\/uploads\/2019\/07\/3-mapa.jpg\"><img loading=\"lazy\" decoding=\"async\" class=\"wp-image-7021 size-full colorbox-7010\" src=\"https:\/\/www.futbox.com\/blog\/wp-content\/uploads\/2019\/07\/3-mapa.jpg\" alt=\"Mapa dos pa\u00edses Honduras e El Salvador\" width=\"624\" height=\"351\" srcset=\"https:\/\/www.futbox.com\/blog\/wp-content\/uploads\/2019\/07\/3-mapa.jpg 624w, https:\/\/www.futbox.com\/blog\/wp-content\/uploads\/2019\/07\/3-mapa-300x168.jpg 300w, https:\/\/www.futbox.com\/blog\/wp-content\/uploads\/2019\/07\/3-mapa-620x348.jpg 620w\" sizes=\"auto, (max-width: 624px) 100vw, 624px\" \/><\/a><p class=\"wp-caption-text\">Mapa dos pa\u00edses Honduras e El Salvador<\/p><\/div>\n<p><em>(Fronteira entre El Salvador e Honduras)<\/em><\/p>\n<p>A elite salvadorenha apoiava a migra\u00e7\u00e3o dos conterr\u00e2neos para o pa\u00eds vizinho, pois isso diminu\u00eda as press\u00f5es por reforma agr\u00e1ria em seu pr\u00f3prio pa\u00eds. Mas a chegada de milhares de pessoas causava ressentimento nos Hondurenhos mais pobres, que lutavam contra sua pr\u00f3pria elite para conseguir mais terra. Ent\u00e3o o governo hondurenho aprovou uma reforma agr\u00e1ria para aliviar as tens\u00f5es.<\/p>\n<p>As autoridades n\u00e3o queriam redistribuir a terra das elites ou das empresas americanas, mas os assentamentos dos imigrantes. O presidente Oswaldo L\u00f3pez Arellano come\u00e7ou a deportar milhares de salvadorenhos.<\/p>\n<p>Al\u00e9m dessa tens\u00e3o, os pa\u00edses tamb\u00e9m tinham disputas de fronteira no mar e na terra, incluindo sobre uma s\u00e9rie de ilhas do Golfo de Fonseca, um pequeno golfo no pac\u00edfico dividido entre os dois pa\u00edses e a Nicar\u00e1gua.<\/p>\n<p><em>&#8220;Em grande parte essa guerra era sobre terras dispon\u00edveis, muita gente em pouco espa\u00e7o, e a oligarquia dominante alimentando o fogo em conluio com a imprensa&#8221;<\/em>, disse Dan Hagerdon, autor do livro The 100 Hour War (A Guerra de 100 Horas, sem edi\u00e7\u00e3o no Brasil), que detalha o conflito.<\/p>\n<div id=\"attachment_7022\" class=\"wp-caption aligncenter\" style=\"width: 940px\"><a href=\"https:\/\/www.futbox.com\/blog\/wp-content\/uploads\/2019\/07\/4-O-governo-na\u0303o-sabia-como-lidar-com-os-milhares-de-migrantes-voltando-para-casa.jpg\"><img loading=\"lazy\" decoding=\"async\" class=\"wp-image-7022 size-full colorbox-7010\" src=\"https:\/\/www.futbox.com\/blog\/wp-content\/uploads\/2019\/07\/4-O-governo-na\u0303o-sabia-como-lidar-com-os-milhares-de-migrantes-voltando-para-casa.jpg\" alt=\"4 O governo na\u0303o sabia como lidar com os milhares de migrantes voltando para casa\" width=\"940\" height=\"529\" srcset=\"https:\/\/www.futbox.com\/blog\/wp-content\/uploads\/2019\/07\/4-O-governo-na\u0303o-sabia-como-lidar-com-os-milhares-de-migrantes-voltando-para-casa.jpg 940w, https:\/\/www.futbox.com\/blog\/wp-content\/uploads\/2019\/07\/4-O-governo-na\u0303o-sabia-como-lidar-com-os-milhares-de-migrantes-voltando-para-casa-300x168.jpg 300w, https:\/\/www.futbox.com\/blog\/wp-content\/uploads\/2019\/07\/4-O-governo-na\u0303o-sabia-como-lidar-com-os-milhares-de-migrantes-voltando-para-casa-620x348.jpg 620w\" sizes=\"auto, (max-width: 940px) 100vw, 940px\" \/><\/a><p class=\"wp-caption-text\">4 O governo na\u0303o sabia como lidar com os milhares de migrantes voltando para casa<\/p><\/div>\n<p><em>(O governo na\u0303o sabia como lidar com os milhares de migrantes voltando para casa)<\/em><\/p>\n<p>O governo do presidente de El Salvador, Fidel S\u00e1nchez Hern\u00e1ndez n\u00e3o estava conseguindo lidar com crise gerada pelo grande n\u00famero de migrantes retornando; e a elite come\u00e7ou a pressionar por uma a\u00e7\u00e3o militar. Relatos inflamat\u00f3rios sobre persegui\u00e7\u00e3o, estupros e mortes come\u00e7aram a aparecer nos jornais.<\/p>\n<p>Foi no meio dessa tens\u00e3o e raiva crescente que os pa\u00edses se encontraram em campo.<\/p>\n<p><em>&#8220;Havia quest\u00f5es pol\u00edticas muito maiores&#8221;, diz Ricardo Otero, um jornalista esportivo mexicano da Univision. &#8220;Mas houve a coincid\u00eancia dos jogos classificat\u00f3rios para a Copa. N\u00e3o ajudou. O futebol aqui [na Am\u00e9rica Latina] \u00e9 algo muito passional \u2013 para o bem e para o mal.&#8221;<\/em><\/p>\n<div id=\"attachment_7024\" class=\"wp-caption aligncenter\" style=\"width: 624px\"><a href=\"https:\/\/www.futbox.com\/blog\/wp-content\/uploads\/2019\/07\/5-Honduras-tinha-centena-de-migrantes-salvadorenhos.jpg\"><img loading=\"lazy\" decoding=\"async\" class=\"wp-image-7024 size-full colorbox-7010\" src=\"https:\/\/www.futbox.com\/blog\/wp-content\/uploads\/2019\/07\/5-Honduras-tinha-centena-de-migrantes-salvadorenhos.jpg\" alt=\"Honduras: centena de imigrantes salvadorenhos\" width=\"624\" height=\"351\" srcset=\"https:\/\/www.futbox.com\/blog\/wp-content\/uploads\/2019\/07\/5-Honduras-tinha-centena-de-migrantes-salvadorenhos.jpg 624w, https:\/\/www.futbox.com\/blog\/wp-content\/uploads\/2019\/07\/5-Honduras-tinha-centena-de-migrantes-salvadorenhos-300x168.jpg 300w, https:\/\/www.futbox.com\/blog\/wp-content\/uploads\/2019\/07\/5-Honduras-tinha-centena-de-migrantes-salvadorenhos-620x348.jpg 620w\" sizes=\"auto, (max-width: 624px) 100vw, 624px\" \/><\/a><p class=\"wp-caption-text\">Honduras: centena de imigrantes salvadorenhos<\/p><\/div>\n<p><em>(Honduras tinha centena de migrantes salvadorenhos)<\/em><\/p>\n<p><em>&#8220;N\u00f3s sent\u00edamos que t\u00ednhamos um dever patri\u00f3tico de vencer para El Salvador&#8221;, diz Pipo Rodr\u00edguez. &#8220;Acho que todos t\u00ednhamos medo de perder, porque naquelas circunst\u00e2ncias seria uma desonra que nos seguiria para o resto de nossas vidas.&#8221;<\/em><\/p>\n<p><em>&#8220;N\u00e3o sab\u00edamos o significado que aquela vit\u00f3ria teria e a import\u00e2ncia hist\u00f3rica daquele gol \u2013 que seria usado como um s\u00edmbolo de guerra.&#8221;<\/em><\/p>\n<p><strong>Tens\u00e3o no campo<\/strong><\/p>\n<p>Em 27 de junho, enquanto os jogadores se preparavam para o jogo decis\u00f3rio na capital mexicana, El Salvador cortou la\u00e7os diplom\u00e1ticos com Honduras.<\/p>\n<p>O ministro do Interior Francisco Jos\u00e9 Guerrero, disse que cerca de 12 mil salvadorenhos tinham deixado Honduras depois da segunda partida, com o jornal brit\u00e2nico The Guardian dizendo que ele culpou &#8220;persegui\u00e7\u00e3o&#8230; motivada por uma partida de futebol&#8221;.<\/p>\n<p>No dia seguinte ao jogo final, a ag\u00eancia de not\u00edcias UPI publicou uma not\u00edcia com o t\u00edtulo &#8220;Guerra do futebol&#8221; vencida por El Salbador: 3&#215;2. De acordo com o texto, 1,7 mil policiais mexicanos foram ao est\u00e1dio para prevenir viol\u00eancia e os salvadorenhos gritavam &#8220;assassinos&#8221;, &#8220;assassinos&#8221;!<\/p>\n<p><em>&#8220;Os estrangeiros estigmatizaram o gol como &#8216;o gol que come\u00e7ou uma guerra'&#8221;, <\/em>diz Pipo Rodr\u00edguez.<em> &#8220;A guerra teria acontecido com ou sem aquele gol.&#8221;<\/em><\/p>\n<div id=\"attachment_7025\" class=\"wp-caption aligncenter\" style=\"width: 976px\"><a href=\"https:\/\/www.futbox.com\/blog\/wp-content\/uploads\/2019\/07\/6-Honduras-e-El-Salvador-usaram-no-conflito-avio\u0303es-da-Segunda-Guerra-construi\u0301dos-pelos-EUA.jpg\"><img loading=\"lazy\" decoding=\"async\" class=\"wp-image-7025 size-full colorbox-7010\" src=\"https:\/\/www.futbox.com\/blog\/wp-content\/uploads\/2019\/07\/6-Honduras-e-El-Salvador-usaram-no-conflito-avio\u0303es-da-Segunda-Guerra-construi\u0301dos-pelos-EUA.jpg\" alt=\"Honduras e El Salvador usaram, no conflito, avio\u0303es da II Guerra construi\u0301dos pelos EUA\" width=\"976\" height=\"549\" srcset=\"https:\/\/www.futbox.com\/blog\/wp-content\/uploads\/2019\/07\/6-Honduras-e-El-Salvador-usaram-no-conflito-avio\u0303es-da-Segunda-Guerra-construi\u0301dos-pelos-EUA.jpg 976w, https:\/\/www.futbox.com\/blog\/wp-content\/uploads\/2019\/07\/6-Honduras-e-El-Salvador-usaram-no-conflito-avio\u0303es-da-Segunda-Guerra-construi\u0301dos-pelos-EUA-300x168.jpg 300w, https:\/\/www.futbox.com\/blog\/wp-content\/uploads\/2019\/07\/6-Honduras-e-El-Salvador-usaram-no-conflito-avio\u0303es-da-Segunda-Guerra-construi\u0301dos-pelos-EUA-620x348.jpg 620w\" sizes=\"auto, (max-width: 976px) 100vw, 976px\" \/><\/a><p class=\"wp-caption-text\">Honduras e El Salvador usaram, no conflito, avio\u0303es da II Guerra construi\u0301dos pelos EUA<\/p><\/div>\n<p><em>(Honduras e El Salvador usaram avio\u0303es da Segunda Guerra construi\u0301dos pelos EUA)<\/em><\/p>\n<p>Nos dias seguintes, as tens\u00f5es na fronteira se intensificaram. Em 14 de julho, o ex\u00e9rcito de El Salvador invadiu Honduras e avi\u00f5es de guerra bombardearam o pa\u00eds.<\/p>\n<p>Hagerdon, que servia no ex\u00e9rcito americano na \u00e9poca e estava no Canal do Panam\u00e1, sentou-se em sua mesa perto do tel\u00e9grafo.<\/p>\n<p><em>&#8220;Eu me lembro em detalhes \u2013 ele come\u00e7ou a funcionar sem parar. <\/em>Eu disse:<em> &#8220;Que diabos est\u00e1 acontecendo?&#8221;. <\/em>Ent\u00e3o eu fui ver o que era percebi que El Salvador tinha invadido Honduras.<\/p>\n<p>O jornalista polon\u00eas Ryszard Kapuscinsk era um dos poucos correspondentes estrangeiros na regi\u00e3o quando a invas\u00e3o come\u00e7ou. Ele escreveu as primeiras not\u00edcias em Tegucigalpa dividindo o \u00fanico tel\u00e9grafo do pa\u00eds com o presidente hondurenho L\u00f3pez Arellano, que estava se comunicando com o embaixador americano sobre a invas\u00e3o.<\/p>\n<p>Foi Kapuscinski quem imortalizou o apelido do conflito como &#8220;Guerra do Futebol&#8221; em suas mem\u00f3rias, publicadas em 1978. No livro, ele relembra as picha\u00e7\u00f5es que via pelas ruas: <em>&#8220;Ningu\u00e9m vence Honduras&#8221; e &#8220;N\u00f3s vingaremos o 3-0 [resultado da segunda partida, perdida por Honduras]&#8221;.<\/em><\/p>\n<p>Quando a OEA (Organiza\u00e7\u00e3o dos Estados Americanos) conseguiu negociar um cessar-fogo em 18 de julho, cerca de 3 mil pessoas estavam mortas, a maioria, civis Hondurenhos. Muitos mais tiveram que deixar suas casas por causa da guerra. Sob press\u00e3o internacional, El Salvador retirou duas tropas de Honduras em agosto.<\/p>\n<div id=\"attachment_7027\" class=\"wp-caption aligncenter\" style=\"width: 624px\"><a href=\"https:\/\/www.futbox.com\/blog\/wp-content\/uploads\/2019\/07\/7-Veteranos-ainda-se-reu\u0301nem-para-celebrar-o-conflito-em-Honduras.jpg\"><img loading=\"lazy\" decoding=\"async\" class=\"wp-image-7027 size-full colorbox-7010\" src=\"https:\/\/www.futbox.com\/blog\/wp-content\/uploads\/2019\/07\/7-Veteranos-ainda-se-reu\u0301nem-para-celebrar-o-conflito-em-Honduras.jpg\" alt=\"Veteranos ainda se reu\u0301nem para celebrar o conflito em Honduras\" width=\"624\" height=\"351\" srcset=\"https:\/\/www.futbox.com\/blog\/wp-content\/uploads\/2019\/07\/7-Veteranos-ainda-se-reu\u0301nem-para-celebrar-o-conflito-em-Honduras.jpg 624w, https:\/\/www.futbox.com\/blog\/wp-content\/uploads\/2019\/07\/7-Veteranos-ainda-se-reu\u0301nem-para-celebrar-o-conflito-em-Honduras-300x168.jpg 300w, https:\/\/www.futbox.com\/blog\/wp-content\/uploads\/2019\/07\/7-Veteranos-ainda-se-reu\u0301nem-para-celebrar-o-conflito-em-Honduras-620x348.jpg 620w\" sizes=\"auto, (max-width: 624px) 100vw, 624px\" \/><\/a><p class=\"wp-caption-text\">Veteranos ainda se reu\u0301nem para celebrar o conflito em Honduras<\/p><\/div>\n<p><em>(Veteranos ainda se reu\u0301nem para celebrar o conflito em Honduras)<\/em><\/p>\n<p>No entanto a inimizade entre os pa\u00edses n\u00e3o acabou ali. O com\u00e9rcio entre os pa\u00edses cessou durante d\u00e9cadas e a fronteira foi fechada.<\/p>\n<p>Os problemas em El Salvador que causaram a Guerra do Futebol \u2013 uma pequena elite latifundi\u00e1ria e grande n\u00famero de agricultores sem terra \u2013 continuaram a afetar o pa\u00eds durante d\u00e9cadas, segundo a professora Mo Hume, especialista em Am\u00e9rica Latina na Universidade de Glasgow, no Reino Unido.<\/p>\n<p><em>&#8220;As grandes quest\u00f5es socioecon\u00f4micas que foram parte da Guerra do Futebol acabaram sendo a causa da guerra civil que El Salvador enfrentou entre 1979d 1992&#8221;<\/em>, diz ela. Estima-se que mais de 70 mil pessoas morreram nesse conflito.<\/p>\n<div id=\"attachment_7028\" class=\"wp-caption aligncenter\" style=\"width: 624px\"><a href=\"https:\/\/www.futbox.com\/blog\/wp-content\/uploads\/2019\/07\/8-Um-memorial-de-guerra-foi-erguido-na-capital-hondurenha-de-Tegucigalpa.jpg\"><img loading=\"lazy\" decoding=\"async\" class=\"wp-image-7028 size-full colorbox-7010\" src=\"https:\/\/www.futbox.com\/blog\/wp-content\/uploads\/2019\/07\/8-Um-memorial-de-guerra-foi-erguido-na-capital-hondurenha-de-Tegucigalpa.jpg\" alt=\"Memorial de Guerra foi erguido na capital hondurenha de Tegucigalpa\" width=\"624\" height=\"351\" srcset=\"https:\/\/www.futbox.com\/blog\/wp-content\/uploads\/2019\/07\/8-Um-memorial-de-guerra-foi-erguido-na-capital-hondurenha-de-Tegucigalpa.jpg 624w, https:\/\/www.futbox.com\/blog\/wp-content\/uploads\/2019\/07\/8-Um-memorial-de-guerra-foi-erguido-na-capital-hondurenha-de-Tegucigalpa-300x168.jpg 300w, https:\/\/www.futbox.com\/blog\/wp-content\/uploads\/2019\/07\/8-Um-memorial-de-guerra-foi-erguido-na-capital-hondurenha-de-Tegucigalpa-620x348.jpg 620w\" sizes=\"auto, (max-width: 624px) 100vw, 624px\" \/><\/a><p class=\"wp-caption-text\">Memorial de Guerra foi erguido na capital hondurenha de Tegucigalpa<\/p><\/div>\n<p><em>(Um memorial de guerra foi erguido na capital hondurenha de Tegucigalpa)<\/em><\/p>\n<p>At\u00e9 hoje h\u00e1 tens\u00e3o entre os dois pa\u00edses. Disputas sobre fronteiras continuam, apesar de um Corte de Justi\u00e7a Internacional ter decidido sobre a quest\u00e3o.<\/p>\n<p>Mas, para o homem que marcou o gol fat\u00eddico para El Salvador, o que fica n\u00e3o \u00e9 o rancor.<\/p>\n<p><em>&#8220;Para mim, aquele gol sempre foi uma fonte de orgulho esportivo&#8221;, <\/em>diz Pipo Rodriguez, que hoje tem 73 anos.<em> &#8220;O que eu tenho certeza \u00e9 que as autoridades e os pol\u00edticos usaram nossa vit\u00f3ria no esporte para glorificar a imagem de El Salvador.&#8221;<\/em><\/p>\n<p>E, apesar do que se seguiu \u00e0quele jogo, Rodrigues e o time salvadorenho mantiveram enorme &#8220;aprecia\u00e7\u00e3o e respeito&#8221; pelos jogadores da sele\u00e7\u00e3o rival. <em>&#8220;Nem para os jogadores de Honduras nem para os do nosso lado os jogos eram entre inimigos. \u00c9ramos oponentes esportivos&#8221;<\/em>, diz ele.<\/p>\n<p>&nbsp;<\/p>\n<p>Mat\u00e9ria | Fotos: AFP, Getty Images e <a title=\"BBC News Brasil\" href=\"https:\/\/www.bbc.com\/portuguese\/internacional-48849212\" target=\"_blank\" rel=\"noopener noreferrer\">BBC News Brasil<\/a><\/p>\n","protected":false},"excerpt":{"rendered":"<p>&#8220;Para mim, aquele gol sempre foi uma fonte de orgulho esportivo. O que eu tenho certeza \u00e9 que as autoridades e os pol\u00edticos usaram nossa vit\u00f3ria no esporte para glorificar a imagem de El Salvador.&#8221;<\/p>\n","protected":false},"author":14,"featured_media":7015,"comment_status":"open","ping_status":"open","sticky":false,"template":"","format":"standard","meta":{"footnotes":""},"categories":[331,224],"tags":[806,807,805,800,801,217,203,799,381,196,194,804,802,798,711,576,803],"class_list":["post-7010","post","type-post","status-publish","format-standard","has-post-thumbnail","hentry","category-colaboradores","category-fora-das-4-linhas","tag-america-central","tag-concacaf","tag-conflito","tag-copa-de-1970","tag-copa-do-mexico","tag-copa-do-mundo","tag-cronica","tag-el-salvador","tag-eliminatorias","tag-futbox","tag-futebol","tag-guerra","tag-guerra-do-futebol","tag-honduras","tag-mexico-70","tag-mundiales","tag-politica"],"_links":{"self":[{"href":"https:\/\/www.futbox.com\/blog\/wp-json\/wp\/v2\/posts\/7010","targetHints":{"allow":["GET"]}}],"collection":[{"href":"https:\/\/www.futbox.com\/blog\/wp-json\/wp\/v2\/posts"}],"about":[{"href":"https:\/\/www.futbox.com\/blog\/wp-json\/wp\/v2\/types\/post"}],"author":[{"embeddable":true,"href":"https:\/\/www.futbox.com\/blog\/wp-json\/wp\/v2\/users\/14"}],"replies":[{"embeddable":true,"href":"https:\/\/www.futbox.com\/blog\/wp-json\/wp\/v2\/comments?post=7010"}],"version-history":[{"count":20,"href":"https:\/\/www.futbox.com\/blog\/wp-json\/wp\/v2\/posts\/7010\/revisions"}],"predecessor-version":[{"id":8815,"href":"https:\/\/www.futbox.com\/blog\/wp-json\/wp\/v2\/posts\/7010\/revisions\/8815"}],"wp:featuredmedia":[{"embeddable":true,"href":"https:\/\/www.futbox.com\/blog\/wp-json\/wp\/v2\/media\/7015"}],"wp:attachment":[{"href":"https:\/\/www.futbox.com\/blog\/wp-json\/wp\/v2\/media?parent=7010"}],"wp:term":[{"taxonomy":"category","embeddable":true,"href":"https:\/\/www.futbox.com\/blog\/wp-json\/wp\/v2\/categories?post=7010"},{"taxonomy":"post_tag","embeddable":true,"href":"https:\/\/www.futbox.com\/blog\/wp-json\/wp\/v2\/tags?post=7010"}],"curies":[{"name":"wp","href":"https:\/\/api.w.org\/{rel}","templated":true}]}}