{"id":7497,"date":"2020-03-20T14:34:38","date_gmt":"2020-03-20T17:34:38","guid":{"rendered":"https:\/\/www.futbox.com\/blog\/?p=7497"},"modified":"2020-08-06T18:59:39","modified_gmt":"2020-08-06T21:59:39","slug":"sem-futebol-na-tv-confira-dicas-de-livros-revistas-series-e-podcasts-para-o-periodo-sem-bola-rolando","status":"publish","type":"post","link":"https:\/\/www.futbox.com\/blog\/futebol-outros\/sem-futebol-na-tv-confira-dicas-de-livros-revistas-series-e-podcasts-para-o-periodo-sem-bola-rolando","title":{"rendered":"Sem futebol na TV? Confira dicas de livros, revistas, s\u00e9ries e podcasts para o per\u00edodo sem bola rolando!"},"content":{"rendered":"<div class=\"block\">\n<div class=\"container\">\n<div class=\"flex flex--gutter flex--col flex--md-row\">\n<div class=\"flex-cell\">\n<div class=\"row\">\n<div class=\"col col--md-1-1 col--lg-10-15 col-offset--lg-5-18\">\n<header class=\"c-content-head\" data-share-text=\"\">\n<div class=\"c-content-head__wrap\">\n<h2 class=\"c-content-head__subtitle\">Livros, revistas, s\u00e9ries e podcasts para o per\u00edodo sem bola rolando!<\/h2>\n<p class=\"c-content-head__subtitle\">A Netflix estreia nesta sexta-feira (20) a miniss\u00e9rie \u201cThe English Game\u201d (O Jogo Ingl\u00eas), cuja trama \u00e9 centrada na hist\u00f3ria de dois jogadores de futebol ingleses que, atuando por equipes rivais e pertencendo a classes sociais diferentes, exp\u00f5em as discuss\u00f5es sobre o amadorismo e o profissionalismo na Inglaterra da d\u00e9cada de 1870, prim\u00f3rdios do esporte.<\/p>\n<\/div>\n<\/header>\n<\/div>\n<\/div>\n<\/div>\n<\/div>\n<\/div>\n<\/div>\n<div class=\"block\">\n<div class=\"container j-paywall\" data-paywall-box=\"\">\n<div class=\"flex flex--gutter flex--col flex--md-row\">\n<div class=\"flex-cell\">\n<div class=\"row\">\n<div class=\"col col--md-1-1 col--lg-12-18\">\n<div class=\"c-news__content\">\n<div class=\"c-news__body\" data-share-text=\"\" data-news-content-text=\"\" data-disable-copy=\"\" data-continue-reading=\"\" data-continue-reading-hide-others=\".js-continue-reading-hidden\">\n<p>Dividida em seis epis\u00f3dios, a produ\u00e7\u00e3o chega \u00e0 plataforma em meio \u00e0 pandemia de coronav\u00edrus, que paralisou o futebol pelo mundo, cancelando tamb\u00e9m a oferta de jogos e campeonatos pela TV.<\/p>\n<div class=\"rs_skip\">\n<div class=\"js-gallery-widget\">\n<div id=\"gallery-widget-undefined\" class=\"gallery-widget gallery-widget-keydown\" data-channel=\"esporte\">\n<div class=\"gallery-widget__header rs_skip\">\n<h3 class=\"gallery-widget__header-title\">S\u00e9rie da Netflix mostra os prim\u00f3rdios do futebol ingl\u00eas<\/h3>\n<\/div>\n<div class=\"gallery-widget__content\">\n<div class=\"gallery-widget-carousel\">\n<div class=\"gallery-widget-carousel__container\">\n<p><a href=\"https:\/\/www.futbox.com\/blog\/wp-content\/uploads\/2020\/03\/Equipe-da-fa\u0301brica-de-Darwen.png\"><img loading=\"lazy\" decoding=\"async\" class=\"wp-image-7507 size-full colorbox-7497\" src=\"https:\/\/www.futbox.com\/blog\/wp-content\/uploads\/2020\/03\/Equipe-da-fa\u0301brica-de-Darwen.png\" alt=\"Equipe da f\u00e1brica de Darwen, cujo dono contrata dois escoceses para refor\u00e7ar a equipe, entre eles o protagonista Fergus Suter, no que marca o princ\u00edpio da profissionaliza\u00e7\u00e3o do futebol na Inglaterra\u00a0Oliver Upton\/Netflix\" width=\"1252\" height=\"839\" srcset=\"https:\/\/www.futbox.com\/blog\/wp-content\/uploads\/2020\/03\/Equipe-da-fa\u0301brica-de-Darwen.png 1252w, https:\/\/www.futbox.com\/blog\/wp-content\/uploads\/2020\/03\/Equipe-da-fa\u0301brica-de-Darwen-300x201.png 300w, https:\/\/www.futbox.com\/blog\/wp-content\/uploads\/2020\/03\/Equipe-da-fa\u0301brica-de-Darwen-1024x686.png 1024w, https:\/\/www.futbox.com\/blog\/wp-content\/uploads\/2020\/03\/Equipe-da-fa\u0301brica-de-Darwen-768x515.png 768w, https:\/\/www.futbox.com\/blog\/wp-content\/uploads\/2020\/03\/Equipe-da-fa\u0301brica-de-Darwen-620x415.png 620w\" sizes=\"auto, (max-width: 1252px) 100vw, 1252px\" \/><\/a><\/p>\n<p>Equipe da f\u00e1brica de Darwen, cujo dono contrata dois escoceses para refor\u00e7ar a equipe, entre eles o protagonista Fergus Suter, no que marca o princ\u00edpio da profissionaliza\u00e7\u00e3o do futebol na Inglaterra\u00a0Oliver Upton\/Netflix<\/p>\n<p>&nbsp;<\/p>\n<h2><strong>O QUE VER<\/strong><\/h2>\n<p>&nbsp;<\/p>\n<\/div>\n<\/div>\n<\/div>\n<\/div>\n<\/div>\n<\/div>\n<h3><b>Netflix:<\/b><\/h3>\n<p>&nbsp;<\/p>\n<h3>\u201cBarra Bravas\u201d (2020)<\/h3>\n<p>S\u00e9rie ficcional, dividida em oito epis\u00f3dios, mostra o funcionamento de uma torcida organizada na Argentina e como esses grupos t\u00eam influ\u00eancia sobre os pr\u00f3prios clubes e as autoridades do pa\u00eds. Cenas foram gravadas no est\u00e1dio do Hurac\u00e1n, o mesmo que aparece no filme \u201cO Segredo dos Seus Olhos\u201d.<\/p>\n<p>&nbsp;<\/p>\n<h3>\u201cThe English Game\u201d (2020)<\/h3>\n<p>S\u00e9rie que estreia nesta sexta (20) mostra o conflito entre dois jogadores, de equipes rivais, nos primeiros anos do futebol na Inglaterra, e de que forma o esporte se desenvolve entre o amadorismo e o in\u00edcio da pr\u00e1tica profissional. O diretor, Julian Fellowes, \u00e9 o mesmo de \u201cDowntown Abbey\u201d.<\/p>\n<p>&nbsp;<\/p>\n<h3>\u201cMaradona no M\u00e9xico\u201d (2019)<\/h3>\n<div id=\"attachment_7508\" class=\"wp-caption aligncenter\" style=\"width: 768px\"><a href=\"https:\/\/www.futbox.com\/blog\/wp-content\/uploads\/2020\/03\/maradona-no-mexico.jpg\"><img loading=\"lazy\" decoding=\"async\" class=\"wp-image-7508 size-full colorbox-7497\" src=\"https:\/\/www.futbox.com\/blog\/wp-content\/uploads\/2020\/03\/maradona-no-mexico.jpg\" alt=\"Momento que faz parte da s\u00e9rie &quot;Maradona no M\u00e9xico&quot;, sobre passagem do t\u00e9cnico argentino pelo Dorados -\u00a0Netflix\" width=\"768\" height=\"513\" srcset=\"https:\/\/www.futbox.com\/blog\/wp-content\/uploads\/2020\/03\/maradona-no-mexico.jpg 768w, https:\/\/www.futbox.com\/blog\/wp-content\/uploads\/2020\/03\/maradona-no-mexico-300x200.jpg 300w, https:\/\/www.futbox.com\/blog\/wp-content\/uploads\/2020\/03\/maradona-no-mexico-620x414.jpg 620w\" sizes=\"auto, (max-width: 768px) 100vw, 768px\" \/><\/a><p class=\"wp-caption-text\">Momento que faz parte da s\u00e9rie &#8220;Maradona no M\u00e9xico&#8221;, sobre passagem do t\u00e9cnico argentino pelo Dorados &#8211;\u00a0Netflix<\/p><\/div>\n<p>Em sete epis\u00f3dios, mostra os bastidores de Diego Armando Maradona como t\u00e9cnico do Dorados de Sinaloa, do M\u00e9xico, em 2017 e 2018. S\u00e9rie mostra o \u00eddolo argentino em estado puro e tem at\u00e9 xingamento (gratuito) a Luiz Felipe Scolari.<\/p>\n<p>&nbsp;<\/p>\n<h3>\u201cApache &#8211; A vida de Carlos Tevez\u201d (2019)<\/h3>\n<p>Dramatiza\u00e7\u00e3o da vida do atacante Carlos Tevez, da inf\u00e2ncia pobre no bairro de Forte Apache (por isso o t\u00edtulo da s\u00e9rie) \u00e0 chegada no Boca Juniors, clube do qual \u00e9 \u00eddolo. Produ\u00e7\u00e3o dividida em oito epis\u00f3dios.<\/p>\n<p>&nbsp;<\/p>\n<h3>\u201cMeu Tricolor de A\u00e7o\u201d (2018)<\/h3>\n<p>Document\u00e1rio conta a hist\u00f3ria do Fortaleza, que completou seu centen\u00e1rio em 2018, ano em que tamb\u00e9m conseguiu o retorno \u00e0 S\u00e9rie A do Campeonato Brasileiro. Filme traz entrevistas de jogadores e torcedores do clube, al\u00e9m de jornalistas.<\/p>\n<p>&nbsp;<\/p>\n<h3>\u201cSunderland At\u00e9 Morrer\u201d (2018)<\/h3>\n<p>Produ\u00e7\u00e3o conta em oito epis\u00f3dios como foi a temporada 2016\/2017 do clube ingl\u00eas, que tentava voltar \u00e0 primeira divis\u00e3o do pa\u00eds. Contudo, as coisas d\u00e3o muito errado para o time, que termina rebaixado para a Terceirona inglesa. A segunda temporada estreia no dia 1\u00ba de abril.<\/p>\n<p>&nbsp;<\/p>\n<h3><b>Amazon Prime Video:<\/b><\/h3>\n<p>&nbsp;<\/p>\n<h3>\u201cTudo ou Nada: Sele\u00e7\u00e3o Brasileira\u201d (2020)<\/h3>\n<p>Em cinco cap\u00edtulos, s\u00e9rie documental mostra alguns bastidores da conquista da sele\u00e7\u00e3o brasileira na Copa Am\u00e9rica de 2019. Tite, que antes era c\u00e9tico \u00e0s grava\u00e7\u00f5es, termina como personagem principal da trama.<\/p>\n<div class=\"rs_skip\">\n<div class=\"js-gallery-widget\">\n<div id=\"gallery-widget-undefined\" class=\"gallery-widget\" data-channel=\"esporte\">\n<div class=\"gallery-widget__header rs_skip\">\n<h3 class=\"gallery-widget__header-title\">Sele\u00e7\u00e3o brasileira ganha s\u00e9rie de t\u00edtulo da Copa Am\u00e9rica<\/h3>\n<\/div>\n<div class=\"gallery-widget__content\">\n<div class=\"gallery-widget-carousel\">\n<div>\n<div id=\"attachment_7509\" class=\"wp-caption aligncenter\" style=\"width: 1297px\"><a href=\"https:\/\/www.futbox.com\/blog\/wp-content\/uploads\/2020\/03\/Daniel-Alves-no-vestia\u0301rio-da-selec\u0327a\u0303o-brasileira.png\"><img loading=\"lazy\" decoding=\"async\" class=\"wp-image-7509 size-full colorbox-7497\" src=\"https:\/\/www.futbox.com\/blog\/wp-content\/uploads\/2020\/03\/Daniel-Alves-no-vestia\u0301rio-da-selec\u0327a\u0303o-brasileira.png\" alt=\"Daniel Alves, no vesti\u00e1rio da sele\u00e7\u00e3o brasileira, fala emocionado sobre a conquista do t\u00edtulo da Copa Am\u00e9rica. Ele foi o capit\u00e3o na conquista do torneio continental, disputado no ano passado no Brasil\u00a0Amazon Prime Video\/Divulga\u00e7\u00e3o\" width=\"1297\" height=\"804\" srcset=\"https:\/\/www.futbox.com\/blog\/wp-content\/uploads\/2020\/03\/Daniel-Alves-no-vestia\u0301rio-da-selec\u0327a\u0303o-brasileira.png 1297w, https:\/\/www.futbox.com\/blog\/wp-content\/uploads\/2020\/03\/Daniel-Alves-no-vestia\u0301rio-da-selec\u0327a\u0303o-brasileira-300x186.png 300w, https:\/\/www.futbox.com\/blog\/wp-content\/uploads\/2020\/03\/Daniel-Alves-no-vestia\u0301rio-da-selec\u0327a\u0303o-brasileira-1024x635.png 1024w, https:\/\/www.futbox.com\/blog\/wp-content\/uploads\/2020\/03\/Daniel-Alves-no-vestia\u0301rio-da-selec\u0327a\u0303o-brasileira-768x476.png 768w, https:\/\/www.futbox.com\/blog\/wp-content\/uploads\/2020\/03\/Daniel-Alves-no-vestia\u0301rio-da-selec\u0327a\u0303o-brasileira-620x384.png 620w\" sizes=\"auto, (max-width: 1297px) 100vw, 1297px\" \/><\/a><p class=\"wp-caption-text\">Daniel Alves, no vesti\u00e1rio da sele\u00e7\u00e3o brasileira, fala emocionado sobre a conquista do t\u00edtulo da Copa Am\u00e9rica. Ele foi o capit\u00e3o na conquista do torneio continental, disputado no ano passado no Brasil\u00a0Amazon Prime Video\/Divulga\u00e7\u00e3o<\/p><\/div>\n<p>&nbsp;<\/p>\n<\/div>\n<\/div>\n<\/div>\n<\/div>\n<\/div>\n<\/div>\n<h3>\u201cInside Borussia Dortmund\u201d (2019)<\/h3>\n<p>Divida em quatro epis\u00f3dios, s\u00e9rie documental mostra de dentro do Borussia Dortmund o andamento da temporada 2018\/2019 do clube, com imagens de vesti\u00e1rios, das instala\u00e7\u00f5es do clube, entrevistas com os jogadores e os treinadores. O Borussia terminou a Bundesliga em segundo, dois pontos atr\u00e1s do campe\u00e3o Bayern de Munique.<\/p>\n<h3>\u201cAll or Nothing: Manchester City\u201d (2018)<\/h3>\n<p>Nos mesmos moldes da s\u00e9rie sobre a Copa Am\u00e9rica, produ\u00e7\u00e3o exibe um pouco da intimidade do Manchester City de Pep Guardiola na conquista do Campeonato Ingl\u00eas na temporada 2017\/2018, a primeira de duas consecutivas que o clube conquistou sob o comando do t\u00e9cnico.<\/p>\n<h3>\u201cLes Bleus 2018\u201d (2018)<\/h3>\n<p>Dividida em quatro epis\u00f3dios, conta a hist\u00f3ria do t\u00edtulo franc\u00eas na Copa do Mundo de 2018, na R\u00fassia. Bastidores mostram at\u00e9 uma bronca do t\u00e9cnico Didier Deschamps em seus atletas ap\u00f3s a vit\u00f3ria na estreia, contra a Austr\u00e1lia, que abriu o caminho para a conquista.<\/p>\n<div>\n<div class=\"js-gallery-widget\">\n<div id=\"gallery-widget-nova\/\" class=\"gallery-widget\" data-channel=\"esporte\">\n<div class=\"gallery-widget__header rs_skip\">\n<h3 class=\"gallery-widget__header-title\">A Copa do Mundo da campe\u00e3 Fran\u00e7a em 9 fotos<\/h3>\n<p><a href=\"https:\/\/www.futbox.com\/blog\/wp-content\/uploads\/2020\/03\/Antoine-Griezmann-comemora.png\"><img loading=\"lazy\" decoding=\"async\" class=\"wp-image-7510 size-full colorbox-7497\" src=\"https:\/\/www.futbox.com\/blog\/wp-content\/uploads\/2020\/03\/Antoine-Griezmann-comemora.png\" alt=\"Antoine Griezmann comemora ap\u00f3s a Fran\u00e7a conquistar a classifica\u00e7\u00e3o para a final da Copa do Mundo, com vit\u00f3ria sobre a B\u00e9lgica por 1 a 0\u00a0Christophe Simon\/AFP\" width=\"1254\" height=\"835\" srcset=\"https:\/\/www.futbox.com\/blog\/wp-content\/uploads\/2020\/03\/Antoine-Griezmann-comemora.png 1254w, https:\/\/www.futbox.com\/blog\/wp-content\/uploads\/2020\/03\/Antoine-Griezmann-comemora-300x200.png 300w, https:\/\/www.futbox.com\/blog\/wp-content\/uploads\/2020\/03\/Antoine-Griezmann-comemora-1024x682.png 1024w, https:\/\/www.futbox.com\/blog\/wp-content\/uploads\/2020\/03\/Antoine-Griezmann-comemora-768x511.png 768w, https:\/\/www.futbox.com\/blog\/wp-content\/uploads\/2020\/03\/Antoine-Griezmann-comemora-620x413.png 620w\" sizes=\"auto, (max-width: 1254px) 100vw, 1254px\" \/><\/a><\/p>\n<p>Antoine Griezmann comemora ap\u00f3s a Fran\u00e7a conquistar a classifica\u00e7\u00e3o para a final da Copa do Mundo, com vit\u00f3ria sobre a B\u00e9lgica por 1 a 0\u00a0Christophe Simon\/AFP<\/p>\n<\/div>\n<div class=\"gallery-widget__content\">\n<div class=\"gallery-widget-carousel\">\n<div class=\"gallery-widget-carousel__container\"><\/div>\n<div class=\"gallery-widget-carousel__info rs_skip\">\n<div class=\"gallery-widget-carousel__info-container\">\n<h3 class=\"gallery-widget-carousel__info-description\"><strong>Futebol argentino<\/strong><\/h3>\n<\/div>\n<\/div>\n<\/div>\n<\/div>\n<\/div>\n<\/div>\n<\/div>\n<p>O jornalista argentino Federico Peretti disponibilizou at\u00e9 o pr\u00f3ximo dia 29 de mar\u00e7o, de forma gratuita, o document\u00e1rio &#8220;El otro f\u00fatbol&#8221;, que conta hist\u00f3rias do futebol argentino nas divis\u00f5es de acesso, do Ushuaia (Patag\u00f4nia) a Jujuy (norte do pa\u00eds).<\/p>\n<p>&nbsp;<\/p>\n<\/div>\n<\/div>\n<div class=\"c-news__content\">\n<div class=\"c-news__body\" data-share-text=\"\" data-news-content-text=\"\" data-disable-copy=\"\" data-continue-reading=\"\" data-continue-reading-hide-others=\".js-continue-reading-hidden\">\n<h2 class=\"c-news__subtitle\">O QUE LER<\/h2>\n<p>&nbsp;<\/p>\n<h3><b>Editora Grande \u00c1rea<\/b><\/h3>\n<p>Fundada em 2015, a Grande \u00c1rea se dedica exclusivamente ao futebol, com tradu\u00e7\u00f5es de obras consagradas em outros idiomas. No cat\u00e1logo da editora h\u00e1 livros sobre Pep Guardiola, J\u00fcrgen Klopp, Carlo Ancelotti, al\u00e9m de outros t\u00edtulos dedicados ao estudo ou an\u00e1lise do jogo, como &#8220;Pir\u00e2mide Invertida&#8221;, do ingl\u00eas Jonathan Wilson.<\/p>\n<p>Acesse\u00a0<a href=\"https:\/\/editoragrandearea.com.br\/\" target=\"_blank\" rel=\"noopener noreferrer\">aqui<\/a> o site da editora.<\/p>\n<h3><b>Dolores Editora<\/b><\/h3>\n<p>Tamb\u00e9m especializada em futebol, a Dolores \u00e9 uma editora independente que surgiu em 2019. Seu primeiro livro, &#8220;A Selva do Futebol&#8221;, mostra a pen\u00faria do futebol amazonense e as quest\u00f5es que cercaram a escolha de Manaus como uma das sedes da Copa do Mundo de 2014. A editora tamb\u00e9m tem uma revista anual, a &#8220;contrAtaque FC&#8221;, com textos de 27 autores. Em 2020, a Dolores prev\u00ea o lan\u00e7amento de uma obra sobre a Coligay, torcida organizada do Gr\u00eamio nos anos 1970 e 1980.<\/p>\n<p>Acesse\u00a0<a href=\"https:\/\/clubemolotov.com\/\" target=\"_blank\" rel=\"noopener noreferrer\">aqui<\/a> o site do Clube Molotov, que vende os lan\u00e7amentos da editora.<\/p>\n<h3><b>Revista L\u00edbero<\/b><\/h3>\n<p>Baseada em Madri, a revista trimestral espanhola disponibilizou suas dez primeiras edi\u00e7\u00f5es de forma gratuita na plataforma Issuu. A L\u00edbero trata o futebol dentro de um contexto social, com textos, entrevistas e reportagens que se entrela\u00e7am com a pol\u00edtica, a m\u00fasica e a cultura em geral. Revista \u00e9 publicada em l\u00edngua espanhola.<\/p>\n<p>Acesse\u00a0<a href=\"https:\/\/issuu.com\/revistalibero\" target=\"_blank\" rel=\"noopener noreferrer\">aqui<\/a>.<\/p>\n<h3><b>Futebol de esquerda<\/b><\/h3>\n<p>O jornalista espanhol <strong>Quique Peinado<\/strong> disponibilizou em seu perfil no Twitter <a href=\"https:\/\/twitter.com\/quiquepeinado\" target=\"_blank\" rel=\"noopener noreferrer\">@quiquepeinado<\/a> os links para download de seus dois livros relacionados a futebol: \u201cA las armas!\u201d, em que ele conta como \u00e9 ser torcedor do Rayo Vallecano, clube ligado \u00e0 esquerda de Madri, e \u201cFutbolistas de Izquierdas\u201d, sobre jogadores alinhados \u00e0 esquerda e\/ou que se colocaram contra o establishment do futebol, como o brasileiro S\u00f3crates (1954-2011). Ambas as obras s\u00e3o em l\u00edngua espanhola.<\/p>\n<\/div>\n<div id=\"attachment_7504\" class=\"wp-caption aligncenter\" style=\"width: 600px\"><a href=\"https:\/\/www.futbox.com\/blog\/wp-content\/uploads\/2020\/03\/Rayo-Vallecano-\u00a1A-las-armas.jpg\"><img loading=\"lazy\" decoding=\"async\" class=\"wp-image-7504 size-full colorbox-7497\" src=\"https:\/\/www.futbox.com\/blog\/wp-content\/uploads\/2020\/03\/Rayo-Vallecano-\u00a1A-las-armas.jpg\" alt=\"Rayo Vallecano. &quot;\u00a1A las armas!&quot;\" width=\"600\" height=\"898\" srcset=\"https:\/\/www.futbox.com\/blog\/wp-content\/uploads\/2020\/03\/Rayo-Vallecano-\u00a1A-las-armas.jpg 600w, https:\/\/www.futbox.com\/blog\/wp-content\/uploads\/2020\/03\/Rayo-Vallecano-\u00a1A-las-armas-200x300.jpg 200w\" sizes=\"auto, (max-width: 600px) 100vw, 600px\" \/><\/a><p class=\"wp-caption-text\">Rayo Vallecano. &#8220;\u00a1A las armas!&#8221;<\/p><\/div>\n<p>&nbsp;<\/p>\n<div id=\"attachment_7505\" class=\"wp-caption aligncenter\" style=\"width: 600px\"><a href=\"https:\/\/www.futbox.com\/blog\/wp-content\/uploads\/2020\/03\/quique-peinado.jpg\"><img loading=\"lazy\" decoding=\"async\" class=\"wp-image-7505 size-full colorbox-7497\" src=\"https:\/\/www.futbox.com\/blog\/wp-content\/uploads\/2020\/03\/quique-peinado.jpg\" alt=\"Lista de livros do jornalista Quique Peinado\" width=\"600\" height=\"739\" srcset=\"https:\/\/www.futbox.com\/blog\/wp-content\/uploads\/2020\/03\/quique-peinado.jpg 600w, https:\/\/www.futbox.com\/blog\/wp-content\/uploads\/2020\/03\/quique-peinado-244x300.jpg 244w\" sizes=\"auto, (max-width: 600px) 100vw, 600px\" \/><\/a><p class=\"wp-caption-text\">Lista de livros do jornalista Quique Peinado<\/p><\/div>\n<div class=\"c-news__body\" data-share-text=\"\" data-news-content-text=\"\" data-disable-copy=\"\" data-continue-reading=\"\" data-continue-reading-hide-others=\".js-continue-reading-hidden\">\n<div class=\"rs_skip\">\n<div class=\"c-twitter-post js-widget-twitter-post widget-twitter\" data-href=\"https:\/\/twitter.com\/quiquepeinado\/status\/1238767930260836352\">\n<div class=\"SandboxRoot env-bp-350\" data-twitter-event-id=\"2\">\n<div class=\"resize-sensor\">\n<div class=\"resize-sensor-shrink\">\n<p>&nbsp;<\/p>\n<h3><b>The Tactical Room<\/b><\/h3>\n<\/div>\n<\/div>\n<\/div>\n<\/div>\n<\/div>\n<p>O jornalista espanhol <strong>Mart\u00ed Perarnau<\/strong>, ex-atleta ol\u00edmpico e autor de dois livros sobre Pep Guardiola, \u00e9 dono da revista \u201cThe Tactical Room\u201d, que como o pr\u00f3prio nome sugere aborda o futebol sob o ponto de vista da an\u00e1lise do jogo, com entrevistas, personagens e reportagens que ajudam a entender melhor o que se passa no campo. Perarnau disponibilizou a 50\u00aa edi\u00e7\u00e3o da revista digital, tamb\u00e9m em l\u00edngua espanhola.<\/p>\n<p>Acesse\u00a0<a href=\"https:\/\/www.martiperarnau.com\/producto\/gratis-the-tactical-room-50\/\" target=\"_blank\" rel=\"noopener noreferrer\">aqui<\/a> o site da publica\u00e7\u00e3o.<\/p>\n<h3><b>Andr\u00e9s Burgo<\/b><\/h3>\n<p>Jornalista e autor de seis livros sobre futebol, o argentino Andr\u00e9s Burgo <a href=\"https:\/\/twitter.com\/Andres_Burgo\" target=\"_blank\" rel=\"noopener noreferrer\">@Andres_Burgo<\/a>, que tamb\u00e9m \u00e9 fan\u00e1tico pelo River Plate, <a href=\"https:\/\/drive.google.com\/file\/d\/1W99_oHBMNe-VxIa_I7tab4EnjCNh2HNu\/view\" target=\"_blank\" rel=\"noopener noreferrer\">disponibilizou para download gratuito<\/a> uma de suas obras, &#8220;Diego Dijo&#8221; (Diego disse, em espanhol), que escreveu junto de Marcelo Gantman e re\u00fane as &#8220;mil melhores frases de toda a carreira&#8221; de Diego Maradona.<\/p>\n<\/div>\n<\/div>\n<\/div>\n<\/div>\n<p>&nbsp;<\/p>\n<h2 class=\"c-news__subtitle\">O QUE OUVIR<\/h2>\n<p>&nbsp;<\/p>\n<h3><strong>Bola de Chumbo<\/strong><\/h3>\n<p>O s\u00e9rie em podcast &#8220;Bola de Chumbo, publicada pela\u00a0<strong>Folha\u00a0<\/strong>\u200bem 2019, re\u00fane em cinco epis\u00f3dios momentos nos quais futebol, pol\u00edtica e por vezes at\u00e9 guerras se misturaram. Dispon\u00edvel em diferentes plataformas de podcasts.<\/p>\n<div class=\"rs_skip\">\n<div class=\"js-widget-spotify widget-spotify\" data-href=\"https:\/\/open.spotify.com\/show\/4NiGfl5XBb9lvq2kwIRqY3\"><iframe loading=\"lazy\" src=\"https:\/\/embed.spotify.com\/?uri=https:\/\/open.spotify.com\/show\/4NiGfl5XBb9lvq2kwIRqY3\" width=\"100%\" height=\"380\" frameborder=\"0\" data-mce-fragment=\"1\"><\/iframe><\/div>\n<\/div>\n<h3><strong>Hoje Sim<\/strong><\/h3>\n<p>O podcast do narrador Cleber Machado, da Globo, traz semanalmente entrevistas com personagens do futebol brasileiro. Cada epis\u00f3dio tem, geralmente, mais de uma hora de dura\u00e7\u00e3o.<\/p>\n<div class=\"rs_skip\">\n<div class=\"js-widget-spotify widget-spotify\" data-href=\"https:\/\/open.spotify.com\/show\/1gZvboTlxxsCZsngaOVdcn\"><iframe loading=\"lazy\" src=\"https:\/\/embed.spotify.com\/?uri=https:\/\/open.spotify.com\/show\/1gZvboTlxxsCZsngaOVdcn\" width=\"100%\" height=\"380\" frameborder=\"0\" data-mce-fragment=\"1\"><\/iframe><\/div>\n<\/div>\n<h3><strong>Correspondentes Premier<\/strong><\/h3>\n<p>Apresentado pelos correspondentes da ESPN Brasil na Inglaterra, o podcast conta os bastidores da cobertura, traz entrevistas com personalidades da Premier League e discute temas quentes do futebol ingl\u00eas. Uma boa oportunidade para matar a saudade da liga inglesa, suspensa durante a pandemia.<\/p>\n<div class=\"rs_skip\">\n<div class=\"js-widget-soundcloud widget-soundcloud\" data-href=\"https:\/\/soundcloud.com\/correspondentespremier\"><iframe loading=\"lazy\" src=\"https:\/\/w.soundcloud.com\/player\/?url=https:\/\/soundcloud.com\/correspondentespremier\" width=\"100%\" height=\"180\" frameborder=\"0\" data-mce-fragment=\"1\"><\/iframe><\/div>\n<\/div>\n<h3><strong>The Pitch Invaders<\/strong><\/h3>\n<p>Podcast do Footure, uma produtora de conte\u00fado independente sobre futebol, que discute o futebol de um ponto de vista anal\u00edtico. O programa &#8220;The Pitch Invaders&#8221; j\u00e1 tem tr\u00eas anos e conta com entrevistas, an\u00e1lises sobre o trabalho dos treinadores no futebol brasileiro, al\u00e9m de tamb\u00e9m discutir gest\u00e3o e marketing.<\/p>\n<p>&nbsp;<\/p>\n<\/div>\n<\/div>\n<\/div>\n<\/div>\n","protected":false},"excerpt":{"rendered":"<p>Para nossa degusta\u00e7\u00e3o nesse periodo de reclus\u00e3o! Uma lista de filmes, s\u00e9ries, livros, revistas e podcasts para quando a bola n\u00e3o estiver rolando.<\/p>\n","protected":false},"author":10,"featured_media":7522,"comment_status":"open","ping_status":"open","sticky":false,"template":"","format":"standard","meta":{"footnotes":""},"categories":[331,1],"tags":[921,266,305,328,195,227,543,924,217,238,926,928,927,203,228,673,259,196,194,925,191,922,923,230,229,920,929,478],"class_list":["post-7497","post","type-post","status-publish","format-standard","has-post-thumbnail","hentry","category-colaboradores","category-futebol-outros","tag-amazon","tag-atletico-mg","tag-blog","tag-blogueiro","tag-brasil","tag-brasileirao","tag-campeonato-brasileiro","tag-claro","tag-copa-do-mundo","tag-corinthians","tag-corona-virus","tag-coronavirus","tag-covid19","tag-cronica","tag-cruzeiro","tag-filmes","tag-flamengo","tag-futbox","tag-futebol","tag-hbo","tag-libertadores","tag-netflix","tag-now","tag-palmeiras","tag-sao-paulo","tag-series","tag-streaming","tag-vasco"],"_links":{"self":[{"href":"https:\/\/www.futbox.com\/blog\/wp-json\/wp\/v2\/posts\/7497","targetHints":{"allow":["GET"]}}],"collection":[{"href":"https:\/\/www.futbox.com\/blog\/wp-json\/wp\/v2\/posts"}],"about":[{"href":"https:\/\/www.futbox.com\/blog\/wp-json\/wp\/v2\/types\/post"}],"author":[{"embeddable":true,"href":"https:\/\/www.futbox.com\/blog\/wp-json\/wp\/v2\/users\/10"}],"replies":[{"embeddable":true,"href":"https:\/\/www.futbox.com\/blog\/wp-json\/wp\/v2\/comments?post=7497"}],"version-history":[{"count":20,"href":"https:\/\/www.futbox.com\/blog\/wp-json\/wp\/v2\/posts\/7497\/revisions"}],"predecessor-version":[{"id":7527,"href":"https:\/\/www.futbox.com\/blog\/wp-json\/wp\/v2\/posts\/7497\/revisions\/7527"}],"wp:featuredmedia":[{"embeddable":true,"href":"https:\/\/www.futbox.com\/blog\/wp-json\/wp\/v2\/media\/7522"}],"wp:attachment":[{"href":"https:\/\/www.futbox.com\/blog\/wp-json\/wp\/v2\/media?parent=7497"}],"wp:term":[{"taxonomy":"category","embeddable":true,"href":"https:\/\/www.futbox.com\/blog\/wp-json\/wp\/v2\/categories?post=7497"},{"taxonomy":"post_tag","embeddable":true,"href":"https:\/\/www.futbox.com\/blog\/wp-json\/wp\/v2\/tags?post=7497"}],"curies":[{"name":"wp","href":"https:\/\/api.w.org\/{rel}","templated":true}]}}