{"id":8051,"date":"2020-06-19T19:53:41","date_gmt":"2020-06-19T22:53:41","guid":{"rendered":"https:\/\/www.futbox.com\/blog\/?p=8051"},"modified":"2025-12-23T11:08:15","modified_gmt":"2025-12-23T14:08:15","slug":"terceiro-escudo-oficial-do-atletico-clube-goianiense","status":"publish","type":"post","link":"https:\/\/www.futbox.com\/blog\/futebol-design\/terceiro-escudo-oficial-do-atletico-clube-goianiense","title":{"rendered":"O Novo Escudo Oficial do Atl\u00e9tico Clube Goianiense"},"content":{"rendered":"<p>O <strong>Atl\u00e9tico Clube Goianiense<\/strong> apresentou na noite de 19 de junho de 2020 o seu novo escudo oficial, projeto que foca a expans\u00e3o e o enriquecimento da identidade visual do Clube do Bairro de Campinas.<\/p>\n<p>No final de 2019 o Atl\u00e9tico contratou o <strong>Futbox &#8211; <\/strong><strong>Centro de Pesquisa Gr\u00e1fica Sobre Futebol<\/strong><strong> &#8211;<\/strong> para o desenvolvimento do seu terceiro escudo oficial, uma expans\u00e3o da identidade visual do Clube, preservando sua hist\u00f3ria e lastro gr\u00e1fico, e lan\u00e7ando o Atl\u00e9tico em um novo cen\u00e1rio em rela\u00e7\u00e3o \u00e0 gest\u00e3o da sua marca. Adriano \u00c1vila, designer gr\u00e1fico e fundador do Futbox.com comenta:<\/p>\n<p><em>\u201cO trabalho focou a evolu\u00e7\u00e3o dos escudos do Atl\u00e9tico-GO onde foram selecionados dois momentos: o escudo de funda\u00e7\u00e3o, na verdade o segundo modelo, que possui uma liga\u00e7\u00e3o afetiva maior com o seu torcedor, e o escudo atual, usado desde 2016 com tres estrelas, referentes ao tricampeonato brasileiro do Atl\u00e9tico-GO.&#8221;<\/em><\/p>\n<p>&nbsp;<\/p>\n<div id=\"attachment_8061\" class=\"wp-caption aligncenter\" style=\"width: 1920px\"><a href=\"https:\/\/www.futbox.com\/blog\/wp-content\/uploads\/2020\/06\/0-apres-escudo-ACG-imp.jpg\"><img loading=\"lazy\" decoding=\"async\" class=\"wp-image-8061 size-full colorbox-8051\" src=\"https:\/\/www.futbox.com\/blog\/wp-content\/uploads\/2020\/06\/0-apres-escudo-ACG-imp.jpg\" alt=\"Ponto de partida para a cria\u00e7\u00e3o do terceiro escudo.\" width=\"1920\" height=\"1080\" srcset=\"https:\/\/www.futbox.com\/blog\/wp-content\/uploads\/2020\/06\/0-apres-escudo-ACG-imp.jpg 1920w, https:\/\/www.futbox.com\/blog\/wp-content\/uploads\/2020\/06\/0-apres-escudo-ACG-imp-300x169.jpg 300w, https:\/\/www.futbox.com\/blog\/wp-content\/uploads\/2020\/06\/0-apres-escudo-ACG-imp-1024x576.jpg 1024w, https:\/\/www.futbox.com\/blog\/wp-content\/uploads\/2020\/06\/0-apres-escudo-ACG-imp-768x432.jpg 768w, https:\/\/www.futbox.com\/blog\/wp-content\/uploads\/2020\/06\/0-apres-escudo-ACG-imp-1536x864.jpg 1536w, https:\/\/www.futbox.com\/blog\/wp-content\/uploads\/2020\/06\/0-apres-escudo-ACG-imp-620x349.jpg 620w\" sizes=\"auto, (max-width: 1920px) 100vw, 1920px\" \/><\/a><p class=\"wp-caption-text\">Ponto de partida para a cria\u00e7\u00e3o do terceiro escudo.<\/p><\/div>\n<p><em><br \/>\n&#8220;O conceito empregado foi transportar o entrela\u00e7amento original (inicias \u201cACG\u201d presentes no primeiro escudo) para o novo modelo, criado a partir da estrutura do escudo atual, proporcionando um formato in\u00e9dito no Brasil, com mais for\u00e7a e mais legibilidade em ambientes digitais, al\u00e9m de promover o equil\u00edbrio entre tradi\u00e7\u00e3o e inova\u00e7\u00e3o, ponto estrat\u00e9gico para o crescimento de uma marca e a expans\u00e3o da sua torcida.\u201d<\/em><\/p>\n<p>&nbsp;<\/p>\n<div id=\"attachment_12939\" class=\"wp-caption aligncenter\" style=\"width: 1920px\"><a href=\"https:\/\/www.futbox.com\/blog\/wp-content\/uploads\/2020\/06\/acg-estudo-premilinar-1.jpg\"><img loading=\"lazy\" decoding=\"async\" class=\"wp-image-12939 size-full colorbox-8051\" src=\"https:\/\/www.futbox.com\/blog\/wp-content\/uploads\/2020\/06\/acg-estudo-premilinar-1.jpg\" alt=\"Novo Escudo Oficial ACG: Projeto Futbox\" width=\"1920\" height=\"1081\" srcset=\"https:\/\/www.futbox.com\/blog\/wp-content\/uploads\/2020\/06\/acg-estudo-premilinar-1.jpg 1920w, https:\/\/www.futbox.com\/blog\/wp-content\/uploads\/2020\/06\/acg-estudo-premilinar-1-300x169.jpg 300w, https:\/\/www.futbox.com\/blog\/wp-content\/uploads\/2020\/06\/acg-estudo-premilinar-1-1024x577.jpg 1024w, https:\/\/www.futbox.com\/blog\/wp-content\/uploads\/2020\/06\/acg-estudo-premilinar-1-768x432.jpg 768w, https:\/\/www.futbox.com\/blog\/wp-content\/uploads\/2020\/06\/acg-estudo-premilinar-1-1536x865.jpg 1536w, https:\/\/www.futbox.com\/blog\/wp-content\/uploads\/2020\/06\/acg-estudo-premilinar-1-620x349.jpg 620w\" sizes=\"auto, (max-width: 1920px) 100vw, 1920px\" \/><\/a><p class=\"wp-caption-text\">Novo Escudo Oficial ACG: Projeto Futbox<\/p><\/div>\n<p>&nbsp;<\/p>\n<div id=\"attachment_12938\" class=\"wp-caption aligncenter\" style=\"width: 1920px\"><a href=\"https:\/\/www.futbox.com\/blog\/wp-content\/uploads\/2020\/06\/acg-estudo-premilinar-2.jpg\"><img loading=\"lazy\" decoding=\"async\" class=\"wp-image-12938 size-full colorbox-8051\" src=\"https:\/\/www.futbox.com\/blog\/wp-content\/uploads\/2020\/06\/acg-estudo-premilinar-2.jpg\" alt=\"Novo Escudo Oficial ACG: Projeto Futbox\" width=\"1920\" height=\"1081\" srcset=\"https:\/\/www.futbox.com\/blog\/wp-content\/uploads\/2020\/06\/acg-estudo-premilinar-2.jpg 1920w, https:\/\/www.futbox.com\/blog\/wp-content\/uploads\/2020\/06\/acg-estudo-premilinar-2-300x169.jpg 300w, https:\/\/www.futbox.com\/blog\/wp-content\/uploads\/2020\/06\/acg-estudo-premilinar-2-1024x577.jpg 1024w, https:\/\/www.futbox.com\/blog\/wp-content\/uploads\/2020\/06\/acg-estudo-premilinar-2-768x432.jpg 768w, https:\/\/www.futbox.com\/blog\/wp-content\/uploads\/2020\/06\/acg-estudo-premilinar-2-1536x865.jpg 1536w, https:\/\/www.futbox.com\/blog\/wp-content\/uploads\/2020\/06\/acg-estudo-premilinar-2-620x349.jpg 620w\" sizes=\"auto, (max-width: 1920px) 100vw, 1920px\" \/><\/a><p class=\"wp-caption-text\">Novo Escudo Oficial ACG: Projeto Futbox<\/p><\/div>\n<p>&nbsp;<\/p>\n<p>O resultado foi um escudo de grande impacto visual, num formato in\u00e9dito no Brasil, onde o equil\u00edbrio entre tradi\u00e7\u00e3o e inova\u00e7\u00e3o est\u00e1 presente em toda a nova simbologia:<\/p>\n<p>&nbsp;<\/p>\n<div id=\"attachment_12940\" class=\"wp-caption aligncenter\" style=\"width: 1919px\"><a href=\"https:\/\/www.futbox.com\/blog\/wp-content\/uploads\/2020\/06\/acg-estudo-premilinar-4.jpg\"><img loading=\"lazy\" decoding=\"async\" class=\"wp-image-12940 size-full colorbox-8051\" src=\"https:\/\/www.futbox.com\/blog\/wp-content\/uploads\/2020\/06\/acg-estudo-premilinar-4.jpg\" alt=\"Novo Escudo Oficial ACG: Projeto Futbox\" width=\"1919\" height=\"1083\" srcset=\"https:\/\/www.futbox.com\/blog\/wp-content\/uploads\/2020\/06\/acg-estudo-premilinar-4.jpg 1919w, https:\/\/www.futbox.com\/blog\/wp-content\/uploads\/2020\/06\/acg-estudo-premilinar-4-300x169.jpg 300w, https:\/\/www.futbox.com\/blog\/wp-content\/uploads\/2020\/06\/acg-estudo-premilinar-4-1024x578.jpg 1024w, https:\/\/www.futbox.com\/blog\/wp-content\/uploads\/2020\/06\/acg-estudo-premilinar-4-768x433.jpg 768w, https:\/\/www.futbox.com\/blog\/wp-content\/uploads\/2020\/06\/acg-estudo-premilinar-4-1536x867.jpg 1536w, https:\/\/www.futbox.com\/blog\/wp-content\/uploads\/2020\/06\/acg-estudo-premilinar-4-620x350.jpg 620w\" sizes=\"auto, (max-width: 1919px) 100vw, 1919px\" \/><\/a><p class=\"wp-caption-text\">Novo Escudo Oficial ACG: Projeto Futbox<\/p><\/div>\n<p>&nbsp;<\/p>\n<div id=\"attachment_12941\" class=\"wp-caption aligncenter\" style=\"width: 1920px\"><a href=\"https:\/\/www.futbox.com\/blog\/wp-content\/uploads\/2020\/06\/acg-estudo-premilinar-5.jpg\"><img loading=\"lazy\" decoding=\"async\" class=\"wp-image-12941 size-full colorbox-8051\" src=\"https:\/\/www.futbox.com\/blog\/wp-content\/uploads\/2020\/06\/acg-estudo-premilinar-5.jpg\" alt=\"Novo Escudo Oficial ACG: Projeto Futbox\" width=\"1920\" height=\"1082\" srcset=\"https:\/\/www.futbox.com\/blog\/wp-content\/uploads\/2020\/06\/acg-estudo-premilinar-5.jpg 1920w, https:\/\/www.futbox.com\/blog\/wp-content\/uploads\/2020\/06\/acg-estudo-premilinar-5-300x169.jpg 300w, https:\/\/www.futbox.com\/blog\/wp-content\/uploads\/2020\/06\/acg-estudo-premilinar-5-1024x577.jpg 1024w, https:\/\/www.futbox.com\/blog\/wp-content\/uploads\/2020\/06\/acg-estudo-premilinar-5-768x433.jpg 768w, https:\/\/www.futbox.com\/blog\/wp-content\/uploads\/2020\/06\/acg-estudo-premilinar-5-1536x866.jpg 1536w, https:\/\/www.futbox.com\/blog\/wp-content\/uploads\/2020\/06\/acg-estudo-premilinar-5-620x349.jpg 620w\" sizes=\"auto, (max-width: 1920px) 100vw, 1920px\" \/><\/a><p class=\"wp-caption-text\">Novo Escudo Oficial ACG: Projeto Futbox<\/p><\/div>\n<p>&nbsp;<\/p>\n<div id=\"attachment_12942\" class=\"wp-caption aligncenter\" style=\"width: 1920px\"><a href=\"https:\/\/www.futbox.com\/blog\/wp-content\/uploads\/2020\/06\/acg-estudo-premilinar-3.jpg\"><img loading=\"lazy\" decoding=\"async\" class=\"wp-image-12942 size-full colorbox-8051\" src=\"https:\/\/www.futbox.com\/blog\/wp-content\/uploads\/2020\/06\/acg-estudo-premilinar-3.jpg\" alt=\"Novo Escudo Oficial ACG: Projeto Futbox\" width=\"1920\" height=\"1082\" srcset=\"https:\/\/www.futbox.com\/blog\/wp-content\/uploads\/2020\/06\/acg-estudo-premilinar-3.jpg 1920w, https:\/\/www.futbox.com\/blog\/wp-content\/uploads\/2020\/06\/acg-estudo-premilinar-3-300x169.jpg 300w, https:\/\/www.futbox.com\/blog\/wp-content\/uploads\/2020\/06\/acg-estudo-premilinar-3-1024x577.jpg 1024w, https:\/\/www.futbox.com\/blog\/wp-content\/uploads\/2020\/06\/acg-estudo-premilinar-3-768x433.jpg 768w, https:\/\/www.futbox.com\/blog\/wp-content\/uploads\/2020\/06\/acg-estudo-premilinar-3-1536x866.jpg 1536w, https:\/\/www.futbox.com\/blog\/wp-content\/uploads\/2020\/06\/acg-estudo-premilinar-3-620x349.jpg 620w\" sizes=\"auto, (max-width: 1920px) 100vw, 1920px\" \/><\/a><p class=\"wp-caption-text\">Novo Escudo Oficial ACG: Projeto Futbox<\/p><\/div>\n<p>&nbsp;<\/p>\n<p>&nbsp;<\/p>\n<h3><strong>Palavra do Presidente<\/strong><\/h3>\n<p>&nbsp;<\/p>\n<p>O Presidente Executivo do Atl\u00e9tico Clube Goianiense, <strong>Adson Batista<\/strong>, falou sobre a ideia de moderniza\u00e7\u00e3o da marca atleticana:<\/p>\n<p><em>\u201cO Atl\u00e9tico est\u00e1 atento as mudan\u00e7as. Observamos o pedido dos torcedores para a moderniza\u00e7\u00e3o da marca e por isso fizemos diversos estudos at\u00e9 chegar ao material final, que ser\u00e1 o terceiro escudo oficial do Atl\u00e9tico Goianiense. N\u00e3o queremos apagar a imagem dos outros escudos do clube, por isso iremos investir em uma terceira marca para o Atl\u00e9tico. Isso poder\u00e1 abrir novas oportunidades de lan\u00e7amentos de camisas e reconhecimento nacional e internacional do clube<\/em>.&#8221;<\/p>\n<p>&nbsp;<\/p>\n<p><a href=\"https:\/\/www.futbox.com\/blog\/wp-content\/uploads\/2020\/06\/10-apres-escudo-ACG-imp.jpg\"><img loading=\"lazy\" decoding=\"async\" class=\"aligncenter wp-image-8073 size-full colorbox-8051\" src=\"https:\/\/www.futbox.com\/blog\/wp-content\/uploads\/2020\/06\/10-apres-escudo-ACG-imp.jpg\" alt=\"\" width=\"1920\" height=\"1080\" srcset=\"https:\/\/www.futbox.com\/blog\/wp-content\/uploads\/2020\/06\/10-apres-escudo-ACG-imp.jpg 1920w, https:\/\/www.futbox.com\/blog\/wp-content\/uploads\/2020\/06\/10-apres-escudo-ACG-imp-300x169.jpg 300w, https:\/\/www.futbox.com\/blog\/wp-content\/uploads\/2020\/06\/10-apres-escudo-ACG-imp-1024x576.jpg 1024w, https:\/\/www.futbox.com\/blog\/wp-content\/uploads\/2020\/06\/10-apres-escudo-ACG-imp-768x432.jpg 768w, https:\/\/www.futbox.com\/blog\/wp-content\/uploads\/2020\/06\/10-apres-escudo-ACG-imp-1536x864.jpg 1536w, https:\/\/www.futbox.com\/blog\/wp-content\/uploads\/2020\/06\/10-apres-escudo-ACG-imp-620x349.jpg 620w\" sizes=\"auto, (max-width: 1920px) 100vw, 1920px\" \/><\/a><\/p>\n<p>&nbsp;<\/p>\n<h3>Nova Identidade Visual<\/h3>\n<p>&nbsp;<\/p>\n<p>Uniformes oficias do Atl\u00e9tico Goianiense com o novo escudo, aplicado tamb\u00e9m na bandeira oficial, \u00f4nibus do clube e em toda a sinaliza\u00e7\u00e3o da sede social e do Est\u00e1dio Antonio Accioly:<\/p>\n<p>&nbsp;<\/p>\n<div id=\"attachment_11263\" class=\"wp-caption aligncenter\" style=\"width: 2048px\"><a href=\"https:\/\/www.futbox.com\/blog\/wp-content\/uploads\/2020\/06\/2023-draga\u0303o-menina-02.jpg\"><img loading=\"lazy\" decoding=\"async\" class=\"wp-image-11263 size-full colorbox-8051\" src=\"https:\/\/www.futbox.com\/blog\/wp-content\/uploads\/2020\/06\/2023-draga\u0303o-menina-02.jpg\" alt=\"Torcida do Drag\u00e3o abra\u00e7ou o novo escudo do ACG\" width=\"2048\" height=\"1367\" srcset=\"https:\/\/www.futbox.com\/blog\/wp-content\/uploads\/2020\/06\/2023-draga\u0303o-menina-02.jpg 2048w, https:\/\/www.futbox.com\/blog\/wp-content\/uploads\/2020\/06\/2023-draga\u0303o-menina-02-300x200.jpg 300w, https:\/\/www.futbox.com\/blog\/wp-content\/uploads\/2020\/06\/2023-draga\u0303o-menina-02-1024x684.jpg 1024w, https:\/\/www.futbox.com\/blog\/wp-content\/uploads\/2020\/06\/2023-draga\u0303o-menina-02-768x513.jpg 768w, https:\/\/www.futbox.com\/blog\/wp-content\/uploads\/2020\/06\/2023-draga\u0303o-menina-02-1536x1025.jpg 1536w, https:\/\/www.futbox.com\/blog\/wp-content\/uploads\/2020\/06\/2023-draga\u0303o-menina-02-620x414.jpg 620w\" sizes=\"auto, (max-width: 2048px) 100vw, 2048px\" \/><\/a><p class=\"wp-caption-text\">Torcida do Drag\u00e3o abra\u00e7ou o novo escudo do ACG<\/p><\/div>\n<p>&nbsp;<\/p>\n<div id=\"attachment_11264\" class=\"wp-caption aligncenter\" style=\"width: 1440px\"><a href=\"https:\/\/www.futbox.com\/blog\/wp-content\/uploads\/2020\/06\/2022-acg-x-spfc-semi-sulamericana-07.jpg\"><img loading=\"lazy\" decoding=\"async\" class=\"wp-image-11264 size-full colorbox-8051\" src=\"https:\/\/www.futbox.com\/blog\/wp-content\/uploads\/2020\/06\/2022-acg-x-spfc-semi-sulamericana-07.jpg\" alt=\"Torcida do Drag\u00e3o abra\u00e7ou o novo escudo do ACG\" width=\"1440\" height=\"959\" srcset=\"https:\/\/www.futbox.com\/blog\/wp-content\/uploads\/2020\/06\/2022-acg-x-spfc-semi-sulamericana-07.jpg 1440w, https:\/\/www.futbox.com\/blog\/wp-content\/uploads\/2020\/06\/2022-acg-x-spfc-semi-sulamericana-07-300x200.jpg 300w, https:\/\/www.futbox.com\/blog\/wp-content\/uploads\/2020\/06\/2022-acg-x-spfc-semi-sulamericana-07-1024x682.jpg 1024w, https:\/\/www.futbox.com\/blog\/wp-content\/uploads\/2020\/06\/2022-acg-x-spfc-semi-sulamericana-07-768x511.jpg 768w, https:\/\/www.futbox.com\/blog\/wp-content\/uploads\/2020\/06\/2022-acg-x-spfc-semi-sulamericana-07-620x413.jpg 620w\" sizes=\"auto, (max-width: 1440px) 100vw, 1440px\" \/><\/a><p class=\"wp-caption-text\">Torcida do Drag\u00e3o abra\u00e7ou o novo escudo do ACG<\/p><\/div>\n<p>&nbsp;<\/p>\n<div id=\"attachment_11265\" class=\"wp-caption aligncenter\" style=\"width: 2048px\"><a href=\"https:\/\/www.futbox.com\/blog\/wp-content\/uploads\/2020\/06\/2021-acg-vovo\u0302.jpg\"><img loading=\"lazy\" decoding=\"async\" class=\"wp-image-11265 size-full colorbox-8051\" src=\"https:\/\/www.futbox.com\/blog\/wp-content\/uploads\/2020\/06\/2021-acg-vovo\u0302.jpg\" alt=\"Tradi\u00e7\u00e3o respeitada no processo criativo do novo escudo\" width=\"2048\" height=\"1365\" srcset=\"https:\/\/www.futbox.com\/blog\/wp-content\/uploads\/2020\/06\/2021-acg-vovo\u0302.jpg 2048w, https:\/\/www.futbox.com\/blog\/wp-content\/uploads\/2020\/06\/2021-acg-vovo\u0302-300x200.jpg 300w, https:\/\/www.futbox.com\/blog\/wp-content\/uploads\/2020\/06\/2021-acg-vovo\u0302-1024x683.jpg 1024w, https:\/\/www.futbox.com\/blog\/wp-content\/uploads\/2020\/06\/2021-acg-vovo\u0302-768x512.jpg 768w, https:\/\/www.futbox.com\/blog\/wp-content\/uploads\/2020\/06\/2021-acg-vovo\u0302-1536x1024.jpg 1536w, https:\/\/www.futbox.com\/blog\/wp-content\/uploads\/2020\/06\/2021-acg-vovo\u0302-620x413.jpg 620w\" sizes=\"auto, (max-width: 2048px) 100vw, 2048px\" \/><\/a><p class=\"wp-caption-text\">Tradi\u00e7\u00e3o respeitada no processo criativo do novo escudo<\/p><\/div>\n<p>&nbsp;<\/p>\n<div id=\"attachment_11240\" class=\"wp-caption aligncenter\" style=\"width: 1832px\"><a href=\"https:\/\/www.futbox.com\/blog\/wp-content\/uploads\/2020\/06\/acg-2023-foto-Ingryd-Oliveira-ACG-02.jpg\"><img loading=\"lazy\" decoding=\"async\" class=\"wp-image-11240 size-full colorbox-8051\" src=\"https:\/\/www.futbox.com\/blog\/wp-content\/uploads\/2020\/06\/acg-2023-foto-Ingryd-Oliveira-ACG-02.jpg\" alt=\"Enxoval com o novo escudo do ACG\" width=\"1832\" height=\"1221\" srcset=\"https:\/\/www.futbox.com\/blog\/wp-content\/uploads\/2020\/06\/acg-2023-foto-Ingryd-Oliveira-ACG-02.jpg 1832w, https:\/\/www.futbox.com\/blog\/wp-content\/uploads\/2020\/06\/acg-2023-foto-Ingryd-Oliveira-ACG-02-300x200.jpg 300w, https:\/\/www.futbox.com\/blog\/wp-content\/uploads\/2020\/06\/acg-2023-foto-Ingryd-Oliveira-ACG-02-1024x682.jpg 1024w, https:\/\/www.futbox.com\/blog\/wp-content\/uploads\/2020\/06\/acg-2023-foto-Ingryd-Oliveira-ACG-02-768x512.jpg 768w, https:\/\/www.futbox.com\/blog\/wp-content\/uploads\/2020\/06\/acg-2023-foto-Ingryd-Oliveira-ACG-02-1536x1024.jpg 1536w, https:\/\/www.futbox.com\/blog\/wp-content\/uploads\/2020\/06\/acg-2023-foto-Ingryd-Oliveira-ACG-02-620x413.jpg 620w\" sizes=\"auto, (max-width: 1832px) 100vw, 1832px\" \/><\/a><p class=\"wp-caption-text\">Enxoval com o novo escudo do ACG<\/p><\/div>\n<p>&nbsp;<\/p>\n<div id=\"attachment_11241\" class=\"wp-caption aligncenter\" style=\"width: 2048px\"><a href=\"https:\/\/www.futbox.com\/blog\/wp-content\/uploads\/2020\/06\/acg-2023-foto-Ingryd-Oliveira-ACG-04.jpg\"><img loading=\"lazy\" decoding=\"async\" class=\"wp-image-11241 size-full colorbox-8051\" src=\"https:\/\/www.futbox.com\/blog\/wp-content\/uploads\/2020\/06\/acg-2023-foto-Ingryd-Oliveira-ACG-04.jpg\" alt=\"Bandeira e placar no Est\u00e1dio Ant\u00f4nio Accioly\" width=\"2048\" height=\"1366\" srcset=\"https:\/\/www.futbox.com\/blog\/wp-content\/uploads\/2020\/06\/acg-2023-foto-Ingryd-Oliveira-ACG-04.jpg 2048w, https:\/\/www.futbox.com\/blog\/wp-content\/uploads\/2020\/06\/acg-2023-foto-Ingryd-Oliveira-ACG-04-300x200.jpg 300w, https:\/\/www.futbox.com\/blog\/wp-content\/uploads\/2020\/06\/acg-2023-foto-Ingryd-Oliveira-ACG-04-1024x683.jpg 1024w, https:\/\/www.futbox.com\/blog\/wp-content\/uploads\/2020\/06\/acg-2023-foto-Ingryd-Oliveira-ACG-04-768x512.jpg 768w, https:\/\/www.futbox.com\/blog\/wp-content\/uploads\/2020\/06\/acg-2023-foto-Ingryd-Oliveira-ACG-04-1536x1025.jpg 1536w, https:\/\/www.futbox.com\/blog\/wp-content\/uploads\/2020\/06\/acg-2023-foto-Ingryd-Oliveira-ACG-04-620x414.jpg 620w\" sizes=\"auto, (max-width: 2048px) 100vw, 2048px\" \/><\/a><p class=\"wp-caption-text\">Bandeira e placar no Est\u00e1dio Ant\u00f4nio Accioly<\/p><\/div>\n<p>&nbsp;<\/p>\n<div id=\"attachment_11242\" class=\"wp-caption aligncenter\" style=\"width: 2048px\"><a href=\"https:\/\/www.futbox.com\/blog\/wp-content\/uploads\/2020\/06\/onibus-acg-01.jpg\"><img loading=\"lazy\" decoding=\"async\" class=\"wp-image-11242 size-full colorbox-8051\" src=\"https:\/\/www.futbox.com\/blog\/wp-content\/uploads\/2020\/06\/onibus-acg-01.jpg\" alt=\"Novo \u00f4nibus do ACG\" width=\"2048\" height=\"1365\" srcset=\"https:\/\/www.futbox.com\/blog\/wp-content\/uploads\/2020\/06\/onibus-acg-01.jpg 2048w, https:\/\/www.futbox.com\/blog\/wp-content\/uploads\/2020\/06\/onibus-acg-01-300x200.jpg 300w, https:\/\/www.futbox.com\/blog\/wp-content\/uploads\/2020\/06\/onibus-acg-01-1024x683.jpg 1024w, https:\/\/www.futbox.com\/blog\/wp-content\/uploads\/2020\/06\/onibus-acg-01-768x512.jpg 768w, https:\/\/www.futbox.com\/blog\/wp-content\/uploads\/2020\/06\/onibus-acg-01-1536x1024.jpg 1536w, https:\/\/www.futbox.com\/blog\/wp-content\/uploads\/2020\/06\/onibus-acg-01-620x413.jpg 620w\" sizes=\"auto, (max-width: 2048px) 100vw, 2048px\" \/><\/a><p class=\"wp-caption-text\">Novo \u00f4nibus do ACG<\/p><\/div>\n<p>&nbsp;<\/p>\n<div id=\"attachment_12944\" class=\"wp-caption aligncenter\" style=\"width: 1920px\"><a href=\"https:\/\/www.futbox.com\/blog\/wp-content\/uploads\/2020\/06\/acg-crianca-spfc.png\"><img loading=\"lazy\" decoding=\"async\" class=\"wp-image-12944 size-full colorbox-8051\" src=\"https:\/\/www.futbox.com\/blog\/wp-content\/uploads\/2020\/06\/acg-crianca-spfc.png\" alt=\"Est\u00e1tua Drag\u00e3o e post Conmebol: Novo Escudo do ACG\" width=\"1920\" height=\"1080\" srcset=\"https:\/\/www.futbox.com\/blog\/wp-content\/uploads\/2020\/06\/acg-crianca-spfc.png 1920w, https:\/\/www.futbox.com\/blog\/wp-content\/uploads\/2020\/06\/acg-crianca-spfc-300x169.png 300w, https:\/\/www.futbox.com\/blog\/wp-content\/uploads\/2020\/06\/acg-crianca-spfc-1024x576.png 1024w, https:\/\/www.futbox.com\/blog\/wp-content\/uploads\/2020\/06\/acg-crianca-spfc-768x432.png 768w, https:\/\/www.futbox.com\/blog\/wp-content\/uploads\/2020\/06\/acg-crianca-spfc-1536x864.png 1536w, https:\/\/www.futbox.com\/blog\/wp-content\/uploads\/2020\/06\/acg-crianca-spfc-620x349.png 620w\" sizes=\"auto, (max-width: 1920px) 100vw, 1920px\" \/><\/a><p class=\"wp-caption-text\">Est\u00e1tua Drag\u00e3o e post Conmebol: Novo Escudo do ACG<\/p><\/div>\n<p>&nbsp;<\/p>\n<div id=\"attachment_12946\" class=\"wp-caption aligncenter\" style=\"width: 1536px\"><a href=\"https:\/\/www.futbox.com\/blog\/wp-content\/uploads\/2020\/06\/mural-mkt-acg-artista-Fa\u0301bio-Gomes-foto-Ingryd-Oliveira-1.jpg\"><img loading=\"lazy\" decoding=\"async\" class=\"wp-image-12946 size-full colorbox-8051\" src=\"https:\/\/www.futbox.com\/blog\/wp-content\/uploads\/2020\/06\/mural-mkt-acg-artista-Fa\u0301bio-Gomes-foto-Ingryd-Oliveira-1.jpg\" alt=\"Novo Escudo ACG + Mural do Artista Fa\u0301bio Gomes. Foto: Ingryd Oliveira\" width=\"1536\" height=\"1024\" srcset=\"https:\/\/www.futbox.com\/blog\/wp-content\/uploads\/2020\/06\/mural-mkt-acg-artista-Fa\u0301bio-Gomes-foto-Ingryd-Oliveira-1.jpg 1536w, https:\/\/www.futbox.com\/blog\/wp-content\/uploads\/2020\/06\/mural-mkt-acg-artista-Fa\u0301bio-Gomes-foto-Ingryd-Oliveira-1-300x200.jpg 300w, https:\/\/www.futbox.com\/blog\/wp-content\/uploads\/2020\/06\/mural-mkt-acg-artista-Fa\u0301bio-Gomes-foto-Ingryd-Oliveira-1-1024x683.jpg 1024w, https:\/\/www.futbox.com\/blog\/wp-content\/uploads\/2020\/06\/mural-mkt-acg-artista-Fa\u0301bio-Gomes-foto-Ingryd-Oliveira-1-768x512.jpg 768w, https:\/\/www.futbox.com\/blog\/wp-content\/uploads\/2020\/06\/mural-mkt-acg-artista-Fa\u0301bio-Gomes-foto-Ingryd-Oliveira-1-620x413.jpg 620w\" sizes=\"auto, (max-width: 1536px) 100vw, 1536px\" \/><\/a><p class=\"wp-caption-text\">Novo Escudo ACG + Mural do Artista Fa\u0301bio Gomes. Foto: Ingryd Oliveira<\/p><\/div>\n<p>&nbsp;<\/p>\n<div id=\"attachment_12950\" class=\"wp-caption aligncenter\" style=\"width: 1600px\"><a href=\"https:\/\/www.futbox.com\/blog\/wp-content\/uploads\/2020\/06\/2023-Draga\u0303o-Premium-3.jpg\"><img loading=\"lazy\" decoding=\"async\" class=\"wp-image-12950 size-full colorbox-8051\" src=\"https:\/\/www.futbox.com\/blog\/wp-content\/uploads\/2020\/06\/2023-Draga\u0303o-Premium-3.jpg\" alt=\"Enxoval 2023 ACG\" width=\"1600\" height=\"1059\" srcset=\"https:\/\/www.futbox.com\/blog\/wp-content\/uploads\/2020\/06\/2023-Draga\u0303o-Premium-3.jpg 1600w, https:\/\/www.futbox.com\/blog\/wp-content\/uploads\/2020\/06\/2023-Draga\u0303o-Premium-3-300x199.jpg 300w, https:\/\/www.futbox.com\/blog\/wp-content\/uploads\/2020\/06\/2023-Draga\u0303o-Premium-3-1024x678.jpg 1024w, https:\/\/www.futbox.com\/blog\/wp-content\/uploads\/2020\/06\/2023-Draga\u0303o-Premium-3-768x508.jpg 768w, https:\/\/www.futbox.com\/blog\/wp-content\/uploads\/2020\/06\/2023-Draga\u0303o-Premium-3-1536x1017.jpg 1536w, https:\/\/www.futbox.com\/blog\/wp-content\/uploads\/2020\/06\/2023-Draga\u0303o-Premium-3-620x410.jpg 620w\" sizes=\"auto, (max-width: 1600px) 100vw, 1600px\" \/><\/a><p class=\"wp-caption-text\">Enxoval 2023 ACG<\/p><\/div>\n<p>&nbsp;<\/p>\n<p>O <strong>Futbox<\/strong>, com sede em Belo Horizonte &#8211; MG, j\u00e1 desenvolveu projetos nas \u00e1reas de branding, design e pesquisa hist\u00f3rica para clubes tradicionais do futebol brasileiro como o <strong>Am\u00e9rica-MG<\/strong>, onde revitalizou o escudo e a marca do s\u00f3cio-torcedor do clube em 2017, introduzindo a identidade retr\u00f4, al\u00e9m da cria\u00e7\u00e3o de todo o enxoval 2019, quando criou tamb\u00e9m a marca pr\u00f3pria de material esportivo <strong>Sparta<\/strong>. Outro projeto de grande repercuss\u00e3o foi a cria\u00e7\u00e3o da marca pr\u00f3pria do <strong>Vila Nova-GO &#8211; V43<\/strong>, que teve como slogan de lan\u00e7amento: <em>\u201cPor Dentro Todo Mundo \u00e9 Vermelho\u201d<\/em>.<\/p>\n<p>&nbsp;<\/p>\n<h3><strong>Metodologia dos 3Ts<\/strong><\/h3>\n<p>&nbsp;<\/p>\n<p>Tr\u00eas projetos est\u00e3o em desenvolvimento pelo Futbox nesse exato momento e ser\u00e3o apresentados em breve ao mercado do futebol. Todos s\u00e3o pautados pela <strong>Metodologia dos 3Ts<\/strong>, desenvolvida por Adriano:<\/p>\n<p><em>\u201cO Futbox trabalha em parceria com o <\/em><em>marketing dos clubes e com as empresas que possuem ativa\u00e7\u00e3o no futebol. Isso nos possibilita uma atua\u00e7\u00e3o estrat\u00e9gica no desenvolvimento das solu\u00e7\u00f5es, pois elas precisam, antes de tudo, fazer sentido para o torcedor. A <strong>Metodologia dos 3T<\/strong>s sintetiza os elementos estruturais presentes no universo do futebol: <strong>Tradi\u00e7\u00e3o, Torcida e Trof\u00e9us<\/strong>, onde utiliza a identidade visual dos clubes como ferramenta de gerac\u00e3o de valor e receita para essas institui\u00e7\u00f5es.\u201d<\/em><\/p>\n<p>&nbsp;<\/p>\n<p><a href=\"https:\/\/www.futbox.com\/blog\/wp-content\/uploads\/2020\/06\/3T-2017-face-twt02.jpg\"><img loading=\"lazy\" decoding=\"async\" class=\"aligncenter wp-image-8080 size-full colorbox-8051\" src=\"https:\/\/www.futbox.com\/blog\/wp-content\/uploads\/2020\/06\/3T-2017-face-twt02.jpg\" alt=\"\" width=\"2480\" height=\"1747\" srcset=\"https:\/\/www.futbox.com\/blog\/wp-content\/uploads\/2020\/06\/3T-2017-face-twt02.jpg 2480w, https:\/\/www.futbox.com\/blog\/wp-content\/uploads\/2020\/06\/3T-2017-face-twt02-300x211.jpg 300w, https:\/\/www.futbox.com\/blog\/wp-content\/uploads\/2020\/06\/3T-2017-face-twt02-1024x721.jpg 1024w, https:\/\/www.futbox.com\/blog\/wp-content\/uploads\/2020\/06\/3T-2017-face-twt02-768x541.jpg 768w, https:\/\/www.futbox.com\/blog\/wp-content\/uploads\/2020\/06\/3T-2017-face-twt02-1536x1082.jpg 1536w, https:\/\/www.futbox.com\/blog\/wp-content\/uploads\/2020\/06\/3T-2017-face-twt02-2048x1443.jpg 2048w, https:\/\/www.futbox.com\/blog\/wp-content\/uploads\/2020\/06\/3T-2017-face-twt02-620x437.jpg 620w\" sizes=\"auto, (max-width: 2480px) 100vw, 2480px\" \/><\/a><\/p>\n<p>&nbsp;<\/p>\n<h3><strong>Conte\u00fado e Relev\u00e2ncia<\/strong><\/h3>\n<p>&nbsp;<\/p>\n<p>Recentemente (mar\u00e7o de 2020) foi divulgado o novo relat\u00f3rio da <strong>Liga Insights &#8211; Sports Techs<\/strong>, mais de 16.000 startups, aplicativos, empresas e solu\u00e7\u00f5es foram avaliados em todo o Brasil. O <strong>Futbox<\/strong> foi selecionado entre os 135 neg\u00f3cios (- de 1%) que mais se destacam pelo conte\u00fado e valor que geram ao segmento esportivo.<\/p>\n<p><a href=\"http:\/\/www.bit.ly\/sports-techs\" target=\"_blank\" rel=\"noopener noreferrer\">O relat\u00f3rio completo aqui<\/a>.<\/p>\n<p>&nbsp;<\/p>\n<p><a href=\"https:\/\/www.futbox.com\/blog\/wp-content\/uploads\/2020\/06\/Liga-Insights-Sports-Techs-2020.jpg\"><img loading=\"lazy\" decoding=\"async\" class=\"aligncenter wp-image-8068 size-full colorbox-8051\" src=\"https:\/\/www.futbox.com\/blog\/wp-content\/uploads\/2020\/06\/Liga-Insights-Sports-Techs-2020.jpg\" alt=\"\" width=\"1333\" height=\"928\" srcset=\"https:\/\/www.futbox.com\/blog\/wp-content\/uploads\/2020\/06\/Liga-Insights-Sports-Techs-2020.jpg 1333w, https:\/\/www.futbox.com\/blog\/wp-content\/uploads\/2020\/06\/Liga-Insights-Sports-Techs-2020-300x209.jpg 300w, https:\/\/www.futbox.com\/blog\/wp-content\/uploads\/2020\/06\/Liga-Insights-Sports-Techs-2020-1024x713.jpg 1024w, https:\/\/www.futbox.com\/blog\/wp-content\/uploads\/2020\/06\/Liga-Insights-Sports-Techs-2020-768x535.jpg 768w, https:\/\/www.futbox.com\/blog\/wp-content\/uploads\/2020\/06\/Liga-Insights-Sports-Techs-2020-620x432.jpg 620w\" sizes=\"auto, (max-width: 1333px) 100vw, 1333px\" \/><\/a><\/p>\n<p>&nbsp;<\/p>\n<h3><strong>Repercuss\u00e3o na imprensa<\/strong><\/h3>\n<p>&nbsp;<\/p>\n<p>J\u00e1 nos primeiros instantes ap\u00f3s a divulga\u00e7\u00e3o do escudo a imprensa come\u00e7ou a divulgar a novidade. Com grande aceita\u00e7\u00e3o por parte dos torcedores do Atl\u00e9tico, muitos pedindo para esse ser o \u00fanico escudo estampado nas camisas a partir de agora, o Clube esteve em evid\u00eancia em v\u00e1rios ve\u00edculos, no Brasil e no exterior:<\/p>\n<p>\u2022 <a href=\"https:\/\/globoesporte.globo.com\/go\/futebol\/times\/atletico-go\/noticia\/atletico-go-revela-novo-escudo.ghtml\" target=\"_blank\" rel=\"noopener noreferrer\">Globoesporte<\/a><\/p>\n<p>\u2022 <a href=\"https:\/\/onefootball.com\/pt-br\/noticias\/atletico-go-apresenta-novo-escudo-30229159\" target=\"_blank\" rel=\"noopener noreferrer\">One Football<\/a><\/p>\n<p>\u2022 <a href=\"https:\/\/www.footyheadlines.com\/2020\/06\/new-atletico-goianiense-logo-revealed.html\" target=\"_blank\" rel=\"noopener noreferrer\">Foot HeadLines<\/a><\/p>\n<p>\u2022 <a href=\"https:\/\/www.espn.com.br\/futebol\/artigo\/_\/id\/7065426\/atletico-go-lanca-escudo-com-modelo-futurista\" target=\"_blank\" rel=\"noopener noreferrer\">ESPN.com.br<\/a><\/p>\n<p>\u2022 <a href=\"https:\/\/mantosdofutebol.com.br\/2020\/06\/atletico-go-lanca-novo-escudo-terceiro-oficial\/\" target=\"_blank\" rel=\"noopener noreferrer\">Mantos do Futebol<\/a><\/p>\n<p>\u2022 <a href=\"https:\/\/ataquemarketing.com\/marketing\/novo-escudo-do-atletico-goianiense-como-foi-o-processo-de-criacao\/\" target=\"_blank\" rel=\"noopener noreferrer\">Ataque Marketing<\/a><\/p>\n<p>\u2022 <a href=\"https:\/\/www.futebolnaveia.com.br\/wp\/atletico-go-lanca-novo-escudo\/\" target=\"_blank\" rel=\"noopener noreferrer\">Futebol Na Veia<\/a><\/p>\n<p>\u2022 <a href=\"https:\/\/www.ocuriosodofutebol.com.br\/2020\/06\/atletico-goianiense-lanca-novo-escudo.html\" target=\"_blank\" rel=\"noopener noreferrer\">O Curioso Do Futebol<\/a><\/p>\n<p>\u2022 <a href=\"https:\/\/esportenewsmundo.com.br\/atletico-goianiense-lancara-novo-escudo-nesta-sexta\/\" target=\"_blank\" rel=\"noopener noreferrer\">Esporte News Mundo<\/a><\/p>\n<p>\u2022 <a href=\"https:\/\/www.futebolinterior.com.br\/futebol\/Atletico-GO\/noticias\/2020-06\/atletico-go-se-distancia-do-sao-paulo-e-lanca-escudo-futurista-\" target=\"_blank\" rel=\"noopener noreferrer\">Futebol Interior<\/a><\/p>\n<p>\u2022 <a href=\"https:\/\/extra.globo.com\/esporte\/atletico-go-moderniza-apresenta-seu-novo-escudo-veja-fotos-24489197.html\" target=\"_blank\" rel=\"noopener noreferrer\">Extra<\/a><\/p>\n<p>\u2022 <a href=\"https:\/\/sagresonline.com.br\/atletico-go-lanca-terceiro-escudo-unico-e-futurista\/\" target=\"_blank\" rel=\"noopener noreferrer\">Sagres Online<\/a><\/p>\n<p>\u2022 <a href=\"https:\/\/www.dragaogoiano.com\/atletico-go-anuncia-do-seu-novo-escudo-veja-detalhes-de-como-ficou\/\" target=\"_blank\" rel=\"noopener noreferrer\">Drag\u00e3o Goiano<\/a><\/p>\n<p>\u2022 <a href=\"https:\/\/www.opopular.com.br\/noticias\/esporte\/atl%C3%A9tico-go-lan%C3%A7a-novo-escudo-inspirado-no-passado-e-no-presente-1.2071989\" target=\"_blank\" rel=\"noopener noreferrer\">O Popular<\/a><\/p>\n<p>\u2022 <a href=\"http:\/\/ohoje.com\/noticia\/esporte\/n\/177385\/t\/atletico-goianiense-divulga-novo-escudo\" target=\"_blank\" rel=\"noopener noreferrer\">O Hoje.com<\/a><\/p>\n<p>\u2022 <a href=\"https:\/\/ricmais.com.br\/esportes\/atletico-go-lanca-escudo-com-modelo-futurista\/\" target=\"_blank\" rel=\"noopener noreferrer\">Ricmais<\/a><\/p>\n<p>\u2022 <a href=\"https:\/\/www.uol.com.br\/esporte\/futebol\/ultimas-noticias\/2020\/06\/19\/atletico-go-apresenta-novo-distintivo-mas-nao-abandona-os-anteriores.htm\" target=\"_blank\" rel=\"noopener noreferrer\">UOL<\/a><\/p>\n<p>\u2022 <a href=\"https:\/\/br.noticias.yahoo.com\/atl%C3%A9tico-moderniza-e-apresenta-seu-223336705.html?guccounter=1&amp;guce_referrer=aHR0cHM6Ly93d3cuZ29vZ2xlLmNvbS8&amp;guce_referrer_sig=AQAAAL3F6aWXfsMut9o4vk-Mz0DXN0FYt7Hal25lplrh-KR4vMozo583Sbs-E0YmUAzzKZ9fkS5Qc0Ia0drrcdqxM2pNkFBJa_1CWPjdMU8BqCBVT83KPydqQV5cInIMMWR5JsIwGyCmxy4dWlbasw0eQNYUFzXA7477WXqTQc09R74E\" target=\"_blank\" rel=\"noopener noreferrer\">Yahoo Not\u00edcias<\/a><\/p>\n<p>&nbsp;<\/p>\n<p>&nbsp;<\/p>\n<h3>Veja tamb\u00e9m:<\/h3>\n<p>&nbsp;<\/p>\n<div data-scaffold-immersive-reader-content=\"\">\n<div class=\"reader-article-content reader-article-content--content-blocks\" dir=\"ltr\">\n<p>&nbsp;<\/p>\n<p><a href=\"https:\/\/www.futbox.com\/blog\/clubes\/novo-escudo-oficial-do-crac-clube-recreativo-e-atletico-catalano\" target=\"_blank\" rel=\"noopener\">O novo escudo do CRAC: Clube Recreativo e Atl\u00e9tico Catalano<\/a><\/p>\n<p><a href=\"https:\/\/www.futbox.com\/blog\/clubes\/terceira-camisa-do-londrina-resgate-do-escudo-de-1980-e-versao-retro-da-marca-maxrun\" target=\"_blank\" rel=\"noopener\">Terceira camisa do Londrina: \u201cnovo\u201d escudo de 1980 e vers\u00e3o retr\u00f4 da marca MaxRun<\/a><\/p>\n<p><a href=\"https:\/\/www.futbox.com\/blog\/clubes\/o-novo-escudo-oficial-do-goiatuba-esporte-clube\" target=\"_blank\" rel=\"noopener\">O novo escudo oficial do Goiatuba Esporte Clube<\/a><\/p>\n<div id=\"divSpdInText\">\n<div id=\"divSpdInText\">\n<div id=\"divSpdInText\">\n<p><a href=\"https:\/\/www.futbox.com\/blog\/clubes\/super-mundial-a-diminuicao-do-valor-dos-clubes-pela-entrada-dos-seus-jogadores-em-campo\" target=\"_blank\" rel=\"noopener\">Super Mundial: a diminui\u00e7\u00e3o do valor dos clubes pela entrada dos seus jogadores em campo<\/a><\/p>\n<\/div>\n<\/div>\n<\/div>\n<div id=\"divSpdInText\">\n<div id=\"divSpdInText\">\n<div id=\"divSpdInText\">\n<div id=\"divSpdInText\">\n<div id=\"divSpdInText\">\n<div id=\"divSpdInText\">\n<div id=\"divSpdInText\">\n<p><a href=\"https:\/\/www.futbox.com\/blog\/selecoes\/a-selecao-favorita-para-a-copa-de-2026-pode-nem-se-classificar\" target=\"_blank\" rel=\"noopener\">A sele\u00e7\u00e3o favorita para a Copa de 2026 pode nem se classificar<\/a><\/p>\n<\/div>\n<\/div>\n<\/div>\n<\/div>\n<\/div>\n<\/div>\n<\/div>\n<p><a href=\"https:\/\/www.futbox.com\/blog\/clubes\/londrina-80-25-criacao-dos-uniformes-do-selo-e-da-marca-maxrun\" target=\"_blank\" rel=\"noopener\">Londrina 80\/25: Cria\u00e7\u00e3o dos Uniformes, do Selo e da Marca Maxrun<\/a><\/p>\n<p><a href=\"https:\/\/www.futbox.com\/blog\/clubes\/todos-os-detalhes-da-criacao-dos-uniformes-2025-do-crb\" target=\"_blank\" rel=\"noopener\">Cole\u00e7\u00e3o &#8220;Velho Chico&#8221;: Cria\u00e7\u00e3o dos Uniformes 2025 do CRB<\/a><\/p>\n<div id=\"divSpdInText\">\n<div id=\"divSpdInText\">\n<div id=\"divSpdInText\">\n<p><a href=\"https:\/\/www.futbox.com\/blog\/clubes\/o-paradoxo-de-1987\" target=\"_blank\" rel=\"noopener\">O Paradoxo de 1987<\/a><\/p>\n<\/div>\n<\/div>\n<p><a href=\"https:\/\/www.futbox.com\/blog\/fora-das-4-linhas\/laboratory-rats\" target=\"_blank\" rel=\"noopener\">Laboratoty RATS<\/a><\/p>\n<\/div>\n<p><a href=\"https:\/\/www.futbox.com\/blog\/clubes\/intercontinental-cup\" target=\"_blank\" rel=\"noopener\">INTERCOLONIAL CUP<\/a><\/p>\n<p><a href=\"https:\/\/www.futbox.com\/blog\/clubes\/rapido-e-rasteiro-como-diniz-no-cruzeiro\" target=\"_blank\" rel=\"noopener\">R\u00e1pido e Rasteiro como Diniz no Cruzeiro<\/a><\/p>\n<p><a href=\"https:\/\/www.futbox.com\/blog\/futebol-outros\/vitoria-uma-cronica-sobre-o-futebol-de-varzea\" target=\"_blank\" rel=\"noopener\">Vit\u00f3ria. Uma cr\u00f4nica sobre o futebol de v\u00e1rzea<\/a><\/p>\n<p><a href=\"https:\/\/www.futbox.com\/blog\/futebol-outros\/a-desconstrucao-estetica-e-tatica-do-futebol-brasileiro\" target=\"_blank\" rel=\"noopener\">A desconstru\u00e7\u00e3o est\u00e9tica e t\u00e1tica do futebol brasileiro<\/a><\/p>\n<div id=\"divSpdInText\">\n<div id=\"divSpdInText\">\n<p><a href=\"https:\/\/www.futbox.com\/blog\/futebol-outros\/o-uniforme-da-selecao-brasileira-precisa-ser-do-tamanho-do-brasil-no-futebol\" target=\"_blank\" rel=\"noopener\">O uniforme da sele\u00e7\u00e3o brasileira precisa ser do tamanho do Brasil no futebol<\/a><\/p>\n<\/div>\n<\/div>\n<p id=\"ember407\" class=\"ember-view reader-content-blocks__paragraph\"><a href=\"https:\/\/www.futbox.com\/blog\/futebol-outros\/var-a-inovacao-nao-esta-na-tecnologia-mas-sim-no-comportamento\" target=\"_blank\" rel=\"noopener\">VAR: a inova\u00e7\u00e3o n\u00e3o est\u00e1 na tecnologia, mas sim, no comportamento<\/a><\/p>\n<p id=\"ember408\" class=\"ember-view reader-content-blocks__paragraph\"><a href=\"https:\/\/www.futbox.com\/blog\/futebol-outros\/cinema-streaming-jornalismo-e-a-inversao-total-de-sentido\" target=\"_blank\" rel=\"noopener\">Cinema, Streaming, Jornalismo e a invers\u00e3o total de sentido<\/a><\/p>\n<p id=\"ember409\" class=\"ember-view reader-content-blocks__paragraph\"><a href=\"https:\/\/www.linkedin.com\/pulse\/paradoxo-contempor%25C3%25A2neo-adriano-%25C3%25A1vila-alamy\/?trackingId=vDYq4zqDQpW9gjA251J3qw%3D%3D\" target=\"_blank\" rel=\"noopener\">Paradoxo Contempor\u00e2neo<\/a><\/p>\n<\/div>\n<\/div>\n<p><a href=\"https:\/\/www.futbox.com\/blog\/futebol-outros\/ha-8-anos-acontecia-uma-partida-historica-de-futebol-na-palestina-equipes-de-gaza-e-cisjordania-se-encontravam-apos-15-anos-do-bloqueio-imposto-por-israel#google_vignette\" target=\"_blank\" rel=\"noopener\">H\u00e1 8 anos acontecia uma partida hist\u00f3rica de futebol na Palestina: equipes de Gaza e Cisjord\u00e2nia se encontravam ap\u00f3s 15 anos do bloqueio imposto por Israel<\/a><\/p>\n<p><a href=\"https:\/\/www.futbox.com\/blog\/clubes\/guia-do-mundo-arabe-fc-os-significados-dos-nomes-de-250-clubes-de-23-paises\" target=\"_blank\" rel=\"noopener\">Guia do Mundo \u00c1rabe FC: Os significados dos nomes de 250 clubes de 23 pa\u00edses<\/a><\/p>\n<p><a href=\"https:\/\/www.futbox.com\/blog\/opiniao\/futebol-e-politica\" target=\"_blank\" rel=\"noopener\">Pol\u00edtica FC: Futebol, Cinema e Hist\u00f3ria\u00a0<\/a><\/p>\n<p><a href=\"https:\/\/www.futbox.com\/blog\/fora-das-4-linhas\/para-mulheres-jogar-futebol-ja-foi-caso-de-policia-durante-a-ditadura\" target=\"_blank\" rel=\"noopener\">Para mulheres, jogar futebol j\u00e1 foi caso de pol\u00edcia durante a ditadura<\/a><\/p>\n<p><a href=\"https:\/\/www.futbox.com\/blog\/fora-das-4-linhas\/honduras-contra-el-salvador-a-partida-de-futebol-que-iniciou-uma-guerra\" target=\"_blank\" rel=\"noopener\">Honduras contra El Salvador: A partida de futebol que iniciou uma guerra<\/a><\/p>\n<p><a href=\"https:\/\/www.futbox.com\/blog\/campeonatos\/mundialito-a-copa-que-a-fifa-escondeu\" target=\"_blank\" rel=\"noopener\">Mundialito: a Copa que a Fifa escondeu<\/a><\/p>\n<p><a href=\"https:\/\/www.futbox.com\/blog\/futebol-outros\/fatos-historicos-e-reconhecimentos\" target=\"_blank\" rel=\"noopener\">Fatos Hist\u00f3ricos e Reconhecimentos<\/a><\/p>\n<p><a href=\"https:\/\/www.futbox.com\/blog\/campeonatos\/a-historia-do-campeonato-brasileiro\" target=\"_blank\" rel=\"noopener\">A hist\u00f3ria do Campeonato Brasileiro<\/a><\/p>\n<p><a href=\"https:\/\/www.futbox.com\/blog\/campeonatos\/campeonato-brasileiro-nomenclatura-e-significado-historico\" target=\"_blank\" rel=\"noopener\">Campeonato Brasileiro: nomenclatura e significado hist\u00f3rico<\/a><\/p>\n<p><a href=\"http:\/\/bit.ly\/Futbox3TS\" target=\"_blank\" rel=\"noopener\">Metodologia dos 3Ts: Tradi\u00e7\u00e3o, Torcida e Trof\u00e9us<\/a><\/p>\n<p><a href=\"https:\/\/www.futbox.com\/blog\/opiniao\/10-novas-regras-para-o-futebol\" target=\"_blank\" rel=\"noopener\">10 Novas Regras para o Futebol<\/a><\/p>\n<p><a href=\"https:\/\/www.futbox.com\/blog\/opiniao\/novas-demarcacoes-campo-de-futebol\" target=\"_blank\" rel=\"noopener\">As Novas Demarca\u00e7\u00f5es do Campo de Futebol<\/a><\/p>\n<p><a href=\"https:\/\/www.futbox.com\/blog\/clubes\/novo-calendario-do-futebol-brasileiro-a-partir-da-temporada-2023-24\" target=\"_blank\" rel=\"noopener\">O Novo Calend\u00e1rio do Futebol Brasileiro<\/a><\/p>\n<p>&nbsp;<\/p>\n<div id=\"divSpdInText\">\n<div id=\"divSpdInText\">\n<div class=\"reader-article-content reader-article-content--content-blocks\" dir=\"ltr\">\n<div id=\"divSpdInText\">\n<div id=\"divSpdInText\">\n<div id=\"divSpdInText\">\n<h3>Podcast:<\/h3>\n<p>&nbsp;<\/p>\n<p><strong>Clique nas imagens abaixo<\/strong>\u00a0e confira os bate-papos no\u00a0<strong>Futeboteco (Tomando Uma Com)<\/strong>\u00a0e\u00a0<strong>Bora Pra Resenha Podcast<\/strong>\u00a0onde falamos sobre a revitaliza\u00e7\u00e3o das marcas dos clubes de futebol, sele\u00e7\u00e3o brasileira, calend\u00e1rio, VAR, regras atualizadas, as novas demarca\u00e7\u00f5es do campo e muitas outras curiosidades sobre a hist\u00f3ria do futebol brasileiro e mundial.<\/p>\n<p>&nbsp;<\/p>\n<h3>Futeboteco (Tomando Uma Com):<\/h3>\n<p>&nbsp;<\/p>\n<p><iframe loading=\"lazy\" title=\"YouTube video player\" src=\"https:\/\/www.youtube.com\/embed\/WzVxuF6ISYQ?si=V7wgmFQr_cLV1W-J&amp;start=474\" width=\"560\" height=\"315\" frameborder=\"0\" allowfullscreen=\"allowfullscreen\" data-mce-fragment=\"1\"><\/iframe><\/p>\n<p>&nbsp;<\/p>\n<h3>Bora Pra Resenha:<\/h3>\n<p>&nbsp;<\/p>\n<div id=\"attachment_11607\" class=\"wp-caption alignnone\">\n<div id=\"attachment_11607\" class=\"wp-caption alignnone\" style=\"width: 1920px\"><a href=\"https:\/\/www.youtube.com\/live\/cRa4qmL7bPc?si=cVg48ZR1I5yQkEf0&amp;t=200\" target=\"_blank\" rel=\"noopener\"><img loading=\"lazy\" decoding=\"async\" class=\"colorbox-11196 wp-image-11607 size-full\" title=\"Futbox no Bora Pra Resenha\" src=\"https:\/\/www.futbox.com\/blog\/wp-content\/uploads\/2023\/11\/Bora-pra-Resenha-Adr-Futbox-post.png\" sizes=\"auto, (max-width: 1920px) 100vw, 1920px\" srcset=\"https:\/\/www.futbox.com\/blog\/wp-content\/uploads\/2023\/11\/Bora-pra-Resenha-Adr-Futbox-post.png 1920w, https:\/\/www.futbox.com\/blog\/wp-content\/uploads\/2023\/11\/Bora-pra-Resenha-Adr-Futbox-post-300x300.png 300w, https:\/\/www.futbox.com\/blog\/wp-content\/uploads\/2023\/11\/Bora-pra-Resenha-Adr-Futbox-post-1024x1024.png 1024w, https:\/\/www.futbox.com\/blog\/wp-content\/uploads\/2023\/11\/Bora-pra-Resenha-Adr-Futbox-post-500x500.png 500w, https:\/\/www.futbox.com\/blog\/wp-content\/uploads\/2023\/11\/Bora-pra-Resenha-Adr-Futbox-post-768x768.png 768w, https:\/\/www.futbox.com\/blog\/wp-content\/uploads\/2023\/11\/Bora-pra-Resenha-Adr-Futbox-post-1536x1536.png 1536w, https:\/\/www.futbox.com\/blog\/wp-content\/uploads\/2023\/11\/Bora-pra-Resenha-Adr-Futbox-post-620x620.png 620w, https:\/\/www.futbox.com\/blog\/wp-content\/uploads\/2023\/11\/Bora-pra-Resenha-Adr-Futbox-post-70x70.png 70w\" alt=\"Futbox no Bora Pra Resenha\" width=\"1920\" height=\"1920\" \/><\/a><p class=\"wp-caption-text\">Futbox no Bora Pra Resenha<\/p><\/div>\n<p class=\"wp-caption-text\">\n<\/div>\n<\/div>\n<\/div>\n<\/div>\n<\/div>\n<div id=\"divSpdInText\">\n<div id=\"divSpdInText\">\n<p>&nbsp;<\/p>\n<\/div>\n<\/div>\n<h3>FUTBOX \u2013 Centro de Pesquisa Gr\u00e1fica Sobre Futebol:<\/h3>\n<p>&nbsp;<\/p>\n<\/div>\n<\/div>\n<p><a href=\"https:\/\/linktr.ee\/FUTBOX_Projects\" target=\"_blank\" rel=\"noopener\">Projetos desenvolvidos para clubes de futebol, marcas esportivas, empresas e festivais de cinema<\/a><\/p>\n<p><a href=\"https:\/\/linktr.ee\/futbox_\" target=\"_blank\" rel=\"noopener\">Canais e Redes Sociais<\/a><\/p>\n<p class=\"sc-hKgILt ilsgNQ\"><a href=\"https:\/\/linktr.ee\/adrianoavila\" target=\"_blank\" rel=\"noopener\">Artigos sobre futebol e esporte a partir do equil\u00edbrio entre tradi\u00e7\u00e3o e inova\u00e7\u00e3o<\/a><\/p>\n<p>&nbsp;<\/p>\n","protected":false},"excerpt":{"rendered":"<p>Futbox + departamento de marketing dos clubes de futebol: atua\u00e7\u00e3o estrat\u00e9gica no desenvolvimento de produtos e solu\u00e7\u00f5es que fa\u00e7am sentido para o torcedor.<\/p>\n","protected":false},"author":14,"featured_media":8059,"comment_status":"open","ping_status":"open","sticky":false,"template":"","format":"standard","meta":{"footnotes":""},"categories":[327],"tags":[893,892,941,305,472,943,195,227,543,240,309,217,696,945,448,547,940,944,277,321,404,196,194,519,942,278],"class_list":["post-8051","post","type-post","status-publish","format-standard","has-post-thumbnail","hentry","category-futebol-design","tag-acg","tag-atletico-goianiense","tag-atletico-go","tag-blog","tag-branding","tag-brasao","tag-brasil","tag-brasileirao","tag-campeonato-brasileiro","tag-classico","tag-copa-do-brasil","tag-copa-do-mundo","tag-cr7","tag-crest","tag-cristiano-ronaldo","tag-design","tag-dragao","tag-emblema","tag-escudo","tag-escudos","tag-fifa","tag-futbox","tag-futebol","tag-identidade","tag-rebranding","tag-uniforme"],"_links":{"self":[{"href":"https:\/\/www.futbox.com\/blog\/wp-json\/wp\/v2\/posts\/8051","targetHints":{"allow":["GET"]}}],"collection":[{"href":"https:\/\/www.futbox.com\/blog\/wp-json\/wp\/v2\/posts"}],"about":[{"href":"https:\/\/www.futbox.com\/blog\/wp-json\/wp\/v2\/types\/post"}],"author":[{"embeddable":true,"href":"https:\/\/www.futbox.com\/blog\/wp-json\/wp\/v2\/users\/14"}],"replies":[{"embeddable":true,"href":"https:\/\/www.futbox.com\/blog\/wp-json\/wp\/v2\/comments?post=8051"}],"version-history":[{"count":53,"href":"https:\/\/www.futbox.com\/blog\/wp-json\/wp\/v2\/posts\/8051\/revisions"}],"predecessor-version":[{"id":14147,"href":"https:\/\/www.futbox.com\/blog\/wp-json\/wp\/v2\/posts\/8051\/revisions\/14147"}],"wp:featuredmedia":[{"embeddable":true,"href":"https:\/\/www.futbox.com\/blog\/wp-json\/wp\/v2\/media\/8059"}],"wp:attachment":[{"href":"https:\/\/www.futbox.com\/blog\/wp-json\/wp\/v2\/media?parent=8051"}],"wp:term":[{"taxonomy":"category","embeddable":true,"href":"https:\/\/www.futbox.com\/blog\/wp-json\/wp\/v2\/categories?post=8051"},{"taxonomy":"post_tag","embeddable":true,"href":"https:\/\/www.futbox.com\/blog\/wp-json\/wp\/v2\/tags?post=8051"}],"curies":[{"name":"wp","href":"https:\/\/api.w.org\/{rel}","templated":true}]}}