{"id":9420,"date":"2021-12-01T17:27:46","date_gmt":"2021-12-01T20:27:46","guid":{"rendered":"https:\/\/www.futbox.com\/blog\/?p=9420"},"modified":"2025-02-06T09:46:41","modified_gmt":"2025-02-06T12:46:41","slug":"como-o-barcelona-busca-superar-sua-crise-financeira-e-subir-na-tabela-da-liga-espanhola","status":"publish","type":"post","link":"https:\/\/www.futbox.com\/blog\/clubes\/como-o-barcelona-busca-superar-sua-crise-financeira-e-subir-na-tabela-da-liga-espanhola","title":{"rendered":"Como o Barcelona busca superar sua crise financeira e subir na tabela da liga espanhola"},"content":{"rendered":"<p>O Barcelona cogita vender a prata da casa para aliviar a sua crise financeira ao mesmo tempo em que reflete sobre planos para contratar jogadores consagrados.<\/p>\n<p>O clube catal\u00e3o est\u00e1, atualmente, em s\u00e9timo lugar na <em>&#8220;La Liga&#8221;<\/em>, a liga espanhola. A \u00faltima vez em que o time encerrou a temporada fora das tr\u00eas primeiras posi\u00e7\u00f5es foi em 2003. A s\u00e9tima posi\u00e7\u00e3o n\u00e3o classifica para nenhum torneio internacional.<\/p>\n<p>Na <em>Uefa Champions League<\/em>, o Barcelona \u00e9 o vice-l\u00edder do seu grupo, posi\u00e7\u00e3o que classifica para as oitavas de final. Por\u00e9m, vai enfrentar o poderoso Bayern de Munique na \u00faltima rodada e a derrota pode derrubar os catal\u00e3es para o terceiro lugar.<\/p>\n<p>Ser eliminado precocemente da temporada atual da <em>Champions<\/em> e fracassar na liga espanhola n\u00e3o se classificando para a pr\u00f3xima temporada pode ser fatal para o Bar\u00e7a, onde as pr\u00f3ximas partidas ser\u00e3o fundamentais para o clube. Se voc\u00ea tem boas expectativas sobre os resultados, <a href=\"https:\/\/codigo-promocional-bet.com\/\" target=\"_blank\" rel=\"noopener noreferrer\">confira aqui<\/a> como dar seus palpites.<\/p>\n<p>&nbsp;<\/p>\n<h3><strong>De Jong na vitrine<\/strong><\/h3>\n<p>&nbsp;<\/p>\n<div id=\"attachment_9426\" class=\"wp-caption aligncenter\" style=\"width: 1000px\"><a href=\"https:\/\/www.futbox.com\/blog\/wp-content\/uploads\/2021\/12\/Frenkie-de-Jong-se-machucou-durante-o-u\u0301ltimo-cla\u0301ssico-entre-Barcelona-e-Real-Madrid-Foto-Getty-Images.jpg\"><img loading=\"lazy\" decoding=\"async\" class=\"wp-image-9426 size-full colorbox-9420\" src=\"https:\/\/www.futbox.com\/blog\/wp-content\/uploads\/2021\/12\/Frenkie-de-Jong-se-machucou-durante-o-u\u0301ltimo-cla\u0301ssico-entre-Barcelona-e-Real-Madrid-Foto-Getty-Images.jpg\" alt=\"Frenkie de Jong durante o u\u0301ltimo cla\u0301ssico entre Barcelona e Real Madrid. Foto: Getty Images\" width=\"1000\" height=\"708\" srcset=\"https:\/\/www.futbox.com\/blog\/wp-content\/uploads\/2021\/12\/Frenkie-de-Jong-se-machucou-durante-o-u\u0301ltimo-cla\u0301ssico-entre-Barcelona-e-Real-Madrid-Foto-Getty-Images.jpg 1000w, https:\/\/www.futbox.com\/blog\/wp-content\/uploads\/2021\/12\/Frenkie-de-Jong-se-machucou-durante-o-u\u0301ltimo-cla\u0301ssico-entre-Barcelona-e-Real-Madrid-Foto-Getty-Images-300x212.jpg 300w, https:\/\/www.futbox.com\/blog\/wp-content\/uploads\/2021\/12\/Frenkie-de-Jong-se-machucou-durante-o-u\u0301ltimo-cla\u0301ssico-entre-Barcelona-e-Real-Madrid-Foto-Getty-Images-768x544.jpg 768w, https:\/\/www.futbox.com\/blog\/wp-content\/uploads\/2021\/12\/Frenkie-de-Jong-se-machucou-durante-o-u\u0301ltimo-cla\u0301ssico-entre-Barcelona-e-Real-Madrid-Foto-Getty-Images-620x439.jpg 620w\" sizes=\"auto, (max-width: 1000px) 100vw, 1000px\" \/><\/a><p class=\"wp-caption-text\">Frenkie de Jong durante o u\u0301ltimo cla\u0301ssico entre Barcelona e Real Madrid. Foto: Getty Images<\/p><\/div>\n<p>&nbsp;<\/p>\n<p>Segundo informa\u00e7\u00f5es de bastidores obtidas pela imprensa espanhola, o primeiro escolhido para ser sacrificado pelo Barcelona \u00e9 o meia holand\u00eas Frenkie de Jong.<\/p>\n<p>O clube espera que apare\u00e7am v\u00e1rios interessados por De Jong. O Manchester City j\u00e1 \u00e9 apontado como poss\u00edvel destino para o jogador holand\u00eas.<\/p>\n<p>De Jong, que tem apenas 24 anos e possui um contrato com o Barcelona at\u00e9 2026, foi escolhido por ser jovem e ter uma boa abertura de mercado. O valor dele est\u00e1 em torno de \u20ac 90 milh\u00f5es.<\/p>\n<p>O holand\u00eas havia sido contratado pelo Bar\u00e7a em 2019, depois de participar de uma temporada hist\u00f3rica do Ajax na <em>Champions<\/em>. Na temporada 2020, De Jong foi um dos destaques do clube catal\u00e3o na conquista da Copa do Rei, uma das poucas not\u00edcias positivas que o Barcelona teve nos \u00faltimos tempos.<\/p>\n<p>&nbsp;<\/p>\n<h3><strong>Poss\u00edveis contrata\u00e7\u00f5es<\/strong><\/h3>\n<p>&nbsp;<\/p>\n<p>O gigante catal\u00e3o vive um dilema comum entre clubes em dificuldades econ\u00f4micas: \u00e0s vezes d\u00e1 sinais de que far\u00e1 contrata\u00e7\u00f5es baratas para manter o dinheiro em caixa; em outras, pensa em formar um elenco estelar para melhorar o desempenho e a visibilidade e dessa forma, gerar mais receitas.<\/p>\n<p>Segundo o jornal Mundo Deportivo, o Barcelona estuda a possibilidade de comprar Artur, do Red Bull Bragantino. O atacante de 23 anos \u00e9 um dos destaques da equipe atual do clube paulista, que alcan\u00e7ou a final da Copa Sul-Americana. Ele \u00e9 visto pelo Barcelona como uma op\u00e7\u00e3o barata. O pr\u00f3prio Artur afirmou ter o sonho de jogar no <em>Camp Nou<\/em>.<\/p>\n<p>Outra op\u00e7\u00e3o que pode desembarcar na Catalunha \u00e9 J\u00e9r\u00e9my Doku, que joga no franc\u00eas Rennes. Por\u00e9m, Doku obrigaria o Bar\u00e7a a gastar mais dinheiro. Segundo o portal <em>Todofichajes.com<\/em>, Doku s\u00f3 deve ser contratado pelo Barcelona no caso de Ousmane Demb\u00e9l\u00e9 deixar o clube.<\/p>\n<p>Ao mesmo tempo \u2013 e, aparentemente, em total incoer\u00eancia \u2013 o Bar\u00e7a est\u00e1 interessado em Kylian Mbapp\u00e9, um dos mais valorizados atletas da atualidade. Segundo o jornal AS, o objetivo do clube \u00e9 <em>\u201cdar o chap\u00e9u\u201d<\/em> no Real Madrid, que busca contratar o atacante do Paris Saint-Germain.<\/p>\n<p>O contrato de Mbapp\u00e9 com o PSG termina no fim da temporada atual, o que significa que o Barcelona n\u00e3o precisaria repassar qualquer quantia ao clube parisiense. Ainda assim, o clube catal\u00e3o est\u00e1 disposto a oferecer a quantia assombrosa de \u20ac 90 milh\u00f5es ao atacante. O Real Madrid estaria oferecendo \u20ac 50 milh\u00f5es por Mbapp\u00e9, de acordo com o Jornal AS.<\/p>\n<p>&nbsp;<\/p>\n<h3><strong>A aposta em Xavi<\/strong><\/h3>\n<p>&nbsp;<\/p>\n<div id=\"attachment_9428\" class=\"wp-caption aligncenter\" style=\"width: 1000px\"><a href=\"https:\/\/www.futbox.com\/blog\/wp-content\/uploads\/2021\/12\/Xavi-Herna\u0301ndez-assinou-contrato-ao-lado-de-Joan-Laporta-Foto-Reuters.jpg\"><img loading=\"lazy\" decoding=\"async\" class=\"wp-image-9428 size-full colorbox-9420\" src=\"https:\/\/www.futbox.com\/blog\/wp-content\/uploads\/2021\/12\/Xavi-Herna\u0301ndez-assinou-contrato-ao-lado-de-Joan-Laporta-Foto-Reuters.jpg\" alt=\"Xavi Herna\u0301ndez assinou contrato ao lado de Joan Laporta. Foto: Reuters\" width=\"1000\" height=\"650\" srcset=\"https:\/\/www.futbox.com\/blog\/wp-content\/uploads\/2021\/12\/Xavi-Herna\u0301ndez-assinou-contrato-ao-lado-de-Joan-Laporta-Foto-Reuters.jpg 1000w, https:\/\/www.futbox.com\/blog\/wp-content\/uploads\/2021\/12\/Xavi-Herna\u0301ndez-assinou-contrato-ao-lado-de-Joan-Laporta-Foto-Reuters-300x195.jpg 300w, https:\/\/www.futbox.com\/blog\/wp-content\/uploads\/2021\/12\/Xavi-Herna\u0301ndez-assinou-contrato-ao-lado-de-Joan-Laporta-Foto-Reuters-768x499.jpg 768w, https:\/\/www.futbox.com\/blog\/wp-content\/uploads\/2021\/12\/Xavi-Herna\u0301ndez-assinou-contrato-ao-lado-de-Joan-Laporta-Foto-Reuters-620x403.jpg 620w\" sizes=\"auto, (max-width: 1000px) 100vw, 1000px\" \/><\/a><p class=\"wp-caption-text\">Xavi Herna\u0301ndez assinou contrato ao lado de Joan Laporta. Foto: Reuters<\/p><\/div>\n<p>&nbsp;<\/p>\n<p>A \u00fanica aposta concretizada at\u00e9 o momento foi no novo t\u00e9cnico da equipe. O Barcelona anunciou, no \u00faltimo dia 8, <a href=\"https:\/\/ge.globo.com\/futebol\/futebol-internacional\/futebol-espanhol\/noticia\/xavi-e-apresentado-como-novo-tecnico-do-barcelona-e-diz-vejo-muita-esperanca.ghtml\" target=\"_blank\" rel=\"noopener noreferrer\">Xavi Hern\u00e1ndez no cargo de comando do time<\/a> ap\u00f3s a demiss\u00e3o de Ronald Koeman. No momento da troca de t\u00e9cnico, os catal\u00e3es estavam em nono lugar na tabela da liga espanhola.<\/p>\n<p>Xavi \u00e9 uma pessoa com caracter\u00edsticas \u00fanicas. Ele possui uma mentalidade apurada para aspectos relacionados \u00e0 disposi\u00e7\u00e3o f\u00edsica dos atletas. Como jogador, era capaz de interpretar o posicionamento das equipes em campo como poucos e encontrava espa\u00e7os de maneira incompar\u00e1vel.<\/p>\n<p>Isso levou Xavi a fundar &#8211; em parceria com seu colega de Barcelona, Iker Casillas &#8211; a <em>Kognia Sports Intelligence<\/em>, uma empresa de an\u00e1lise esportiva que \u00e9 sediada na capital catal\u00e3 e que est\u00e1 desenvolvendo um software para analisar jogos com base na ocupa\u00e7\u00e3o de espa\u00e7os.<\/p>\n<p>O intelecto diferenciado de Xavi \u00e9 a esperan\u00e7a do Barcelona para reverter a crise e voltar a viver tempos de gl\u00f3ria, uma quest\u00e3o de honra para <a href=\"https:\/\/www.futbox.com\/blog\/futebol-outros\/mes-que-un-club\" target=\"_blank\" rel=\"noopener noreferrer\">um clube com um significado t\u00e3o importante<\/a> na sociedade da Catalunha.<\/p>\n<p>&nbsp;<\/p>\n<p>Foto de capa: Torcida do FC Barcelona | Reuters<\/p>\n","protected":false},"excerpt":{"rendered":"<p>A \u00fanica aposta concretizada at\u00e9 o momento foi no novo t\u00e9cnico. Como jogador, era capaz de interpretar o posicionamento das equipes em campo como poucos e encontrava espa\u00e7os de maneira incompar\u00e1vel.<\/p>\n","protected":false},"author":14,"featured_media":9422,"comment_status":"closed","ping_status":"open","sticky":false,"template":"","format":"standard","meta":{"footnotes":""},"categories":[2,343],"tags":[193,1209,266,1306,227,1311,1208,1308,543,750,1309,1310,238,696,448,228,1307,498,1046,259,192,819,191,1062,447,387,230,325,255,229,478,1305,1312,577],"class_list":["post-9420","post","type-post","status-publish","format-standard","has-post-thumbnail","hentry","category-clubes","category-parceiros","tag-atletico","tag-atletico-mineiro","tag-atletico-mg","tag-barca","tag-brasileirao","tag-brasileirao-2021","tag-cam","tag-camp-nou","tag-campeonato-brasileiro","tag-campeonato-espanhol","tag-cataluna","tag-catalunha","tag-corinthians","tag-cr7","tag-cristiano-ronaldo","tag-cruzeiro","tag-el-clasico","tag-espanha","tag-fc-barcelona","tag-flamengo","tag-galo","tag-la-liga","tag-libertadores","tag-mes-que-un-club","tag-messi","tag-mundial-de-clubes","tag-palmeiras","tag-real-madrid","tag-santos","tag-sao-paulo","tag-vasco","tag-xavi","tag-xavi-hernandez","tag-zidane"],"_links":{"self":[{"href":"https:\/\/www.futbox.com\/blog\/wp-json\/wp\/v2\/posts\/9420","targetHints":{"allow":["GET"]}}],"collection":[{"href":"https:\/\/www.futbox.com\/blog\/wp-json\/wp\/v2\/posts"}],"about":[{"href":"https:\/\/www.futbox.com\/blog\/wp-json\/wp\/v2\/types\/post"}],"author":[{"embeddable":true,"href":"https:\/\/www.futbox.com\/blog\/wp-json\/wp\/v2\/users\/14"}],"replies":[{"embeddable":true,"href":"https:\/\/www.futbox.com\/blog\/wp-json\/wp\/v2\/comments?post=9420"}],"version-history":[{"count":6,"href":"https:\/\/www.futbox.com\/blog\/wp-json\/wp\/v2\/posts\/9420\/revisions"}],"predecessor-version":[{"id":9430,"href":"https:\/\/www.futbox.com\/blog\/wp-json\/wp\/v2\/posts\/9420\/revisions\/9430"}],"wp:featuredmedia":[{"embeddable":true,"href":"https:\/\/www.futbox.com\/blog\/wp-json\/wp\/v2\/media\/9422"}],"wp:attachment":[{"href":"https:\/\/www.futbox.com\/blog\/wp-json\/wp\/v2\/media?parent=9420"}],"wp:term":[{"taxonomy":"category","embeddable":true,"href":"https:\/\/www.futbox.com\/blog\/wp-json\/wp\/v2\/categories?post=9420"},{"taxonomy":"post_tag","embeddable":true,"href":"https:\/\/www.futbox.com\/blog\/wp-json\/wp\/v2\/tags?post=9420"}],"curies":[{"name":"wp","href":"https:\/\/api.w.org\/{rel}","templated":true}]}}