{"id":9510,"date":"2022-01-20T10:00:45","date_gmt":"2022-01-20T13:00:45","guid":{"rendered":"https:\/\/www.futbox.com\/blog\/?p=9510"},"modified":"2025-12-23T11:08:57","modified_gmt":"2025-12-23T14:08:57","slug":"novo-escudo-oficial-da-aparecidense-em-comemoracao-ao-titulo-brasileiro-da-serie-d-2021","status":"publish","type":"post","link":"https:\/\/www.futbox.com\/blog\/clubes\/novo-escudo-oficial-da-aparecidense-em-comemoracao-ao-titulo-brasileiro-da-serie-d-2021","title":{"rendered":"Novo Escudo Oficial da Aparecidense em Comemora\u00e7\u00e3o ao T\u00edtulo Brasileiro da S\u00e9rie D 2021"},"content":{"rendered":"<p>A <strong>Associa\u00e7\u00e3o Atl\u00e9tica Aparecidense<\/strong> divulgou essa semana o seu novo escudo e monograma oficiais, em comemora\u00e7\u00e3o ao <strong>T\u00edtulo Brasileiro da S\u00e9rie D<\/strong>, conquistado em 2021. O projeto foi desenvolvido pelo <strong>Futbox<\/strong> em parceria com o Clube. Foi a primeira vez na hist\u00f3ria do Campeonato Brasileiro que um clube fora da capital do estado de Goi\u00e1s realizou um feito desse tamanho.<\/p>\n<p>&nbsp;<\/p>\n<div id=\"attachment_11277\" class=\"wp-caption aligncenter\" style=\"width: 1920px\"><a href=\"https:\/\/www.futbox.com\/blog\/wp-content\/uploads\/2022\/01\/blog-aaa-2023-02.png\"><img loading=\"lazy\" decoding=\"async\" class=\"wp-image-11277 size-full colorbox-9510\" src=\"https:\/\/www.futbox.com\/blog\/wp-content\/uploads\/2022\/01\/blog-aaa-2023-02.png\" alt=\"Nova identidade visual da Aparecidense: Escudo e Monograma oficiais\" width=\"1920\" height=\"1080\" srcset=\"https:\/\/www.futbox.com\/blog\/wp-content\/uploads\/2022\/01\/blog-aaa-2023-02.png 1920w, https:\/\/www.futbox.com\/blog\/wp-content\/uploads\/2022\/01\/blog-aaa-2023-02-300x169.png 300w, https:\/\/www.futbox.com\/blog\/wp-content\/uploads\/2022\/01\/blog-aaa-2023-02-1024x576.png 1024w, https:\/\/www.futbox.com\/blog\/wp-content\/uploads\/2022\/01\/blog-aaa-2023-02-768x432.png 768w, https:\/\/www.futbox.com\/blog\/wp-content\/uploads\/2022\/01\/blog-aaa-2023-02-1536x864.png 1536w, https:\/\/www.futbox.com\/blog\/wp-content\/uploads\/2022\/01\/blog-aaa-2023-02-620x349.png 620w\" sizes=\"auto, (max-width: 1920px) 100vw, 1920px\" \/><\/a><p class=\"wp-caption-text\">Nova identidade visual da Aparecidense: Escudo e Monograma oficiais<\/p><\/div>\n<p>&nbsp;<\/p>\n<p>Fundada em 22 de outubro de 1985, a <strong>Aparecidense<\/strong> profissionalizou-se em 1992, quando disputou pela primeira vez um torneio profissional de futebol: a S\u00e9rie B do Campeonato Goiano. De l\u00e1 para c\u00e1 foram muitos desafios para o Camale\u00e3o (mascote do Clube e como tamb\u00e9m \u00e9 conhecida) at\u00e9 culminar no t\u00edtulo brasileiro do ano passado. <strong>Elvis Mendes<\/strong>, Presidente da Aparecidense, falou sobre a import\u00e2ncia do t\u00edtulo:<\/p>\n<p><em>\u201c<\/em><em>O nosso t\u00e3o sonhado acesso \u00e0 S\u00e9rie C e a conquista do T\u00edtulo Brasileiro da S\u00e9rie D foram momentos hist\u00f3ricos para o Clube, para a Cidade de Aparecida de Goi\u00e2nia e para todo o estado de Goi\u00e1s. Agradecemos ao nosso querido Prefeito, Gustavo Mendanha, que sempre nos apoiou. Buscamos melhorias sempre, tanto na estrutura como no futebol, e a partir de agora, na parte visual do Clube envolvendo a moderniza\u00e7\u00e3o da sua marca. Por isso, em parceria com o Futbox, lan\u00e7amos o novo escudo e o monograma oficial da Aparecidense, acompanhando a modernidade e n\u00e3o perdendo sua identidade tradicional. O nosso objetivo \u00e9 celebrar esse grande momento com voc\u00ea, torcedor.&#8221;<\/em><\/p>\n<p>&nbsp;<\/p>\n<h3>Processo Criativo<\/h3>\n<p>&nbsp;<\/p>\n<p>A revitaliza\u00e7\u00e3o visual do escudo, ou redesign, foi assinada por <strong>Adriano \u00c1vila<\/strong>, fundador e CEO do <a href=\"https:\/\/www.futbox.com\/\" target=\"_blank\" rel=\"noopener noreferrer\">Futbox &#8211; Centro de Pesquisa Gr\u00e1fica sobre Futebol<\/a>, que desenvolveu a Metodologia dos 3Ts &#8211; Tradi\u00e7\u00e3o, Torcida e Trof\u00e9us, aplicada em mais esse projeto. Comenta:<\/p>\n<p><em>\u201cO projeto contemplou dois cen\u00e1rios simult\u00e2neos: o redesign do antigo escudo e a cria\u00e7\u00e3o do monograma do Clube, equilibrando dois pontos fundamentais no futebol: tradi\u00e7\u00e3o e inova\u00e7\u00e3o. A revitaliza\u00e7\u00e3o visual foi conservadora preservando o formato circular e eliminando algumas informa\u00e7\u00f5es que se encontravam em conflito dentro do escudo.<\/em><\/p>\n<p>Em paralelo, criamos um novo s\u00edmbolo para a nova composi\u00e7\u00e3o do escudo: o monograma oficial, isto \u00e9, o entrela\u00e7amento dos tr\u00eas \u201cAs\u201d referentes \u00e0s iniciais do nome do Clube, atingindo dessa forma, dois <em>objetivos estrat\u00e9gicos: aumentar as receitas da Aparecidense por meio da sua identidade visual, uma vez que todos os produtos, servi\u00e7os, benef\u00edcios e ativos, f\u00edsicos e digitais, possuem agora seus cat\u00e1logos diversificados com a introdu\u00e7\u00e3o do novo monograma e a aproxima\u00e7\u00e3o do Clube com os h\u00e1bitos e comportamentos dos novos torcedores do S\u00e9culo XXI: jovens e crian\u00e7as, setor principal de crescimento de uma torcida, acostumados a se relacionar com os seus clubes por meio dos ambientes digitais como as redes sociais e transmiss\u00f5es via streaming.\u201d<\/em><\/p>\n<p>Abaixo alguns slides que constaram na apresenta\u00e7\u00e3o do projeto, mostrando o processo criativo e a estrutura gr\u00e1fica presente no escudo revitalizado, al\u00e9m da expans\u00e3o proporcionada em sua nova identidade visual, agora com o monograma:<\/p>\n<p>&nbsp;<\/p>\n<div id=\"attachment_11278\" class=\"wp-caption aligncenter\" style=\"width: 1920px\"><a href=\"https:\/\/www.futbox.com\/blog\/wp-content\/uploads\/2022\/01\/blog-aaa-2023-03.png\"><img loading=\"lazy\" decoding=\"async\" class=\"wp-image-11278 size-full colorbox-9510\" src=\"https:\/\/www.futbox.com\/blog\/wp-content\/uploads\/2022\/01\/blog-aaa-2023-03.png\" alt=\"Sinaliza\u00e7\u00e3o dos pontos que foram evolu\u00eddos dentro do escudo antigo\" width=\"1920\" height=\"1080\" srcset=\"https:\/\/www.futbox.com\/blog\/wp-content\/uploads\/2022\/01\/blog-aaa-2023-03.png 1920w, https:\/\/www.futbox.com\/blog\/wp-content\/uploads\/2022\/01\/blog-aaa-2023-03-300x169.png 300w, https:\/\/www.futbox.com\/blog\/wp-content\/uploads\/2022\/01\/blog-aaa-2023-03-1024x576.png 1024w, https:\/\/www.futbox.com\/blog\/wp-content\/uploads\/2022\/01\/blog-aaa-2023-03-768x432.png 768w, https:\/\/www.futbox.com\/blog\/wp-content\/uploads\/2022\/01\/blog-aaa-2023-03-1536x864.png 1536w, https:\/\/www.futbox.com\/blog\/wp-content\/uploads\/2022\/01\/blog-aaa-2023-03-620x349.png 620w\" sizes=\"auto, (max-width: 1920px) 100vw, 1920px\" \/><\/a><p class=\"wp-caption-text\">Sinaliza\u00e7\u00e3o dos pontos que foram evolu\u00eddos dentro do escudo antigo<\/p><\/div>\n<p>&nbsp;<\/p>\n<div id=\"attachment_11279\" class=\"wp-caption aligncenter\" style=\"width: 1920px\"><a href=\"https:\/\/www.futbox.com\/blog\/wp-content\/uploads\/2022\/01\/blog-aaa-2023-04.png\"><img loading=\"lazy\" decoding=\"async\" class=\"wp-image-11279 size-full colorbox-9510\" src=\"https:\/\/www.futbox.com\/blog\/wp-content\/uploads\/2022\/01\/blog-aaa-2023-04.png\" alt=\"Introdu\u00e7\u00e3o do novo entrela\u00e7amento dos 3 &quot;As&quot; que originou o novo Monograma\" width=\"1920\" height=\"1080\" srcset=\"https:\/\/www.futbox.com\/blog\/wp-content\/uploads\/2022\/01\/blog-aaa-2023-04.png 1920w, https:\/\/www.futbox.com\/blog\/wp-content\/uploads\/2022\/01\/blog-aaa-2023-04-300x169.png 300w, https:\/\/www.futbox.com\/blog\/wp-content\/uploads\/2022\/01\/blog-aaa-2023-04-1024x576.png 1024w, https:\/\/www.futbox.com\/blog\/wp-content\/uploads\/2022\/01\/blog-aaa-2023-04-768x432.png 768w, https:\/\/www.futbox.com\/blog\/wp-content\/uploads\/2022\/01\/blog-aaa-2023-04-1536x864.png 1536w, https:\/\/www.futbox.com\/blog\/wp-content\/uploads\/2022\/01\/blog-aaa-2023-04-620x349.png 620w\" sizes=\"auto, (max-width: 1920px) 100vw, 1920px\" \/><\/a><p class=\"wp-caption-text\">Introdu\u00e7\u00e3o do novo entrela\u00e7amento dos 3 &#8220;As&#8221; que originou o novo Monograma<\/p><\/div>\n<p>&nbsp;<\/p>\n<div id=\"attachment_11280\" class=\"wp-caption aligncenter\" style=\"width: 1920px\"><a href=\"https:\/\/www.futbox.com\/blog\/wp-content\/uploads\/2022\/01\/blog-aaa-2023-05.png\"><img loading=\"lazy\" decoding=\"async\" class=\"wp-image-11280 size-full colorbox-9510\" src=\"https:\/\/www.futbox.com\/blog\/wp-content\/uploads\/2022\/01\/blog-aaa-2023-05.png\" alt=\"Estrutura gr\u00e1fica do novo Escudo oficial da Aparecidense\" width=\"1920\" height=\"1080\" srcset=\"https:\/\/www.futbox.com\/blog\/wp-content\/uploads\/2022\/01\/blog-aaa-2023-05.png 1920w, https:\/\/www.futbox.com\/blog\/wp-content\/uploads\/2022\/01\/blog-aaa-2023-05-300x169.png 300w, https:\/\/www.futbox.com\/blog\/wp-content\/uploads\/2022\/01\/blog-aaa-2023-05-1024x576.png 1024w, https:\/\/www.futbox.com\/blog\/wp-content\/uploads\/2022\/01\/blog-aaa-2023-05-768x432.png 768w, https:\/\/www.futbox.com\/blog\/wp-content\/uploads\/2022\/01\/blog-aaa-2023-05-1536x864.png 1536w, https:\/\/www.futbox.com\/blog\/wp-content\/uploads\/2022\/01\/blog-aaa-2023-05-620x349.png 620w\" sizes=\"auto, (max-width: 1920px) 100vw, 1920px\" \/><\/a><p class=\"wp-caption-text\">Estrutura gr\u00e1fica do novo Escudo oficial da Aparecidense<\/p><\/div>\n<p>&nbsp;<\/p>\n<div id=\"attachment_11281\" class=\"wp-caption aligncenter\" style=\"width: 1920px\"><a href=\"https:\/\/www.futbox.com\/blog\/wp-content\/uploads\/2022\/01\/blog-aaa-2023-06.png\"><img loading=\"lazy\" decoding=\"async\" class=\"wp-image-11281 size-full colorbox-9510\" src=\"https:\/\/www.futbox.com\/blog\/wp-content\/uploads\/2022\/01\/blog-aaa-2023-06.png\" alt=\"Comparativo: Escudos antigo e o Novo (design Futbox)\" width=\"1920\" height=\"1080\" srcset=\"https:\/\/www.futbox.com\/blog\/wp-content\/uploads\/2022\/01\/blog-aaa-2023-06.png 1920w, https:\/\/www.futbox.com\/blog\/wp-content\/uploads\/2022\/01\/blog-aaa-2023-06-300x169.png 300w, https:\/\/www.futbox.com\/blog\/wp-content\/uploads\/2022\/01\/blog-aaa-2023-06-1024x576.png 1024w, https:\/\/www.futbox.com\/blog\/wp-content\/uploads\/2022\/01\/blog-aaa-2023-06-768x432.png 768w, https:\/\/www.futbox.com\/blog\/wp-content\/uploads\/2022\/01\/blog-aaa-2023-06-1536x864.png 1536w, https:\/\/www.futbox.com\/blog\/wp-content\/uploads\/2022\/01\/blog-aaa-2023-06-620x349.png 620w\" sizes=\"auto, (max-width: 1920px) 100vw, 1920px\" \/><\/a><p class=\"wp-caption-text\">Comparativo: Escudos antigo e o Novo (design Futbox)<\/p><\/div>\n<p><em>\u00a0<\/em><\/p>\n<div id=\"attachment_11282\" class=\"wp-caption aligncenter\" style=\"width: 1920px\"><a href=\"https:\/\/www.futbox.com\/blog\/wp-content\/uploads\/2022\/01\/blog-aaa-2023-07.png\"><img loading=\"lazy\" decoding=\"async\" class=\"wp-image-11282 size-full colorbox-9510\" src=\"https:\/\/www.futbox.com\/blog\/wp-content\/uploads\/2022\/01\/blog-aaa-2023-07.png\" alt=\"Marca Aparecidense 2022\" width=\"1920\" height=\"1080\" srcset=\"https:\/\/www.futbox.com\/blog\/wp-content\/uploads\/2022\/01\/blog-aaa-2023-07.png 1920w, https:\/\/www.futbox.com\/blog\/wp-content\/uploads\/2022\/01\/blog-aaa-2023-07-300x169.png 300w, https:\/\/www.futbox.com\/blog\/wp-content\/uploads\/2022\/01\/blog-aaa-2023-07-1024x576.png 1024w, https:\/\/www.futbox.com\/blog\/wp-content\/uploads\/2022\/01\/blog-aaa-2023-07-768x432.png 768w, https:\/\/www.futbox.com\/blog\/wp-content\/uploads\/2022\/01\/blog-aaa-2023-07-1536x864.png 1536w, https:\/\/www.futbox.com\/blog\/wp-content\/uploads\/2022\/01\/blog-aaa-2023-07-620x349.png 620w\" sizes=\"auto, (max-width: 1920px) 100vw, 1920px\" \/><\/a><p class=\"wp-caption-text\">Marca Aparecidense 2022<\/p><\/div>\n<p>&nbsp;<\/p>\n<div id=\"attachment_11283\" class=\"wp-caption aligncenter\" style=\"width: 1920px\"><a href=\"https:\/\/www.futbox.com\/blog\/wp-content\/uploads\/2022\/01\/blog-aaa-2023-08.png\"><img loading=\"lazy\" decoding=\"async\" class=\"wp-image-11283 size-full colorbox-9510\" src=\"https:\/\/www.futbox.com\/blog\/wp-content\/uploads\/2022\/01\/blog-aaa-2023-08.png\" alt=\"Novos Escudo e Monograma Oficiais da Aparecidense\" width=\"1920\" height=\"1080\" srcset=\"https:\/\/www.futbox.com\/blog\/wp-content\/uploads\/2022\/01\/blog-aaa-2023-08.png 1920w, https:\/\/www.futbox.com\/blog\/wp-content\/uploads\/2022\/01\/blog-aaa-2023-08-300x169.png 300w, https:\/\/www.futbox.com\/blog\/wp-content\/uploads\/2022\/01\/blog-aaa-2023-08-1024x576.png 1024w, https:\/\/www.futbox.com\/blog\/wp-content\/uploads\/2022\/01\/blog-aaa-2023-08-768x432.png 768w, https:\/\/www.futbox.com\/blog\/wp-content\/uploads\/2022\/01\/blog-aaa-2023-08-1536x864.png 1536w, https:\/\/www.futbox.com\/blog\/wp-content\/uploads\/2022\/01\/blog-aaa-2023-08-620x349.png 620w\" sizes=\"auto, (max-width: 1920px) 100vw, 1920px\" \/><\/a><p class=\"wp-caption-text\">Novos Escudo e Monograma Oficiais da Aparecidense<\/p><\/div>\n<p>&nbsp;<\/p>\n<div id=\"attachment_11284\" class=\"wp-caption aligncenter\" style=\"width: 1920px\"><a href=\"https:\/\/www.futbox.com\/blog\/wp-content\/uploads\/2022\/01\/blog-aaa-2023-09.png\"><img loading=\"lazy\" decoding=\"async\" class=\"wp-image-11284 size-full colorbox-9510\" src=\"https:\/\/www.futbox.com\/blog\/wp-content\/uploads\/2022\/01\/blog-aaa-2023-09.png\" alt=\"Nova Identidade Visual da Aparecidense\" width=\"1920\" height=\"1080\" srcset=\"https:\/\/www.futbox.com\/blog\/wp-content\/uploads\/2022\/01\/blog-aaa-2023-09.png 1920w, https:\/\/www.futbox.com\/blog\/wp-content\/uploads\/2022\/01\/blog-aaa-2023-09-300x169.png 300w, https:\/\/www.futbox.com\/blog\/wp-content\/uploads\/2022\/01\/blog-aaa-2023-09-1024x576.png 1024w, https:\/\/www.futbox.com\/blog\/wp-content\/uploads\/2022\/01\/blog-aaa-2023-09-768x432.png 768w, https:\/\/www.futbox.com\/blog\/wp-content\/uploads\/2022\/01\/blog-aaa-2023-09-1536x864.png 1536w, https:\/\/www.futbox.com\/blog\/wp-content\/uploads\/2022\/01\/blog-aaa-2023-09-620x349.png 620w\" sizes=\"auto, (max-width: 1920px) 100vw, 1920px\" \/><\/a><p class=\"wp-caption-text\">Nova Identidade Visual da Aparecidense<\/p><\/div>\n<p>&nbsp;<\/p>\n<p>A<strong> nova Marca da Aparecidense entra para o Portif\u00f3lio do Futbox<\/strong>, respons\u00e1vel tamb\u00e9m pelos novos escudos do <a href=\"https:\/\/www.futbox.com\/blog\/clubes\/nova-marca-america-o-primeiro-decacampeao-mundo\" target=\"_blank\" rel=\"noopener noreferrer\">Am\u00e9rica-MG<\/a> e do <a href=\"https:\/\/www.futbox.com\/blog\/futebol-design\/terceiro-escudo-oficial-do-atletico-clube-goianiense\" target=\"_blank\" rel=\"noopener noreferrer\">Atl\u00e9tico Goianiense<\/a>, pela cria\u00e7\u00e3o das marcas pr\u00f3prias de material esportivo: <a href=\"https:\/\/www.futbox.com\/blog\/clubes\/tudo-sobre-o-lancamento-da-marca-sparta\" target=\"_blank\" rel=\"noopener noreferrer\">Sparta<\/a> e <a href=\"https:\/\/www.futbox.com\/blog\/clubes\/v43-por-dentro-todo-mundo-e-vermelho\" target=\"_blank\" rel=\"noopener noreferrer\">V43<\/a>, al\u00e9m da cria\u00e7\u00e3o da <a href=\"https:\/\/www.futbox.com\/blog\/futebol-design\/a-turma-do-coelhao-primeira-temporada-completa\" target=\"_blank\" rel=\"noopener noreferrer\">Turma do Coelh\u00e3o<\/a> e dos <a href=\"https:\/\/www.futbox.com\/blog\/clubes\/tudo-sobre-o-lancamento-da-marca-sparta\" target=\"_blank\" rel=\"noopener noreferrer\">enxovais de 2019 a 2021<\/a> do clube mineiro, e da cocria\u00e7\u00e3o junto \u00e0 Tommer, dos novos uniformes do Atl\u00e9tico Goianiense em 2020\/21.<\/p>\n<p>&nbsp;<\/p>\n<div id=\"attachment_9515\" class=\"wp-caption aligncenter\" style=\"width: 1920px\"><a href=\"https:\/\/www.futbox.com\/blog\/wp-content\/uploads\/2022\/01\/Adr_Futbox_projetos.jpg\"><img loading=\"lazy\" decoding=\"async\" class=\"wp-image-9515 size-full colorbox-9510\" src=\"https:\/\/www.futbox.com\/blog\/wp-content\/uploads\/2022\/01\/Adr_Futbox_projetos.jpg\" alt=\"Projetos Futbox\" width=\"1920\" height=\"1080\" srcset=\"https:\/\/www.futbox.com\/blog\/wp-content\/uploads\/2022\/01\/Adr_Futbox_projetos.jpg 1920w, https:\/\/www.futbox.com\/blog\/wp-content\/uploads\/2022\/01\/Adr_Futbox_projetos-300x169.jpg 300w, https:\/\/www.futbox.com\/blog\/wp-content\/uploads\/2022\/01\/Adr_Futbox_projetos-1024x576.jpg 1024w, https:\/\/www.futbox.com\/blog\/wp-content\/uploads\/2022\/01\/Adr_Futbox_projetos-768x432.jpg 768w, https:\/\/www.futbox.com\/blog\/wp-content\/uploads\/2022\/01\/Adr_Futbox_projetos-1536x864.jpg 1536w, https:\/\/www.futbox.com\/blog\/wp-content\/uploads\/2022\/01\/Adr_Futbox_projetos-620x349.jpg 620w\" sizes=\"auto, (max-width: 1920px) 100vw, 1920px\" \/><\/a><p class=\"wp-caption-text\">Projetos Futbox<\/p><\/div>\n<p>&nbsp;<\/p>\n<div id=\"attachment_9520\" class=\"wp-caption aligncenter\" style=\"width: 2560px\"><a href=\"https:\/\/www.futbox.com\/blog\/wp-content\/uploads\/2022\/01\/Turma-Coelhao-Logo-Futbox.jpg\"><img loading=\"lazy\" decoding=\"async\" class=\"wp-image-9520 size-full colorbox-9510\" src=\"https:\/\/www.futbox.com\/blog\/wp-content\/uploads\/2022\/01\/Turma-Coelhao-Logo-Futbox.jpg\" alt=\"A Turma do Coelh\u00e3o! Cria\u00e7\u00e3o: Futbox Cartoons\" width=\"2560\" height=\"1440\" srcset=\"https:\/\/www.futbox.com\/blog\/wp-content\/uploads\/2022\/01\/Turma-Coelhao-Logo-Futbox.jpg 2560w, https:\/\/www.futbox.com\/blog\/wp-content\/uploads\/2022\/01\/Turma-Coelhao-Logo-Futbox-300x169.jpg 300w, https:\/\/www.futbox.com\/blog\/wp-content\/uploads\/2022\/01\/Turma-Coelhao-Logo-Futbox-1024x576.jpg 1024w, https:\/\/www.futbox.com\/blog\/wp-content\/uploads\/2022\/01\/Turma-Coelhao-Logo-Futbox-768x432.jpg 768w, https:\/\/www.futbox.com\/blog\/wp-content\/uploads\/2022\/01\/Turma-Coelhao-Logo-Futbox-1536x864.jpg 1536w, https:\/\/www.futbox.com\/blog\/wp-content\/uploads\/2022\/01\/Turma-Coelhao-Logo-Futbox-2048x1152.jpg 2048w, https:\/\/www.futbox.com\/blog\/wp-content\/uploads\/2022\/01\/Turma-Coelhao-Logo-Futbox-620x349.jpg 620w\" sizes=\"auto, (max-width: 2560px) 100vw, 2560px\" \/><\/a><p class=\"wp-caption-text\">A Turma do Coelh\u00e3o! Cria\u00e7\u00e3o: Futbox Cartoons<\/p><\/div>\n<p>&nbsp;<\/p>\n<p>A estreia do novo escudo acontecer\u00e1 no Campeonato Goiano de 2022, no jogo contra o Vila Nova, onde a Aparecidense apresentar\u00e1 tamb\u00e9m o seu novo uniforme, confeccionado pela <a href=\"https:\/\/tolledosports.com.br\/\" target=\"_blank\" rel=\"noopener noreferrer\">Tolledo Sports<\/a>. O t\u00edtulo brasileiro da Aparecidense colocou em evid\u00eancia n\u00e3o s\u00f3 o Clube, mas toda a cidade de Aparecida de Goi\u00e2ncia. Na avalia\u00e7\u00e3o do Prefeito de Aparecida, <strong>Gustavo Mendanha<\/strong>, formado tamb\u00e9m em Educa\u00e7\u00e3o F\u00edsica, a atua\u00e7\u00e3o da Aparecidense divulgou a maior cidade do interior do Centro-Oeste nos cen\u00e1rios nacional e internacional:<\/p>\n<p><em>\u201cO ent\u00e3o Prefeito Maguito Vilela, como o Jo\u00e3o Rodrigues Coc\u00e1, que infelizmente foram v\u00edtimas da Covid, iniciaram essa trajet\u00f3ria de sucesso da Aparecidense em 2009. Sempre busquei apoiar o Clube como torcedor e continuo agora, como prefeito. O futebol contribui para constru\u00e7\u00e3o da identidade cultural do nosso povo, al\u00e9m de divulgar positivamente a cidade de Aparecida em todo o Brasil e mundo afora\u201d<\/em>.<\/p>\n<p>&nbsp;<\/p>\n<div id=\"attachment_11285\" class=\"wp-caption aligncenter\" style=\"width: 1920px\"><a href=\"https:\/\/www.futbox.com\/blog\/wp-content\/uploads\/2022\/01\/blog-aaa-2023-10.png\"><img loading=\"lazy\" decoding=\"async\" class=\"wp-image-11285 size-full colorbox-9510\" src=\"https:\/\/www.futbox.com\/blog\/wp-content\/uploads\/2022\/01\/blog-aaa-2023-10.png\" alt=\"Divulga\u00e7\u00e3o do novo Escudo do Clube junto \u00e0 Prefeitura de Aparecida de Goi\u00e2nia\" width=\"1920\" height=\"1080\" srcset=\"https:\/\/www.futbox.com\/blog\/wp-content\/uploads\/2022\/01\/blog-aaa-2023-10.png 1920w, https:\/\/www.futbox.com\/blog\/wp-content\/uploads\/2022\/01\/blog-aaa-2023-10-300x169.png 300w, https:\/\/www.futbox.com\/blog\/wp-content\/uploads\/2022\/01\/blog-aaa-2023-10-1024x576.png 1024w, https:\/\/www.futbox.com\/blog\/wp-content\/uploads\/2022\/01\/blog-aaa-2023-10-768x432.png 768w, https:\/\/www.futbox.com\/blog\/wp-content\/uploads\/2022\/01\/blog-aaa-2023-10-1536x864.png 1536w, https:\/\/www.futbox.com\/blog\/wp-content\/uploads\/2022\/01\/blog-aaa-2023-10-620x349.png 620w\" sizes=\"auto, (max-width: 1920px) 100vw, 1920px\" \/><\/a><p class=\"wp-caption-text\">Divulga\u00e7\u00e3o do novo Escudo do Clube junto \u00e0 Prefeitura de Aparecida de Goi\u00e2nia<\/p><\/div>\n<p>&nbsp;<\/p>\n<p>Agora \u00e9 torcer pelo Clube no Estadual e, principalmente, no <a href=\"https:\/\/www.futbox.com\/pt\/campeonatos#!brasileirao-serie-c\" target=\"_blank\" rel=\"noopener noreferrer\">Brasileir\u00e3o da S\u00e9rie C<\/a> e torcer por mais uma boa campanha do Camale\u00e3o, <em>\u201conde o Azul, Branco e Dourado estriverem!\u201d<\/em><\/p>\n<p>&nbsp;<\/p>\n<div id=\"attachment_11258\" class=\"wp-caption aligncenter\" style=\"width: 2048px\"><a href=\"https:\/\/www.futbox.com\/blog\/wp-content\/uploads\/2022\/01\/2023-06.jpg\"><img loading=\"lazy\" decoding=\"async\" class=\"wp-image-11258 size-full colorbox-9510\" src=\"https:\/\/www.futbox.com\/blog\/wp-content\/uploads\/2022\/01\/2023-06.jpg\" alt=\"Detalhe do novo escudo da Aparecidense\" width=\"2048\" height=\"1367\" srcset=\"https:\/\/www.futbox.com\/blog\/wp-content\/uploads\/2022\/01\/2023-06.jpg 2048w, https:\/\/www.futbox.com\/blog\/wp-content\/uploads\/2022\/01\/2023-06-300x200.jpg 300w, https:\/\/www.futbox.com\/blog\/wp-content\/uploads\/2022\/01\/2023-06-1024x684.jpg 1024w, https:\/\/www.futbox.com\/blog\/wp-content\/uploads\/2022\/01\/2023-06-768x513.jpg 768w, https:\/\/www.futbox.com\/blog\/wp-content\/uploads\/2022\/01\/2023-06-1536x1025.jpg 1536w, https:\/\/www.futbox.com\/blog\/wp-content\/uploads\/2022\/01\/2023-06-620x414.jpg 620w\" sizes=\"auto, (max-width: 2048px) 100vw, 2048px\" \/><\/a><p class=\"wp-caption-text\">Detalhe do novo escudo da Aparecidense<\/p><\/div>\n<p>&nbsp;<\/p>\n<div id=\"attachment_11259\" class=\"wp-caption aligncenter\" style=\"width: 2560px\"><a href=\"https:\/\/www.futbox.com\/blog\/wp-content\/uploads\/2022\/01\/2023-aparecidense-alex-henrique-foto-wigor-vieira.jpg\"><img loading=\"lazy\" decoding=\"async\" class=\"wp-image-11259 size-full colorbox-9510\" src=\"https:\/\/www.futbox.com\/blog\/wp-content\/uploads\/2022\/01\/2023-aparecidense-alex-henrique-foto-wigor-vieira.jpg\" alt=\"Novo escudo da Aparecidense \" width=\"2560\" height=\"1707\" srcset=\"https:\/\/www.futbox.com\/blog\/wp-content\/uploads\/2022\/01\/2023-aparecidense-alex-henrique-foto-wigor-vieira.jpg 2560w, https:\/\/www.futbox.com\/blog\/wp-content\/uploads\/2022\/01\/2023-aparecidense-alex-henrique-foto-wigor-vieira-300x200.jpg 300w, https:\/\/www.futbox.com\/blog\/wp-content\/uploads\/2022\/01\/2023-aparecidense-alex-henrique-foto-wigor-vieira-1024x683.jpg 1024w, https:\/\/www.futbox.com\/blog\/wp-content\/uploads\/2022\/01\/2023-aparecidense-alex-henrique-foto-wigor-vieira-768x512.jpg 768w, https:\/\/www.futbox.com\/blog\/wp-content\/uploads\/2022\/01\/2023-aparecidense-alex-henrique-foto-wigor-vieira-1536x1024.jpg 1536w, https:\/\/www.futbox.com\/blog\/wp-content\/uploads\/2022\/01\/2023-aparecidense-alex-henrique-foto-wigor-vieira-2048x1366.jpg 2048w, https:\/\/www.futbox.com\/blog\/wp-content\/uploads\/2022\/01\/2023-aparecidense-alex-henrique-foto-wigor-vieira-620x413.jpg 620w\" sizes=\"auto, (max-width: 2560px) 100vw, 2560px\" \/><\/a><p class=\"wp-caption-text\">Novo escudo da Aparecidense<\/p><\/div>\n<p>&nbsp;<\/p>\n<h3>Repercuss\u00e3o na imprensa<\/h3>\n<p>&nbsp;<\/p>\n<p>&#8211; <a href=\"https:\/\/mantosdofutebol.com.br\/2022\/01\/aa-aparecidense-novo-escudo-monograma-2022\" target=\"_blank\" rel=\"noopener\">Mantos do Futebol<\/a><\/p>\n<p>&#8211; <a href=\"https:\/\/www.mktesportivo.com\/2022\/01\/aparecidense-apresenta-novo-escudo-em-comemoracao-ao-titulo-da-serie-d\" target=\"_blank\" rel=\"noopener\">Marketing Esportivo<\/a><\/p>\n<p>&#8211; <a href=\"https:\/\/ohoje.com\/noticia\/esporte\/n\/1372737\/t\/aparecidense-anuncia-nova-identidade-visual-e-monograma-em-novo-escudo\" target=\"_blank\" rel=\"noopener\">O Hoje<\/a><\/p>\n<p>&#8211; <a href=\"https:\/\/www.maisgoias.com.br\/esportes\/em-comemoracao-ao-titulo-da-serie-d-aparecidense-divulga-o-novo-escudo-do-clube\" target=\"_blank\" rel=\"noopener\">Mais Goi\u00e1s<\/a><\/p>\n<p>&#8211; <a href=\"https:\/\/esportegoiano.com.br\/aparecidense-divulga-novo-escudo\" target=\"_blank\" rel=\"noopener\">Esporte Goiano<\/a><\/p>\n<p>&#8211; <a href=\"https:\/\/globoplay.globo.com\/v\/10220097\/?s=0s\" target=\"_blank\" rel=\"noopener\">Globo Esporte<\/a><\/p>\n<p>&#8211; <a href=\"https:\/\/radiobandeirantesgoiania.com.br\/aparecidense-divulga-novo-escudo-apos-titulo-da-serie-d\" target=\"_blank\" rel=\"noopener\">Radio Bandeirantes<\/a><\/p>\n<p>&nbsp;<\/p>\n<h3>Sobre a Metodologia dos 3Ts<\/h3>\n<p>&nbsp;<\/p>\n<p>Mais dois projetos est\u00e3o em desenvolvimento pelo Futbox nesse exato momento e ser\u00e3o apresentados em breve ao mercado do futebol. Todos s\u00e3o pautados pela <a href=\"http:\/\/bit.ly\/Futbox3TS\" target=\"_blank\" rel=\"noopener noreferrer\">Metodologia dos 3Ts: Tradi\u00e7\u00e3o, Torcida e Trof\u00e9us<\/a>, desenvolvida por Adriano:<\/p>\n<p><em>\u201cO Futbox trabalha em parceria com o <\/em><em>marketing dos clubes e com as empresas que possuem ativa\u00e7\u00e3o no futebol. Isso nos possibilita uma atua\u00e7\u00e3o estrat\u00e9gica no desenvolvimento das solu\u00e7\u00f5es, pois elas precisam, antes de tudo, fazer sentido para o torcedor. A <strong>Metodologia dos 3Ts<\/strong> sintetiza os elementos estruturais presentes no universo do futebol: <strong>Tradi\u00e7\u00e3o, Torcida e Trof\u00e9us<\/strong>, onde utiliza a identidade visual dos clubes como ferramenta de gerac\u00e3o de valor e receita para essas institui\u00e7\u00f5es.\u201d<\/em><\/p>\n<p>&nbsp;<\/p>\n<div id=\"attachment_9522\" class=\"wp-caption aligncenter\" style=\"width: 1342px\"><a href=\"https:\/\/www.futbox.com\/blog\/wp-content\/uploads\/2022\/01\/apres-Futbox-tela-3Ts-01.png\"><img loading=\"lazy\" decoding=\"async\" class=\"wp-image-9522 size-full colorbox-9510\" src=\"https:\/\/www.futbox.com\/blog\/wp-content\/uploads\/2022\/01\/apres-Futbox-tela-3Ts-01.png\" alt=\"Metodologia dos 3Ts: Tradi\u00e7\u00e3o, Torcida e Trof\u00e9us\" width=\"1342\" height=\"753\" srcset=\"https:\/\/www.futbox.com\/blog\/wp-content\/uploads\/2022\/01\/apres-Futbox-tela-3Ts-01.png 1342w, https:\/\/www.futbox.com\/blog\/wp-content\/uploads\/2022\/01\/apres-Futbox-tela-3Ts-01-300x168.png 300w, https:\/\/www.futbox.com\/blog\/wp-content\/uploads\/2022\/01\/apres-Futbox-tela-3Ts-01-1024x575.png 1024w, https:\/\/www.futbox.com\/blog\/wp-content\/uploads\/2022\/01\/apres-Futbox-tela-3Ts-01-768x431.png 768w, https:\/\/www.futbox.com\/blog\/wp-content\/uploads\/2022\/01\/apres-Futbox-tela-3Ts-01-620x348.png 620w\" sizes=\"auto, (max-width: 1342px) 100vw, 1342px\" \/><\/a><p class=\"wp-caption-text\">Metodologia dos 3Ts: Tradi\u00e7\u00e3o, Torcida e Trof\u00e9us<\/p><\/div>\n<p>&nbsp;<\/p>\n<p>&nbsp;<\/p>\n<h3>Veja tamb\u00e9m:<\/h3>\n<p>&nbsp;<\/p>\n<div data-scaffold-immersive-reader-content=\"\">\n<div class=\"reader-article-content reader-article-content--content-blocks\" dir=\"ltr\">\n<p>&nbsp;<\/p>\n<p><a href=\"https:\/\/www.futbox.com\/blog\/clubes\/novo-escudo-oficial-do-crac-clube-recreativo-e-atletico-catalano\" target=\"_blank\" rel=\"noopener\">O novo escudo do CRAC: Clube Recreativo e Atl\u00e9tico Catalano<\/a><\/p>\n<p><a href=\"https:\/\/www.futbox.com\/blog\/clubes\/terceira-camisa-do-londrina-resgate-do-escudo-de-1980-e-versao-retro-da-marca-maxrun\" target=\"_blank\" rel=\"noopener\">Terceira camisa do Londrina: \u201cnovo\u201d escudo de 1980 e vers\u00e3o retr\u00f4 da marca MaxRun<\/a><\/p>\n<p><a href=\"https:\/\/www.futbox.com\/blog\/clubes\/o-novo-escudo-oficial-do-goiatuba-esporte-clube\" target=\"_blank\" rel=\"noopener\">O novo escudo oficial do Goiatuba Esporte Clube<\/a><\/p>\n<div id=\"divSpdInText\">\n<div id=\"divSpdInText\">\n<div id=\"divSpdInText\">\n<p><a href=\"https:\/\/www.futbox.com\/blog\/clubes\/super-mundial-a-diminuicao-do-valor-dos-clubes-pela-entrada-dos-seus-jogadores-em-campo\" target=\"_blank\" rel=\"noopener\">Super Mundial: a diminui\u00e7\u00e3o do valor dos clubes pela entrada dos seus jogadores em campo<\/a><\/p>\n<\/div>\n<\/div>\n<\/div>\n<div id=\"divSpdInText\">\n<div id=\"divSpdInText\">\n<div id=\"divSpdInText\">\n<div id=\"divSpdInText\">\n<div id=\"divSpdInText\">\n<div id=\"divSpdInText\">\n<div id=\"divSpdInText\">\n<p><a href=\"https:\/\/www.futbox.com\/blog\/selecoes\/a-selecao-favorita-para-a-copa-de-2026-pode-nem-se-classificar\" target=\"_blank\" rel=\"noopener\">A sele\u00e7\u00e3o favorita para a Copa de 2026 pode nem se classificar<\/a><\/p>\n<\/div>\n<\/div>\n<\/div>\n<\/div>\n<\/div>\n<\/div>\n<\/div>\n<p><a href=\"https:\/\/www.futbox.com\/blog\/clubes\/londrina-80-25-criacao-dos-uniformes-do-selo-e-da-marca-maxrun\" target=\"_blank\" rel=\"noopener\">Londrina 80\/25: Cria\u00e7\u00e3o dos Uniformes, do Selo e da Marca Maxrun<\/a><\/p>\n<p><a href=\"https:\/\/www.futbox.com\/blog\/clubes\/todos-os-detalhes-da-criacao-dos-uniformes-2025-do-crb\" target=\"_blank\" rel=\"noopener\">Cole\u00e7\u00e3o &#8220;Velho Chico&#8221;: Cria\u00e7\u00e3o dos Uniformes 2025 do CRB<\/a><\/p>\n<div id=\"divSpdInText\">\n<div id=\"divSpdInText\">\n<div id=\"divSpdInText\">\n<p><a href=\"https:\/\/www.futbox.com\/blog\/clubes\/o-paradoxo-de-1987\" target=\"_blank\" rel=\"noopener\">O Paradoxo de 1987<\/a><\/p>\n<\/div>\n<\/div>\n<p><a href=\"https:\/\/www.futbox.com\/blog\/fora-das-4-linhas\/laboratory-rats\" target=\"_blank\" rel=\"noopener\">Laboratoty RATS<\/a><\/p>\n<\/div>\n<p><a href=\"https:\/\/www.futbox.com\/blog\/clubes\/intercontinental-cup\" target=\"_blank\" rel=\"noopener\">INTERCOLONIAL CUP<\/a><\/p>\n<p><a href=\"https:\/\/www.futbox.com\/blog\/clubes\/rapido-e-rasteiro-como-diniz-no-cruzeiro\" target=\"_blank\" rel=\"noopener\">R\u00e1pido e Rasteiro como Diniz no Cruzeiro<\/a><\/p>\n<p><a href=\"https:\/\/www.futbox.com\/blog\/futebol-outros\/vitoria-uma-cronica-sobre-o-futebol-de-varzea\" target=\"_blank\" rel=\"noopener\">Vit\u00f3ria. Uma cr\u00f4nica sobre o futebol de v\u00e1rzea<\/a><\/p>\n<p><a href=\"https:\/\/www.futbox.com\/blog\/futebol-outros\/a-desconstrucao-estetica-e-tatica-do-futebol-brasileiro\" target=\"_blank\" rel=\"noopener\">A desconstru\u00e7\u00e3o est\u00e9tica e t\u00e1tica do futebol brasileiro<\/a><\/p>\n<div id=\"divSpdInText\">\n<div id=\"divSpdInText\">\n<p><a href=\"https:\/\/www.futbox.com\/blog\/futebol-outros\/o-uniforme-da-selecao-brasileira-precisa-ser-do-tamanho-do-brasil-no-futebol\" target=\"_blank\" rel=\"noopener\">O uniforme da sele\u00e7\u00e3o brasileira precisa ser do tamanho do Brasil no futebol<\/a><\/p>\n<\/div>\n<\/div>\n<p id=\"ember407\" class=\"ember-view reader-content-blocks__paragraph\"><a href=\"https:\/\/www.futbox.com\/blog\/futebol-outros\/var-a-inovacao-nao-esta-na-tecnologia-mas-sim-no-comportamento\" target=\"_blank\" rel=\"noopener\">VAR: a inova\u00e7\u00e3o n\u00e3o est\u00e1 na tecnologia, mas sim, no comportamento<\/a><\/p>\n<p id=\"ember408\" class=\"ember-view reader-content-blocks__paragraph\"><a href=\"https:\/\/www.futbox.com\/blog\/futebol-outros\/cinema-streaming-jornalismo-e-a-inversao-total-de-sentido\" target=\"_blank\" rel=\"noopener\">Cinema, Streaming, Jornalismo e a invers\u00e3o total de sentido<\/a><\/p>\n<p id=\"ember409\" class=\"ember-view reader-content-blocks__paragraph\"><a href=\"https:\/\/www.linkedin.com\/pulse\/paradoxo-contempor%25C3%25A2neo-adriano-%25C3%25A1vila-alamy\/?trackingId=vDYq4zqDQpW9gjA251J3qw%3D%3D\" target=\"_blank\" rel=\"noopener\">Paradoxo Contempor\u00e2neo<\/a><\/p>\n<\/div>\n<\/div>\n<p><a href=\"https:\/\/www.futbox.com\/blog\/futebol-outros\/ha-8-anos-acontecia-uma-partida-historica-de-futebol-na-palestina-equipes-de-gaza-e-cisjordania-se-encontravam-apos-15-anos-do-bloqueio-imposto-por-israel#google_vignette\" target=\"_blank\" rel=\"noopener\">H\u00e1 8 anos acontecia uma partida hist\u00f3rica de futebol na Palestina: equipes de Gaza e Cisjord\u00e2nia se encontravam ap\u00f3s 15 anos do bloqueio imposto por Israel<\/a><\/p>\n<p><a href=\"https:\/\/www.futbox.com\/blog\/clubes\/guia-do-mundo-arabe-fc-os-significados-dos-nomes-de-250-clubes-de-23-paises\" target=\"_blank\" rel=\"noopener\">Guia do Mundo \u00c1rabe FC: Os significados dos nomes de 250 clubes de 23 pa\u00edses<\/a><\/p>\n<p><a href=\"https:\/\/www.futbox.com\/blog\/opiniao\/futebol-e-politica\" target=\"_blank\" rel=\"noopener\">Pol\u00edtica FC: Futebol, Cinema e Hist\u00f3ria\u00a0<\/a><\/p>\n<p><a href=\"https:\/\/www.futbox.com\/blog\/fora-das-4-linhas\/para-mulheres-jogar-futebol-ja-foi-caso-de-policia-durante-a-ditadura\" target=\"_blank\" rel=\"noopener\">Para mulheres, jogar futebol j\u00e1 foi caso de pol\u00edcia durante a ditadura<\/a><\/p>\n<p><a href=\"https:\/\/www.futbox.com\/blog\/fora-das-4-linhas\/honduras-contra-el-salvador-a-partida-de-futebol-que-iniciou-uma-guerra\" target=\"_blank\" rel=\"noopener\">Honduras contra El Salvador: A partida de futebol que iniciou uma guerra<\/a><\/p>\n<p><a href=\"https:\/\/www.futbox.com\/blog\/campeonatos\/mundialito-a-copa-que-a-fifa-escondeu\" target=\"_blank\" rel=\"noopener\">Mundialito: a Copa que a Fifa escondeu<\/a><\/p>\n<p><a href=\"https:\/\/www.futbox.com\/blog\/futebol-outros\/fatos-historicos-e-reconhecimentos\" target=\"_blank\" rel=\"noopener\">Fatos Hist\u00f3ricos e Reconhecimentos<\/a><\/p>\n<p><a href=\"https:\/\/www.futbox.com\/blog\/campeonatos\/a-historia-do-campeonato-brasileiro\" target=\"_blank\" rel=\"noopener\">A hist\u00f3ria do Campeonato Brasileiro<\/a><\/p>\n<p><a href=\"https:\/\/www.futbox.com\/blog\/campeonatos\/campeonato-brasileiro-nomenclatura-e-significado-historico\" target=\"_blank\" rel=\"noopener\">Campeonato Brasileiro: nomenclatura e significado hist\u00f3rico<\/a><\/p>\n<p><a href=\"http:\/\/bit.ly\/Futbox3TS\" target=\"_blank\" rel=\"noopener\">Metodologia dos 3Ts: Tradi\u00e7\u00e3o, Torcida e Trof\u00e9us<\/a><\/p>\n<p><a href=\"https:\/\/www.futbox.com\/blog\/opiniao\/10-novas-regras-para-o-futebol\" target=\"_blank\" rel=\"noopener\">10 Novas Regras para o Futebol<\/a><\/p>\n<p><a href=\"https:\/\/www.futbox.com\/blog\/opiniao\/novas-demarcacoes-campo-de-futebol\" target=\"_blank\" rel=\"noopener\">As Novas Demarca\u00e7\u00f5es do Campo de Futebol<\/a><\/p>\n<p><a href=\"https:\/\/www.futbox.com\/blog\/clubes\/novo-calendario-do-futebol-brasileiro-a-partir-da-temporada-2023-24\" target=\"_blank\" rel=\"noopener\">O Novo Calend\u00e1rio do Futebol Brasileiro<\/a><\/p>\n<p>&nbsp;<\/p>\n<div id=\"divSpdInText\">\n<div id=\"divSpdInText\">\n<div class=\"reader-article-content reader-article-content--content-blocks\" dir=\"ltr\">\n<div id=\"divSpdInText\">\n<div id=\"divSpdInText\">\n<div id=\"divSpdInText\">\n<h3>Podcast:<\/h3>\n<p>&nbsp;<\/p>\n<p><strong>Clique nas imagens abaixo<\/strong>\u00a0e confira os bate-papos no\u00a0<strong>Futeboteco (Tomando Uma Com)<\/strong>\u00a0e\u00a0<strong>Bora Pra Resenha Podcast<\/strong>\u00a0onde falamos sobre a revitaliza\u00e7\u00e3o das marcas dos clubes de futebol, sele\u00e7\u00e3o brasileira, calend\u00e1rio, VAR, regras atualizadas, as novas demarca\u00e7\u00f5es do campo e muitas outras curiosidades sobre a hist\u00f3ria do futebol brasileiro e mundial.<\/p>\n<p>&nbsp;<\/p>\n<h3>Futeboteco (Tomando Uma Com):<\/h3>\n<p>&nbsp;<\/p>\n<p><iframe loading=\"lazy\" title=\"YouTube video player\" src=\"https:\/\/www.youtube.com\/embed\/WzVxuF6ISYQ?si=V7wgmFQr_cLV1W-J&amp;start=474\" width=\"560\" height=\"315\" frameborder=\"0\" allowfullscreen=\"allowfullscreen\" data-mce-fragment=\"1\"><\/iframe><\/p>\n<p>&nbsp;<\/p>\n<h3>Bora Pra Resenha:<\/h3>\n<p>&nbsp;<\/p>\n<div id=\"attachment_11607\" class=\"wp-caption alignnone\">\n<div id=\"attachment_11607\" class=\"wp-caption alignnone\" style=\"width: 1920px\"><a href=\"https:\/\/www.youtube.com\/live\/cRa4qmL7bPc?si=cVg48ZR1I5yQkEf0&amp;t=200\" target=\"_blank\" rel=\"noopener\"><img loading=\"lazy\" decoding=\"async\" class=\"colorbox-11196 wp-image-11607 size-full\" title=\"Futbox no Bora Pra Resenha\" src=\"https:\/\/www.futbox.com\/blog\/wp-content\/uploads\/2023\/11\/Bora-pra-Resenha-Adr-Futbox-post.png\" sizes=\"auto, (max-width: 1920px) 100vw, 1920px\" srcset=\"https:\/\/www.futbox.com\/blog\/wp-content\/uploads\/2023\/11\/Bora-pra-Resenha-Adr-Futbox-post.png 1920w, https:\/\/www.futbox.com\/blog\/wp-content\/uploads\/2023\/11\/Bora-pra-Resenha-Adr-Futbox-post-300x300.png 300w, https:\/\/www.futbox.com\/blog\/wp-content\/uploads\/2023\/11\/Bora-pra-Resenha-Adr-Futbox-post-1024x1024.png 1024w, https:\/\/www.futbox.com\/blog\/wp-content\/uploads\/2023\/11\/Bora-pra-Resenha-Adr-Futbox-post-500x500.png 500w, https:\/\/www.futbox.com\/blog\/wp-content\/uploads\/2023\/11\/Bora-pra-Resenha-Adr-Futbox-post-768x768.png 768w, https:\/\/www.futbox.com\/blog\/wp-content\/uploads\/2023\/11\/Bora-pra-Resenha-Adr-Futbox-post-1536x1536.png 1536w, https:\/\/www.futbox.com\/blog\/wp-content\/uploads\/2023\/11\/Bora-pra-Resenha-Adr-Futbox-post-620x620.png 620w, https:\/\/www.futbox.com\/blog\/wp-content\/uploads\/2023\/11\/Bora-pra-Resenha-Adr-Futbox-post-70x70.png 70w\" alt=\"Futbox no Bora Pra Resenha\" width=\"1920\" height=\"1920\" \/><\/a><p class=\"wp-caption-text\">Futbox no Bora Pra Resenha<\/p><\/div>\n<p class=\"wp-caption-text\">\n<\/div>\n<\/div>\n<\/div>\n<\/div>\n<\/div>\n<div id=\"divSpdInText\">\n<div id=\"divSpdInText\">\n<p>&nbsp;<\/p>\n<\/div>\n<\/div>\n<h3>FUTBOX \u2013 Centro de Pesquisa Gr\u00e1fica Sobre Futebol:<\/h3>\n<p>&nbsp;<\/p>\n<\/div>\n<\/div>\n<p><a href=\"https:\/\/linktr.ee\/FUTBOX_Projects\" target=\"_blank\" rel=\"noopener\">Projetos desenvolvidos para clubes de futebol, marcas esportivas, empresas e festivais de cinema<\/a><\/p>\n<p><a href=\"https:\/\/linktr.ee\/futbox_\" target=\"_blank\" rel=\"noopener\">Canais e Redes Sociais<\/a><\/p>\n<p class=\"sc-hKgILt ilsgNQ\"><a href=\"https:\/\/linktr.ee\/adrianoavila\" target=\"_blank\" rel=\"noopener\">Artigos sobre futebol e esporte a partir do equil\u00edbrio entre tradi\u00e7\u00e3o e inova\u00e7\u00e3o<\/a><\/p>\n<p>&nbsp;<\/p>\n","protected":false},"excerpt":{"rendered":"<p>Conhe\u00e7a o processo criativo desenvolvido pelo Futbox, por tr\u00e1s da nova identidade visual da Aparecidense: o primeiro campe\u00e3o brasileiro do interior do estado de Goi\u00e1s.<\/p>\n","protected":false},"author":14,"featured_media":11276,"comment_status":"open","ping_status":"open","sticky":false,"template":"","format":"standard","meta":{"footnotes":""},"categories":[2,327],"tags":[893,897,983,533,534,1338,892,1209,266,254,214,1208,898,362,348,569,784,783,309,217,238,696,448,228,547,277,404,259,215,196,192,1340,231,332,621,823,268,447,1342,387,461,230,570,339,505,942,1341,1154,490,952,1324,255,229,961,958,962,963,781,1233,479,1320,478,1339],"class_list":["post-9510","post","type-post","status-publish","format-standard","has-post-thumbnail","hentry","category-clubes","category-futebol-design","tag-acg","tag-adriano-avila","tag-afc","tag-america-mg","tag-america-mineiro","tag-aparecidense","tag-atletico-goianiense","tag-atletico-mineiro","tag-atletico-mg","tag-bahia","tag-botafogo","tag-cam","tag-campeonato-goiano","tag-cbf","tag-chelsea","tag-clube-do-remo","tag-coelhao","tag-coelho","tag-copa-do-brasil","tag-copa-do-mundo","tag-corinthians","tag-cr7","tag-cristiano-ronaldo","tag-cruzeiro","tag-design","tag-escudo","tag-fifa","tag-flamengo","tag-fluminense","tag-futbox","tag-galo","tag-gioanao","tag-goias","tag-gremio","tag-identidade-visual","tag-inter","tag-internacional","tag-messi","tag-monograma","tag-mundial-de-clubes","tag-neymar","tag-palmeiras","tag-paysandu","tag-psg","tag-raposa","tag-rebranding","tag-redesign","tag-remo","tag-ronaldo","tag-ronaldo-fenomeno","tag-saf","tag-santos","tag-sao-paulo","tag-serie-a","tag-serie-b","tag-serie-c","tag-serie-d","tag-sparta","tag-spfc","tag-sport","tag-supercopa-do-brasil","tag-vasco","tag-volt"],"_links":{"self":[{"href":"https:\/\/www.futbox.com\/blog\/wp-json\/wp\/v2\/posts\/9510","targetHints":{"allow":["GET"]}}],"collection":[{"href":"https:\/\/www.futbox.com\/blog\/wp-json\/wp\/v2\/posts"}],"about":[{"href":"https:\/\/www.futbox.com\/blog\/wp-json\/wp\/v2\/types\/post"}],"author":[{"embeddable":true,"href":"https:\/\/www.futbox.com\/blog\/wp-json\/wp\/v2\/users\/14"}],"replies":[{"embeddable":true,"href":"https:\/\/www.futbox.com\/blog\/wp-json\/wp\/v2\/comments?post=9510"}],"version-history":[{"count":27,"href":"https:\/\/www.futbox.com\/blog\/wp-json\/wp\/v2\/posts\/9510\/revisions"}],"predecessor-version":[{"id":14149,"href":"https:\/\/www.futbox.com\/blog\/wp-json\/wp\/v2\/posts\/9510\/revisions\/14149"}],"wp:featuredmedia":[{"embeddable":true,"href":"https:\/\/www.futbox.com\/blog\/wp-json\/wp\/v2\/media\/11276"}],"wp:attachment":[{"href":"https:\/\/www.futbox.com\/blog\/wp-json\/wp\/v2\/media?parent=9510"}],"wp:term":[{"taxonomy":"category","embeddable":true,"href":"https:\/\/www.futbox.com\/blog\/wp-json\/wp\/v2\/categories?post=9510"},{"taxonomy":"post_tag","embeddable":true,"href":"https:\/\/www.futbox.com\/blog\/wp-json\/wp\/v2\/tags?post=9510"}],"curies":[{"name":"wp","href":"https:\/\/api.w.org\/{rel}","templated":true}]}}